{"id":106498,"date":"2025-07-06T21:12:37","date_gmt":"2025-07-07T03:12:37","guid":{"rendered":"https:\/\/elmetropolitano.com.gt\/es\/?p=106498"},"modified":"2025-07-06T21:12:37","modified_gmt":"2025-07-07T03:12:37","slug":"arevalo-honra-apoyo-internacional-la-defensa-democratica-es-una-tarea-compartida","status":"publish","type":"post","link":"https:\/\/elmetropolitano.com.gt\/es\/arevalo-honra-apoyo-internacional-la-defensa-democratica-es-una-tarea-compartida\/","title":{"rendered":"Ar\u00e9valo honra apoyo internacional: \u00abLa defensa democr\u00e1tica es una tarea compartida\u00bb"},"content":{"rendered":"\n<p><a><\/a>Durante la presentaci\u00f3n del libro Diplomacia de crisis: Guatemala, la OEA y la Esperanza democr\u00e1tica en 2023 del embajador dominicano Josu\u00e9 Fiallo, en la Feria Internacional del Libro Universitario (Filgua), el presidente Bernardo Ar\u00e9valo destac\u00f3 la importancia del respaldo internacional en la defensa de la democracia guatemalteca durante la crisis poselectoral de 2023.<\/p>\n\n\n\n<p>Ar\u00e9valo calific\u00f3 el libro como un testimonio clave del papel que jug\u00f3 la diplomacia en la preservaci\u00f3n del orden democr\u00e1tico en el pa\u00eds.<\/p><div class=\"elmet-contenido\" id=\"elmet-12768888\"><div class=\"elmet-adlabel\">Anuncios<\/div><div style=\"margin-top: 20px;margin-right: 20px;margin-bottom: 20px;margin-left: 20px;\" id=\"elmet-2879567559\"><a href=\"https:\/\/www.facebook.com\/arrincuanantigua\/\" aria-label=\"cintillo-arrin-cual\"><img loading=\"lazy\" decoding=\"async\" src=\"https:\/\/elmetropolitano.com.gt\/es\/wp-content\/uploads\/2021\/11\/cintillo-arrin-cual-1.jpg\" alt=\"\"  srcset=\"https:\/\/elmetropolitano.com.gt\/es\/wp-content\/uploads\/2021\/11\/cintillo-arrin-cual-1.jpg 750w, https:\/\/elmetropolitano.com.gt\/es\/wp-content\/uploads\/2021\/11\/cintillo-arrin-cual-1-300x36.jpg 300w, https:\/\/elmetropolitano.com.gt\/es\/wp-content\/uploads\/2021\/11\/cintillo-arrin-cual-1-600x72.jpg 600w\" sizes=\"(max-width: 750px) 100vw, 750px\" width=\"750\" height=\"90\"   \/><\/a><\/div><\/div>\n\n\n\n<p>La defensa democr\u00e1tica es una tarea compartida que requiere el compromiso sostenido de ciudadanos, organizaciones sociales, autoridades nacionales y organismos multilaterales.<\/p>\n\n\n\n<p>El presidente agradeci\u00f3 a Diallo por su papel protag\u00f3nico en la Organizaci\u00f3n de Estados Americanos (OEA), se\u00f1alando que sus intervenciones fueron firmes, valientes y con una carga emocional que conect\u00f3 con millones de guatemaltecos.<\/p>\n\n\n\n<p>Asimismo, record\u00f3 al fallecido embajador Francisco Villagr\u00e1n, quien, sin t\u00edtulo oficial, desempe\u00f1\u00f3 un rol clave durante la transici\u00f3n de gobierno en Washington.<\/p>\n\n\n\n<p>El libro Diplomacia de crisis<\/p>\n\n\n\n<p>Sobre el contenido del libro, Ar\u00e9valo destac\u00f3 su riqueza narrativa y anal\u00edtica, as\u00ed como la propuesta de una agenda hemisf\u00e9rica para fortalecer los mecanismos regionales ante amenazas autoritarias.<\/p>\n\n\n\n<p>Adem\u00e1s, indic\u00f3 que el texto invita a repensar qu\u00e9 entendemos por democracia en Am\u00e9rica Latina.<\/p>\n\n\n\n<p>Este libro no solo cuenta lo que ocurri\u00f3, sino que nos convoca a actuar.<\/p>\n\n\n\n<p>Concluy\u00f3 el mandatario, reiterando que la lucha democr\u00e1tica no termina con una elecci\u00f3n, sino que se sostiene desde la acci\u00f3n colectiva local e internacional<\/p>\n\n\n\n<p><a href=\"https:\/\/www.facebook.com\/hashtag\/filgua?__eep__=6&amp;__cft__[0]=AZXg1U_2-1QUVS_BQoEHIeO6PgmjbbxrsZ6V3-9D0weodD7pZ3CRGb3CkTjXkhFK8kcd4nmGMSKUwIR_Sc69GJg-rHnFbk4iL4XjQJnMbCHKlFejPfQ7TxkP0YkFVsRgaGohsFHE8wj-_2PcY5jZ5C3bf3nfm5ia4D-WhA2-BmEXeVHQXy5Yyh8knhTQ_UujRrSK6c6ehr3EdnA4lA0G1mr-&amp;__tn__=*NK-R\">#Filgua<\/a><a href=\"https:\/\/www.facebook.com\/hashtag\/libros?__eep__=6&amp;__cft__[0]=AZXg1U_2-1QUVS_BQoEHIeO6PgmjbbxrsZ6V3-9D0weodD7pZ3CRGb3CkTjXkhFK8kcd4nmGMSKUwIR_Sc69GJg-rHnFbk4iL4XjQJnMbCHKlFejPfQ7TxkP0YkFVsRgaGohsFHE8wj-_2PcY5jZ5C3bf3nfm5ia4D-WhA2-BmEXeVHQXy5Yyh8knhTQ_UujRrSK6c6ehr3EdnA4lA0G1mr-&amp;__tn__=*NK-R\">#Libros<\/a><a href=\"https:\/\/www.facebook.com\/hashtag\/metroredes?__eep__=6&amp;__cft__[0]=AZXg1U_2-1QUVS_BQoEHIeO6PgmjbbxrsZ6V3-9D0weodD7pZ3CRGb3CkTjXkhFK8kcd4nmGMSKUwIR_Sc69GJg-rHnFbk4iL4XjQJnMbCHKlFejPfQ7TxkP0YkFVsRgaGohsFHE8wj-_2PcY5jZ5C3bf3nfm5ia4D-WhA2-BmEXeVHQXy5Yyh8knhTQ_UujRrSK6c6ehr3EdnA4lA0G1mr-&amp;__tn__=*NK-R\">#metroredes<\/a><a href=\"https:\/\/www.facebook.com\/hashtag\/diplomaciadecrisis?__eep__=6&amp;__cft__[0]=AZXg1U_2-1QUVS_BQoEHIeO6PgmjbbxrsZ6V3-9D0weodD7pZ3CRGb3CkTjXkhFK8kcd4nmGMSKUwIR_Sc69GJg-rHnFbk4iL4XjQJnMbCHKlFejPfQ7TxkP0YkFVsRgaGohsFHE8wj-_2PcY5jZ5C3bf3nfm5ia4D-WhA2-BmEXeVHQXy5Yyh8knhTQ_UujRrSK6c6ehr3EdnA4lA0G1mr-&amp;__tn__=*NK-R\">#DiplomaciaDeCrisis<\/a><a href=\"https:\/\/www.facebook.com\/hashtag\/oea?__eep__=6&amp;__cft__[0]=AZXg1U_2-1QUVS_BQoEHIeO6PgmjbbxrsZ6V3-9D0weodD7pZ3CRGb3CkTjXkhFK8kcd4nmGMSKUwIR_Sc69GJg-rHnFbk4iL4XjQJnMbCHKlFejPfQ7TxkP0YkFVsRgaGohsFHE8wj-_2PcY5jZ5C3bf3nfm5ia4D-WhA2-BmEXeVHQXy5Yyh8knhTQ_UujRrSK6c6ehr3EdnA4lA0G1mr-&amp;__tn__=*NK-R\">#Oea<\/a><\/p>\n\n\n\n<figure class=\"wp-block-gallery has-nested-images columns-default is-cropped wp-block-gallery-1 is-layout-flex wp-block-gallery-is-layout-flex\">\n<figure class=\"wp-block-image size-large\"><img loading=\"lazy\" decoding=\"async\" width=\"582\" height=\"340\" data-id=\"106500\" src=\"https:\/\/elmetropolitano.com.gt\/es\/wp-content\/uploads\/2025\/07\/515864697_1266048815521199_7233538115743669803_n.jpg\" alt=\"\" class=\"wp-image-106500\" srcset=\"https:\/\/elmetropolitano.com.gt\/es\/wp-content\/uploads\/2025\/07\/515864697_1266048815521199_7233538115743669803_n.jpg 582w, https:\/\/elmetropolitano.com.gt\/es\/wp-content\/uploads\/2025\/07\/515864697_1266048815521199_7233538115743669803_n-300x175.jpg 300w\" sizes=\"auto, (max-width: 582px) 100vw, 582px\" \/><\/figure>\n\n\n\n<figure class=\"wp-block-image size-large\"><img loading=\"lazy\" decoding=\"async\" width=\"1024\" height=\"768\" data-id=\"106502\" src=\"https:\/\/elmetropolitano.com.gt\/es\/wp-content\/uploads\/2025\/07\/517345454_1266048985521182_6367294694833465423_n-1-1024x768.jpg\" alt=\"\" class=\"wp-image-106502\" srcset=\"https:\/\/elmetropolitano.com.gt\/es\/wp-content\/uploads\/2025\/07\/517345454_1266048985521182_6367294694833465423_n-1-1024x768.jpg 1024w, https:\/\/elmetropolitano.com.gt\/es\/wp-content\/uploads\/2025\/07\/517345454_1266048985521182_6367294694833465423_n-1-300x225.jpg 300w, https:\/\/elmetropolitano.com.gt\/es\/wp-content\/uploads\/2025\/07\/517345454_1266048985521182_6367294694833465423_n-1-768x576.jpg 768w, https:\/\/elmetropolitano.com.gt\/es\/wp-content\/uploads\/2025\/07\/517345454_1266048985521182_6367294694833465423_n-1-1536x1152.jpg 1536w, https:\/\/elmetropolitano.com.gt\/es\/wp-content\/uploads\/2025\/07\/517345454_1266048985521182_6367294694833465423_n-1.jpg 2048w\" sizes=\"auto, (max-width: 1024px) 100vw, 1024px\" \/><\/figure>\n\n\n\n<figure class=\"wp-block-image size-large\"><img loading=\"lazy\" decoding=\"async\" width=\"768\" height=\"1024\" data-id=\"106501\" src=\"https:\/\/elmetropolitano.com.gt\/es\/wp-content\/uploads\/2025\/07\/517394120_1266048995521181_8740530129490054391_n-768x1024.jpg\" alt=\"\" class=\"wp-image-106501\" srcset=\"https:\/\/elmetropolitano.com.gt\/es\/wp-content\/uploads\/2025\/07\/517394120_1266048995521181_8740530129490054391_n-768x1024.jpg 768w, https:\/\/elmetropolitano.com.gt\/es\/wp-content\/uploads\/2025\/07\/517394120_1266048995521181_8740530129490054391_n-225x300.jpg 225w, https:\/\/elmetropolitano.com.gt\/es\/wp-content\/uploads\/2025\/07\/517394120_1266048995521181_8740530129490054391_n-1152x1536.jpg 1152w, https:\/\/elmetropolitano.com.gt\/es\/wp-content\/uploads\/2025\/07\/517394120_1266048995521181_8740530129490054391_n.jpg 1536w\" sizes=\"auto, (max-width: 768px) 100vw, 768px\" \/><\/figure>\n<\/figure>\n","protected":false},"excerpt":{"rendered":"<p>Durante la presentaci\u00f3n del libro Diplomacia de crisis: Guatemala, la OEA y la Esperanza democr\u00e1tica en 2023 del embajador dominicano Josu\u00e9 Fiallo, en la Feria Internacional del Libro Universitario (Filgua), el presidente Bernardo Ar\u00e9valo destac\u00f3 la importancia del respaldo internacional en la defensa de la democracia guatemalteca durante la crisis poselectoral de 2023. Ar\u00e9valo calific\u00f3 <a class=\"read-more\" href=\"https:\/\/elmetropolitano.com.gt\/es\/arevalo-honra-apoyo-internacional-la-defensa-democratica-es-una-tarea-compartida\/\">Leer m\u00e1s<\/a><\/p>\n","protected":false},"author":1,"featured_media":106499,"comment_status":"open","ping_status":"closed","sticky":false,"template":"","format":"standard","meta":{"footnotes":""},"categories":[29],"tags":[30],"class_list":["post-106498","post","type-post","status-publish","format-standard","has-post-thumbnail","hentry","category-culturales","tag-culturales"],"_links":{"self":[{"href":"https:\/\/elmetropolitano.com.gt\/es\/wp-json\/wp\/v2\/posts\/106498","targetHints":{"allow":["GET"]}}],"collection":[{"href":"https:\/\/elmetropolitano.com.gt\/es\/wp-json\/wp\/v2\/posts"}],"about":[{"href":"https:\/\/elmetropolitano.com.gt\/es\/wp-json\/wp\/v2\/types\/post"}],"author":[{"embeddable":true,"href":"https:\/\/elmetropolitano.com.gt\/es\/wp-json\/wp\/v2\/users\/1"}],"replies":[{"embeddable":true,"href":"https:\/\/elmetropolitano.com.gt\/es\/wp-json\/wp\/v2\/comments?post=106498"}],"version-history":[{"count":1,"href":"https:\/\/elmetropolitano.com.gt\/es\/wp-json\/wp\/v2\/posts\/106498\/revisions"}],"predecessor-version":[{"id":106503,"href":"https:\/\/elmetropolitano.com.gt\/es\/wp-json\/wp\/v2\/posts\/106498\/revisions\/106503"}],"wp:featuredmedia":[{"embeddable":true,"href":"https:\/\/elmetropolitano.com.gt\/es\/wp-json\/wp\/v2\/media\/106499"}],"wp:attachment":[{"href":"https:\/\/elmetropolitano.com.gt\/es\/wp-json\/wp\/v2\/media?parent=106498"}],"wp:term":[{"taxonomy":"category","embeddable":true,"href":"https:\/\/elmetropolitano.com.gt\/es\/wp-json\/wp\/v2\/categories?post=106498"},{"taxonomy":"post_tag","embeddable":true,"href":"https:\/\/elmetropolitano.com.gt\/es\/wp-json\/wp\/v2\/tags?post=106498"}],"curies":[{"name":"wp","href":"https:\/\/api.w.org\/{rel}","templated":true}]}}