{"id":106906,"date":"2025-07-11T18:22:32","date_gmt":"2025-07-12T00:22:32","guid":{"rendered":"https:\/\/elmetropolitano.com.gt\/es\/?p=106906"},"modified":"2025-07-11T18:22:33","modified_gmt":"2025-07-12T00:22:33","slug":"la-dgt-fortalece-dialogo-con-transportistas-del-norte-del-pais","status":"publish","type":"post","link":"https:\/\/elmetropolitano.com.gt\/es\/la-dgt-fortalece-dialogo-con-transportistas-del-norte-del-pais\/","title":{"rendered":"La DGT fortalece di\u00e1logo con transportistas del norte del pa\u00eds"},"content":{"rendered":"\n<p><a><\/a>Con el compromiso de avanzar hacia una gesti\u00f3n moderna, eficiente y transparente, el director general de Transportes, Mynor Gonz\u00e1lez Henriquez, junto a su equipo de trabajo, sostuvo una reuni\u00f3n de acercamiento y capacitaci\u00f3n con representantes de la Asociaci\u00f3n de Transportistas \u201cVentana al Mundo Maya\u201d, conformada por operadores de la regi\u00f3n Norte del pa\u00eds.<\/p>\n\n\n\n<p>El encuentro, realizado a solicitud de los transportistas, permiti\u00f3 conocer de primera mano sus principales necesidades, entre las cuales destacan la agilizaci\u00f3n de la renovaci\u00f3n de licencias, permisos temporales, el registro de pilotos y otros tr\u00e1mites administrativos.<\/p><div class=\"elmet-contenido\" id=\"elmet-1795751420\"><div class=\"elmet-adlabel\">Anuncios<\/div><div style=\"margin-top: 20px;margin-right: 20px;margin-bottom: 20px;margin-left: 20px;\" id=\"elmet-3747953201\"><a href=\"https:\/\/www.facebook.com\/arrincuanantigua\/\" aria-label=\"cintillo-arrin-cual\"><img loading=\"lazy\" decoding=\"async\" src=\"https:\/\/elmetropolitano.com.gt\/es\/wp-content\/uploads\/2021\/11\/cintillo-arrin-cual-1.jpg\" alt=\"\"  srcset=\"https:\/\/elmetropolitano.com.gt\/es\/wp-content\/uploads\/2021\/11\/cintillo-arrin-cual-1.jpg 750w, https:\/\/elmetropolitano.com.gt\/es\/wp-content\/uploads\/2021\/11\/cintillo-arrin-cual-1-300x36.jpg 300w, https:\/\/elmetropolitano.com.gt\/es\/wp-content\/uploads\/2021\/11\/cintillo-arrin-cual-1-600x72.jpg 600w\" sizes=\"(max-width: 750px) 100vw, 750px\" width=\"750\" height=\"90\"   \/><\/a><\/div><\/div>\n\n\n\n<p>Durante la reuni\u00f3n, que se desarroll\u00f3 en Cob\u00e1n, Alta Verapaz, el equipo de tecnolog\u00eda de la Direcci\u00f3n General de Transportes (DGT) brind\u00f3 una capacitaci\u00f3n sobre el nuevo proceso digital de renovaci\u00f3n de licencias para el transporte extraurbano de pasajeros, as\u00ed como la implementaci\u00f3n del c\u00f3digo QR, una herramienta que permitir\u00e1 validar datos de forma r\u00e1pida y segura ante las autoridades de tr\u00e1nsito.<\/p>\n\n\n\n<p>\u201cEscuchar directamente a los transportistas nos permite conocer sus necesidades reales y responder con acciones concretas. Esta administraci\u00f3n trabaja para resolver la acumulaci\u00f3n de expedientes heredados, bajo un enfoque claro y honesto\u201d, expres\u00f3 el director Gonz\u00e1lez.<\/p>\n\n\n\n<p>Como parte del plan de soluci\u00f3n a los expedientes atrasados, se est\u00e1 implementando una estrategia basada en tres pilares fundamentales:<\/p>\n\n\n\n<p>Procesos m\u00e1s claros y controlados<\/p>\n\n\n\n<p>Modernizaci\u00f3n tecnol\u00f3gica<\/p>\n\n\n\n<p>Equipos comprometidos y capaces<\/p>\n\n\n\n<p>El funcionario reiter\u00f3 que se trabaja arduamente para retomar la rector\u00eda institucional sobre el transporte extraurbano, de turismo e industrial, garantizando que los servicios y regulaciones respondan al bien com\u00fan y no a intereses particulares.<\/p>\n\n\n\n<p>Al cierre de la reuni\u00f3n, Gonz\u00e1lez Henriquez hizo un llamado a la confianza ciudadana, asegurando que esta administraci\u00f3n no permite cobros irregulares ni \u201cgestores\u201d intermediarios, y exhort\u00f3 a los transportistas a denunciar cualquier intento de estafa:<\/p>\n\n\n\n<p>\u201cNing\u00fan tr\u00e1mite debe tener costo adicional. Si alguien les promete agilizar sus gestiones a cambio de dinero, den\u00fancienlo. La nueva DGT est\u00e1 para servirles con transparencia y eficacia.\u201d<\/p>\n\n\n\n<p><a href=\"https:\/\/www.facebook.com\/hashtag\/dgt?__eep__=6&amp;__cft__[0]=AZUaCPOFMJpjERZSQX5jNB12oFKk7KvrE-PU_HmMqjgfxNp81aEgj1zj6JpSuq5E5P96_WoAB7Vqtxvnrm9frddLhYEgPGan40ldSa4lc9pIrTFmVlANa2h4MLku_RAw2WjZrS0g7hA8pdJOVMjAjW6Z_5uWMSN2KsVSuuHxmEG7uAFnRxyMqbZCBKPA-cfq3amnnZ3Op8ESIJQIeW8qocyU&amp;__tn__=*NK-R\">#DGT<\/a><a href=\"https:\/\/www.facebook.com\/hashtag\/transporte?__eep__=6&amp;__cft__[0]=AZUaCPOFMJpjERZSQX5jNB12oFKk7KvrE-PU_HmMqjgfxNp81aEgj1zj6JpSuq5E5P96_WoAB7Vqtxvnrm9frddLhYEgPGan40ldSa4lc9pIrTFmVlANa2h4MLku_RAw2WjZrS0g7hA8pdJOVMjAjW6Z_5uWMSN2KsVSuuHxmEG7uAFnRxyMqbZCBKPA-cfq3amnnZ3Op8ESIJQIeW8qocyU&amp;__tn__=*NK-R\">#Transporte<\/a><a href=\"https:\/\/www.facebook.com\/hashtag\/coban?__eep__=6&amp;__cft__[0]=AZUaCPOFMJpjERZSQX5jNB12oFKk7KvrE-PU_HmMqjgfxNp81aEgj1zj6JpSuq5E5P96_WoAB7Vqtxvnrm9frddLhYEgPGan40ldSa4lc9pIrTFmVlANa2h4MLku_RAw2WjZrS0g7hA8pdJOVMjAjW6Z_5uWMSN2KsVSuuHxmEG7uAFnRxyMqbZCBKPA-cfq3amnnZ3Op8ESIJQIeW8qocyU&amp;__tn__=*NK-R\">#Coban<\/a><a href=\"https:\/\/www.facebook.com\/hashtag\/peten?__eep__=6&amp;__cft__[0]=AZUaCPOFMJpjERZSQX5jNB12oFKk7KvrE-PU_HmMqjgfxNp81aEgj1zj6JpSuq5E5P96_WoAB7Vqtxvnrm9frddLhYEgPGan40ldSa4lc9pIrTFmVlANa2h4MLku_RAw2WjZrS0g7hA8pdJOVMjAjW6Z_5uWMSN2KsVSuuHxmEG7uAFnRxyMqbZCBKPA-cfq3amnnZ3Op8ESIJQIeW8qocyU&amp;__tn__=*NK-R\">#Peten<\/a><\/p>\n\n\n\n<figure class=\"wp-block-gallery has-nested-images columns-default is-cropped wp-block-gallery-1 is-layout-flex wp-block-gallery-is-layout-flex\">\n<figure class=\"wp-block-image size-large\"><img loading=\"lazy\" decoding=\"async\" width=\"190\" height=\"127\" data-id=\"106908\" src=\"https:\/\/elmetropolitano.com.gt\/es\/wp-content\/uploads\/2025\/07\/516344218_1270684041724343_259771382098417935_n.jpg\" alt=\"\" class=\"wp-image-106908\"\/><\/figure>\n\n\n\n<figure class=\"wp-block-image size-large\"><img loading=\"lazy\" decoding=\"async\" width=\"190\" height=\"127\" data-id=\"106911\" src=\"https:\/\/elmetropolitano.com.gt\/es\/wp-content\/uploads\/2025\/07\/516359407_1270683965057684_1511459695087668129_n-1.jpg\" alt=\"\" class=\"wp-image-106911\"\/><\/figure>\n\n\n\n<figure class=\"wp-block-image size-large\"><img loading=\"lazy\" decoding=\"async\" width=\"190\" height=\"127\" data-id=\"106909\" src=\"https:\/\/elmetropolitano.com.gt\/es\/wp-content\/uploads\/2025\/07\/518081020_1270684015057679_6712790584680390518_n.jpg\" alt=\"\" class=\"wp-image-106909\"\/><\/figure>\n\n\n\n<figure class=\"wp-block-image size-large\"><img loading=\"lazy\" decoding=\"async\" width=\"800\" height=\"500\" data-id=\"106913\" src=\"https:\/\/elmetropolitano.com.gt\/es\/wp-content\/uploads\/2025\/07\/518091231_1270683918391022_5684741781239253996_n.jpg\" alt=\"\" class=\"wp-image-106913\" srcset=\"https:\/\/elmetropolitano.com.gt\/es\/wp-content\/uploads\/2025\/07\/518091231_1270683918391022_5684741781239253996_n.jpg 800w, https:\/\/elmetropolitano.com.gt\/es\/wp-content\/uploads\/2025\/07\/518091231_1270683918391022_5684741781239253996_n-300x188.jpg 300w, https:\/\/elmetropolitano.com.gt\/es\/wp-content\/uploads\/2025\/07\/518091231_1270683918391022_5684741781239253996_n-768x480.jpg 768w\" sizes=\"auto, (max-width: 800px) 100vw, 800px\" \/><\/figure>\n\n\n\n<figure class=\"wp-block-image size-large\"><img loading=\"lazy\" decoding=\"async\" width=\"190\" height=\"127\" data-id=\"106912\" src=\"https:\/\/elmetropolitano.com.gt\/es\/wp-content\/uploads\/2025\/07\/518244234_1270684071724340_5273636481333846404_n.jpg\" alt=\"\" class=\"wp-image-106912\"\/><\/figure>\n\n\n\n<figure class=\"wp-block-image size-large\"><img loading=\"lazy\" decoding=\"async\" width=\"190\" height=\"127\" data-id=\"106910\" src=\"https:\/\/elmetropolitano.com.gt\/es\/wp-content\/uploads\/2025\/07\/519572662_1270683978391016_875182813697616409_n.jpg\" alt=\"\" class=\"wp-image-106910\"\/><\/figure>\n<\/figure>\n","protected":false},"excerpt":{"rendered":"<p>Con el compromiso de avanzar hacia una gesti\u00f3n moderna, eficiente y transparente, el director general de Transportes, Mynor Gonz\u00e1lez Henriquez, junto a su equipo de trabajo, sostuvo una reuni\u00f3n de acercamiento y capacitaci\u00f3n con representantes de la Asociaci\u00f3n de Transportistas \u201cVentana al Mundo Maya\u201d, conformada por operadores de la regi\u00f3n Norte del pa\u00eds. El encuentro, <a class=\"read-more\" href=\"https:\/\/elmetropolitano.com.gt\/es\/la-dgt-fortalece-dialogo-con-transportistas-del-norte-del-pais\/\">Leer m\u00e1s<\/a><\/p>\n","protected":false},"author":1,"featured_media":106907,"comment_status":"open","ping_status":"closed","sticky":false,"template":"","format":"standard","meta":{"footnotes":""},"categories":[2],"tags":[12],"class_list":["post-106906","post","type-post","status-publish","format-standard","has-post-thumbnail","hentry","category-nacionales","tag-nacionales"],"_links":{"self":[{"href":"https:\/\/elmetropolitano.com.gt\/es\/wp-json\/wp\/v2\/posts\/106906","targetHints":{"allow":["GET"]}}],"collection":[{"href":"https:\/\/elmetropolitano.com.gt\/es\/wp-json\/wp\/v2\/posts"}],"about":[{"href":"https:\/\/elmetropolitano.com.gt\/es\/wp-json\/wp\/v2\/types\/post"}],"author":[{"embeddable":true,"href":"https:\/\/elmetropolitano.com.gt\/es\/wp-json\/wp\/v2\/users\/1"}],"replies":[{"embeddable":true,"href":"https:\/\/elmetropolitano.com.gt\/es\/wp-json\/wp\/v2\/comments?post=106906"}],"version-history":[{"count":1,"href":"https:\/\/elmetropolitano.com.gt\/es\/wp-json\/wp\/v2\/posts\/106906\/revisions"}],"predecessor-version":[{"id":106914,"href":"https:\/\/elmetropolitano.com.gt\/es\/wp-json\/wp\/v2\/posts\/106906\/revisions\/106914"}],"wp:featuredmedia":[{"embeddable":true,"href":"https:\/\/elmetropolitano.com.gt\/es\/wp-json\/wp\/v2\/media\/106907"}],"wp:attachment":[{"href":"https:\/\/elmetropolitano.com.gt\/es\/wp-json\/wp\/v2\/media?parent=106906"}],"wp:term":[{"taxonomy":"category","embeddable":true,"href":"https:\/\/elmetropolitano.com.gt\/es\/wp-json\/wp\/v2\/categories?post=106906"},{"taxonomy":"post_tag","embeddable":true,"href":"https:\/\/elmetropolitano.com.gt\/es\/wp-json\/wp\/v2\/tags?post=106906"}],"curies":[{"name":"wp","href":"https:\/\/api.w.org\/{rel}","templated":true}]}}