{"id":106948,"date":"2025-07-12T15:40:46","date_gmt":"2025-07-12T21:40:46","guid":{"rendered":"https:\/\/elmetropolitano.com.gt\/es\/?p=106948"},"modified":"2025-07-12T15:40:47","modified_gmt":"2025-07-12T21:40:47","slug":"caminos-sigue-trabajando-en-ruta-alterna-habilitada-en-cito-180","status":"publish","type":"post","link":"https:\/\/elmetropolitano.com.gt\/es\/caminos-sigue-trabajando-en-ruta-alterna-habilitada-en-cito-180\/","title":{"rendered":"Caminos sigue trabajando en ruta alterna habilitada en Cito 180"},"content":{"rendered":"\n<p><a><\/a>El Ministerio de Comunicaciones, Infraestructura y Vivienda (CIV) informa que el paso por el kil\u00f3metro 189 de la Ruta Nacional CITO 180, que conecta a Retalhuleu y Quetzaltenango, se encuentra habilitado para el tr\u00e1nsito de veh\u00edculos livianos y pesados en una v\u00eda, tras las pruebas de circulaci\u00f3n realizadas con \u00e9xito esta semana.<\/p>\n\n\n\n<p>La v\u00eda alterna de 1.3 kil\u00f3metros, habilitada por la Zona Vial 4 de la Direcci\u00f3n General de Caminos, permite mantener la conectividad por una de las rutas m\u00e1s importantes del suroccidente del pa\u00eds, mientras contin\u00faan los trabajos t\u00e9cnicos en el \u00e1rea afectada por un hundimiento ocurrido el pasado 4 de junio debido a las lluvias constantes.<\/p><div class=\"elmet-contenido\" id=\"elmet-359646567\"><div class=\"elmet-adlabel\">Anuncios<\/div><div style=\"margin-top: 20px;margin-right: 20px;margin-bottom: 20px;margin-left: 20px;\" id=\"elmet-262225300\"><a href=\"https:\/\/www.facebook.com\/arrincuanantigua\/\" aria-label=\"cintillo-arrin-cual\"><img loading=\"lazy\" decoding=\"async\" src=\"https:\/\/elmetropolitano.com.gt\/es\/wp-content\/uploads\/2021\/11\/cintillo-arrin-cual-1.jpg\" alt=\"\"  srcset=\"https:\/\/elmetropolitano.com.gt\/es\/wp-content\/uploads\/2021\/11\/cintillo-arrin-cual-1.jpg 750w, https:\/\/elmetropolitano.com.gt\/es\/wp-content\/uploads\/2021\/11\/cintillo-arrin-cual-1-300x36.jpg 300w, https:\/\/elmetropolitano.com.gt\/es\/wp-content\/uploads\/2021\/11\/cintillo-arrin-cual-1-600x72.jpg 600w\" sizes=\"(max-width: 750px) 100vw, 750px\" width=\"750\" height=\"90\"   \/><\/a><\/div><\/div>\n\n\n\n<p>Actualmente, los equipos trabajan en tareas de dragado, colocaci\u00f3n de cabezales en tuber\u00edas y tendido el\u00e9ctrico, sin interrumpir el paso vehicular. Seg\u00fan inform\u00f3 el viceministro de Infraestructura, Alla Guevara, en el punto afectado se construir\u00e1 un nuevo muro de contenci\u00f3n, se instalar\u00e1 tuber\u00eda nueva y se reemplazar\u00e1 una b\u00f3veda con m\u00e1s de 60 a\u00f1os de uso, cuya vida \u00fatil ya expir\u00f3.<\/p>\n\n\n\n<p>El CIV act\u00faa para garantizar la seguridad vial y el desarrollo regional, trabajando de forma ininterrumpida para garantizar el traslado de personas y mercader\u00eda entre Retalhuleu y Quetzaltenango.<\/p>\n\n\n\n<p><a href=\"https:\/\/www.facebook.com\/hashtag\/civ?__eep__=6&amp;__cft__[0]=AZUixIXRgIJqQcJUW4qSK7pDBOAuu-94v00x8EgrZp2xVMDJoJF8Fhq3FX9AFmDajKkCEsBzvvQVv4xm0yVrp2HH12yRvnvze1ye31yTxkC4lPK7hBApqIVXC_dt_Nh1sCPKz4lTueOjZYn5QeyjrOowcgxKcL-wEtt2ANg-HJgmdBYFb8Pr9hATe3FbML4lKrCJjdyRkHEPbDeYe71cGB50&amp;__tn__=*NK-R\">#CIV<\/a><a href=\"https:\/\/www.facebook.com\/hashtag\/retalhuleu?__eep__=6&amp;__cft__[0]=AZUixIXRgIJqQcJUW4qSK7pDBOAuu-94v00x8EgrZp2xVMDJoJF8Fhq3FX9AFmDajKkCEsBzvvQVv4xm0yVrp2HH12yRvnvze1ye31yTxkC4lPK7hBApqIVXC_dt_Nh1sCPKz4lTueOjZYn5QeyjrOowcgxKcL-wEtt2ANg-HJgmdBYFb8Pr9hATe3FbML4lKrCJjdyRkHEPbDeYe71cGB50&amp;__tn__=*NK-R\">#Retalhuleu<\/a><a href=\"https:\/\/www.facebook.com\/hashtag\/quetzaltenango?__eep__=6&amp;__cft__[0]=AZUixIXRgIJqQcJUW4qSK7pDBOAuu-94v00x8EgrZp2xVMDJoJF8Fhq3FX9AFmDajKkCEsBzvvQVv4xm0yVrp2HH12yRvnvze1ye31yTxkC4lPK7hBApqIVXC_dt_Nh1sCPKz4lTueOjZYn5QeyjrOowcgxKcL-wEtt2ANg-HJgmdBYFb8Pr9hATe3FbML4lKrCJjdyRkHEPbDeYe71cGB50&amp;__tn__=*NK-R\">#Quetzaltenango<\/a><\/p>\n\n\n\n<figure class=\"wp-block-gallery has-nested-images columns-default is-cropped wp-block-gallery-1 is-layout-flex wp-block-gallery-is-layout-flex\">\n<figure class=\"wp-block-image size-large\"><img loading=\"lazy\" decoding=\"async\" width=\"960\" height=\"720\" data-id=\"106950\" src=\"https:\/\/elmetropolitano.com.gt\/es\/wp-content\/uploads\/2025\/07\/515439440_1271316091661138_7812402045463521708_n-1.jpg\" alt=\"\" class=\"wp-image-106950\" srcset=\"https:\/\/elmetropolitano.com.gt\/es\/wp-content\/uploads\/2025\/07\/515439440_1271316091661138_7812402045463521708_n-1.jpg 960w, https:\/\/elmetropolitano.com.gt\/es\/wp-content\/uploads\/2025\/07\/515439440_1271316091661138_7812402045463521708_n-1-300x225.jpg 300w, https:\/\/elmetropolitano.com.gt\/es\/wp-content\/uploads\/2025\/07\/515439440_1271316091661138_7812402045463521708_n-1-768x576.jpg 768w\" sizes=\"auto, (max-width: 960px) 100vw, 960px\" \/><\/figure>\n\n\n\n<figure class=\"wp-block-image size-large\"><img loading=\"lazy\" decoding=\"async\" width=\"1024\" height=\"768\" data-id=\"106953\" src=\"https:\/\/elmetropolitano.com.gt\/es\/wp-content\/uploads\/2025\/07\/516830138_1271316274994453_2303024420921264061_n-1024x768.jpg\" alt=\"\" class=\"wp-image-106953\" srcset=\"https:\/\/elmetropolitano.com.gt\/es\/wp-content\/uploads\/2025\/07\/516830138_1271316274994453_2303024420921264061_n-1024x768.jpg 1024w, https:\/\/elmetropolitano.com.gt\/es\/wp-content\/uploads\/2025\/07\/516830138_1271316274994453_2303024420921264061_n-300x225.jpg 300w, https:\/\/elmetropolitano.com.gt\/es\/wp-content\/uploads\/2025\/07\/516830138_1271316274994453_2303024420921264061_n-768x576.jpg 768w, https:\/\/elmetropolitano.com.gt\/es\/wp-content\/uploads\/2025\/07\/516830138_1271316274994453_2303024420921264061_n-1536x1153.jpg 1536w, https:\/\/elmetropolitano.com.gt\/es\/wp-content\/uploads\/2025\/07\/516830138_1271316274994453_2303024420921264061_n.jpg 1599w\" sizes=\"auto, (max-width: 1024px) 100vw, 1024px\" \/><\/figure>\n\n\n\n<figure class=\"wp-block-image size-large\"><img loading=\"lazy\" decoding=\"async\" width=\"1024\" height=\"768\" data-id=\"106952\" src=\"https:\/\/elmetropolitano.com.gt\/es\/wp-content\/uploads\/2025\/07\/517424855_1271316261661121_8693777212500944326_n-1024x768.jpg\" alt=\"\" class=\"wp-image-106952\" srcset=\"https:\/\/elmetropolitano.com.gt\/es\/wp-content\/uploads\/2025\/07\/517424855_1271316261661121_8693777212500944326_n-1024x768.jpg 1024w, https:\/\/elmetropolitano.com.gt\/es\/wp-content\/uploads\/2025\/07\/517424855_1271316261661121_8693777212500944326_n-300x225.jpg 300w, https:\/\/elmetropolitano.com.gt\/es\/wp-content\/uploads\/2025\/07\/517424855_1271316261661121_8693777212500944326_n-768x576.jpg 768w, https:\/\/elmetropolitano.com.gt\/es\/wp-content\/uploads\/2025\/07\/517424855_1271316261661121_8693777212500944326_n-1536x1153.jpg 1536w, https:\/\/elmetropolitano.com.gt\/es\/wp-content\/uploads\/2025\/07\/517424855_1271316261661121_8693777212500944326_n.jpg 1599w\" sizes=\"auto, (max-width: 1024px) 100vw, 1024px\" \/><\/figure>\n\n\n\n<figure class=\"wp-block-image size-large\"><img loading=\"lazy\" decoding=\"async\" width=\"1024\" height=\"768\" data-id=\"106951\" src=\"https:\/\/elmetropolitano.com.gt\/es\/wp-content\/uploads\/2025\/07\/517598048_1271316291661118_8005859898268947139_n-1024x768.jpg\" alt=\"\" class=\"wp-image-106951\" srcset=\"https:\/\/elmetropolitano.com.gt\/es\/wp-content\/uploads\/2025\/07\/517598048_1271316291661118_8005859898268947139_n-1024x768.jpg 1024w, https:\/\/elmetropolitano.com.gt\/es\/wp-content\/uploads\/2025\/07\/517598048_1271316291661118_8005859898268947139_n-300x225.jpg 300w, https:\/\/elmetropolitano.com.gt\/es\/wp-content\/uploads\/2025\/07\/517598048_1271316291661118_8005859898268947139_n-768x576.jpg 768w, https:\/\/elmetropolitano.com.gt\/es\/wp-content\/uploads\/2025\/07\/517598048_1271316291661118_8005859898268947139_n-1536x1153.jpg 1536w, https:\/\/elmetropolitano.com.gt\/es\/wp-content\/uploads\/2025\/07\/517598048_1271316291661118_8005859898268947139_n.jpg 1599w\" sizes=\"auto, (max-width: 1024px) 100vw, 1024px\" \/><\/figure>\n<\/figure>\n","protected":false},"excerpt":{"rendered":"<p>El Ministerio de Comunicaciones, Infraestructura y Vivienda (CIV) informa que el paso por el kil\u00f3metro 189 de la Ruta Nacional CITO 180, que conecta a Retalhuleu y Quetzaltenango, se encuentra habilitado para el tr\u00e1nsito de veh\u00edculos livianos y pesados en una v\u00eda, tras las pruebas de circulaci\u00f3n realizadas con \u00e9xito esta semana. La v\u00eda alterna <a class=\"read-more\" href=\"https:\/\/elmetropolitano.com.gt\/es\/caminos-sigue-trabajando-en-ruta-alterna-habilitada-en-cito-180\/\">Leer m\u00e1s<\/a><\/p>\n","protected":false},"author":1,"featured_media":106949,"comment_status":"open","ping_status":"closed","sticky":false,"template":"","format":"standard","meta":{"footnotes":""},"categories":[2],"tags":[12],"class_list":["post-106948","post","type-post","status-publish","format-standard","has-post-thumbnail","hentry","category-nacionales","tag-nacionales"],"_links":{"self":[{"href":"https:\/\/elmetropolitano.com.gt\/es\/wp-json\/wp\/v2\/posts\/106948","targetHints":{"allow":["GET"]}}],"collection":[{"href":"https:\/\/elmetropolitano.com.gt\/es\/wp-json\/wp\/v2\/posts"}],"about":[{"href":"https:\/\/elmetropolitano.com.gt\/es\/wp-json\/wp\/v2\/types\/post"}],"author":[{"embeddable":true,"href":"https:\/\/elmetropolitano.com.gt\/es\/wp-json\/wp\/v2\/users\/1"}],"replies":[{"embeddable":true,"href":"https:\/\/elmetropolitano.com.gt\/es\/wp-json\/wp\/v2\/comments?post=106948"}],"version-history":[{"count":1,"href":"https:\/\/elmetropolitano.com.gt\/es\/wp-json\/wp\/v2\/posts\/106948\/revisions"}],"predecessor-version":[{"id":106954,"href":"https:\/\/elmetropolitano.com.gt\/es\/wp-json\/wp\/v2\/posts\/106948\/revisions\/106954"}],"wp:featuredmedia":[{"embeddable":true,"href":"https:\/\/elmetropolitano.com.gt\/es\/wp-json\/wp\/v2\/media\/106949"}],"wp:attachment":[{"href":"https:\/\/elmetropolitano.com.gt\/es\/wp-json\/wp\/v2\/media?parent=106948"}],"wp:term":[{"taxonomy":"category","embeddable":true,"href":"https:\/\/elmetropolitano.com.gt\/es\/wp-json\/wp\/v2\/categories?post=106948"},{"taxonomy":"post_tag","embeddable":true,"href":"https:\/\/elmetropolitano.com.gt\/es\/wp-json\/wp\/v2\/tags?post=106948"}],"curies":[{"name":"wp","href":"https:\/\/api.w.org\/{rel}","templated":true}]}}