{"id":106964,"date":"2025-07-13T14:44:24","date_gmt":"2025-07-13T20:44:24","guid":{"rendered":"https:\/\/elmetropolitano.com.gt\/es\/?p=106964"},"modified":"2025-07-13T14:44:25","modified_gmt":"2025-07-13T20:44:25","slug":"se-reactiva-la-economia-local-de-santa-maria-de-jesus","status":"publish","type":"post","link":"https:\/\/elmetropolitano.com.gt\/es\/se-reactiva-la-economia-local-de-santa-maria-de-jesus\/","title":{"rendered":"Se reactiva la econom\u00eda local de Santa Mar\u00eda de Jes\u00fas"},"content":{"rendered":"\n<p><a><\/a>Luego de m\u00e1s de 72 horas desde el inicio de la secuencia s\u00edsmica que afecta a Santa Mar\u00eda de Jes\u00fas, Sacatep\u00e9quez, vuelve a observarse la actividad econ\u00f3mica local, seg\u00fan inform\u00f3 la Coordinadora Nacional para la Reducci\u00f3n de Desastres (Conred).<\/p>\n\n\n\n<p>El municipio, que qued\u00f3 incomunicado por los derrumbes en carretera, empieza a tener negocios abiertos, una buena se\u00f1al luego de d\u00edas de incertidumbre por la emergencia.<\/p><div class=\"elmet-contenido\" id=\"elmet-1647601851\"><div class=\"elmet-adlabel\">Anuncios<\/div><div style=\"margin-top: 20px;margin-right: 20px;margin-bottom: 20px;margin-left: 20px;\" id=\"elmet-2818456368\"><a href=\"https:\/\/www.facebook.com\/arrincuanantigua\/\" aria-label=\"cintillo-arrin-cual\"><img loading=\"lazy\" decoding=\"async\" src=\"https:\/\/elmetropolitano.com.gt\/es\/wp-content\/uploads\/2021\/11\/cintillo-arrin-cual-1.jpg\" alt=\"\"  srcset=\"https:\/\/elmetropolitano.com.gt\/es\/wp-content\/uploads\/2021\/11\/cintillo-arrin-cual-1.jpg 750w, https:\/\/elmetropolitano.com.gt\/es\/wp-content\/uploads\/2021\/11\/cintillo-arrin-cual-1-300x36.jpg 300w, https:\/\/elmetropolitano.com.gt\/es\/wp-content\/uploads\/2021\/11\/cintillo-arrin-cual-1-600x72.jpg 600w\" sizes=\"(max-width: 750px) 100vw, 750px\" width=\"750\" height=\"90\"   \/><\/a><\/div><\/div>\n\n\n\n<p>La Conred asever\u00f3 que, este d\u00eda, durante la entrega de ayuda humanitaria en el centro de acopio del lugar, se ha podido constatar el inicio progresivo de la reactivaci\u00f3n econ\u00f3mica local en distintos comercios. Este paso resulta esencial, ya que conlleva el intercambio econ\u00f3mico que potencia el acceso al empleo, la inversi\u00f3n, la producci\u00f3n y as\u00ed mejorar las capacidades y destrezas de la comunidad.<\/p>\n\n\n\n<p>De acuerdo con la entidad, las coordinadores municipal y departamental mantienen el apoyo en el sitio para mitigar los riesgos y transitar hacia la recuperaci\u00f3n temprana.<\/p>\n\n\n\n<p>Agreg\u00f3 que seguir\u00e1n los esfuerzos en el lugar como parte del Marco Nacional de Recuperaci\u00f3n. En este sentido, afirm\u00f3 que convocar\u00e1 a mesas sectoriales para abordar temas transversales como seguridad, educaci\u00f3n, vivienda, seguridad alimentaria y nutricional, salud, agua potable, saneamiento e higiene.<\/p>\n\n\n\n<p>Adem\u00e1s, Conred indic\u00f3 que la respuesta a los temblores persiste no solo en Santa Mar\u00eda de Jes\u00fas, sino en m\u00e1s lugares de Sacatep\u00e9quez, Guatemala y Escuintla, los tres departamentos m\u00e1s afectados ante dichos acontecimientos.<\/p>\n\n\n\n<p>Panorama actual<\/p>\n\n\n\n<p>De acuerdo con el \u00faltimo bolet\u00edn de la entidad, el Instituto Nacional de Sismolog\u00eda, Vulcanolog\u00eda, Meteorolog\u00eda e Hidrolog\u00eda (Insivumeh) ha registrado 582 sismos desde el inicio de la secuencia la tarde del martes 8 de julio, por los cuales ha atendido 244 emergencias, en los que han resultado afectadas 7 mil 17 personas.<\/p>\n\n\n\n<p>Por orden de afectaciones, el departamento de Guatemala ha presentado m\u00e1s emergencias, con 106; seguido por Sacatep\u00e9quez, con 64, y luego Escuintla, con 58.<\/p>\n\n\n\n<p>Textos Daniel Coromac<\/p>\n\n\n\n<p><a href=\"https:\/\/www.facebook.com\/hashtag\/santamariadejesus?__eep__=6&amp;__cft__[0]=AZWaC0tlcIE4PPbio7U_bv4kn27gfn6e6-N7aV7qx26JuAPqLKJju3dNv4to7m7fHw0X8DUiPLYl-45pIy4k7_SO2J08K1NNIrxDS6Rbt4XJGm06AcyXLtH1KmWPlGUwEIt91no9PFiFjLK6bckJrtBgx_C2GPgYmO9TJpsiXVoGa9FJlux_mcc9YCjopvRPaNk8B4icLCNNO_QNunDgo5i_&amp;__tn__=*NK-R\">#SantaMariadeJesus<\/a><a href=\"https:\/\/www.facebook.com\/hashtag\/temblorgt?__eep__=6&amp;__cft__[0]=AZWaC0tlcIE4PPbio7U_bv4kn27gfn6e6-N7aV7qx26JuAPqLKJju3dNv4to7m7fHw0X8DUiPLYl-45pIy4k7_SO2J08K1NNIrxDS6Rbt4XJGm06AcyXLtH1KmWPlGUwEIt91no9PFiFjLK6bckJrtBgx_C2GPgYmO9TJpsiXVoGa9FJlux_mcc9YCjopvRPaNk8B4icLCNNO_QNunDgo5i_&amp;__tn__=*NK-R\">#TemblorGT<\/a><\/p>\n","protected":false},"excerpt":{"rendered":"<p>Luego de m\u00e1s de 72 horas desde el inicio de la secuencia s\u00edsmica que afecta a Santa Mar\u00eda de Jes\u00fas, Sacatep\u00e9quez, vuelve a observarse la actividad econ\u00f3mica local, seg\u00fan inform\u00f3 la Coordinadora Nacional para la Reducci\u00f3n de Desastres (Conred). El municipio, que qued\u00f3 incomunicado por los derrumbes en carretera, empieza a tener negocios abiertos, una <a class=\"read-more\" href=\"https:\/\/elmetropolitano.com.gt\/es\/se-reactiva-la-economia-local-de-santa-maria-de-jesus\/\">Leer m\u00e1s<\/a><\/p>\n","protected":false},"author":1,"featured_media":106965,"comment_status":"open","ping_status":"closed","sticky":false,"template":"","format":"standard","meta":{"footnotes":""},"categories":[3],"tags":[10],"class_list":["post-106964","post","type-post","status-publish","format-standard","has-post-thumbnail","hentry","category-locales","tag-locales"],"_links":{"self":[{"href":"https:\/\/elmetropolitano.com.gt\/es\/wp-json\/wp\/v2\/posts\/106964","targetHints":{"allow":["GET"]}}],"collection":[{"href":"https:\/\/elmetropolitano.com.gt\/es\/wp-json\/wp\/v2\/posts"}],"about":[{"href":"https:\/\/elmetropolitano.com.gt\/es\/wp-json\/wp\/v2\/types\/post"}],"author":[{"embeddable":true,"href":"https:\/\/elmetropolitano.com.gt\/es\/wp-json\/wp\/v2\/users\/1"}],"replies":[{"embeddable":true,"href":"https:\/\/elmetropolitano.com.gt\/es\/wp-json\/wp\/v2\/comments?post=106964"}],"version-history":[{"count":1,"href":"https:\/\/elmetropolitano.com.gt\/es\/wp-json\/wp\/v2\/posts\/106964\/revisions"}],"predecessor-version":[{"id":106966,"href":"https:\/\/elmetropolitano.com.gt\/es\/wp-json\/wp\/v2\/posts\/106964\/revisions\/106966"}],"wp:featuredmedia":[{"embeddable":true,"href":"https:\/\/elmetropolitano.com.gt\/es\/wp-json\/wp\/v2\/media\/106965"}],"wp:attachment":[{"href":"https:\/\/elmetropolitano.com.gt\/es\/wp-json\/wp\/v2\/media?parent=106964"}],"wp:term":[{"taxonomy":"category","embeddable":true,"href":"https:\/\/elmetropolitano.com.gt\/es\/wp-json\/wp\/v2\/categories?post=106964"},{"taxonomy":"post_tag","embeddable":true,"href":"https:\/\/elmetropolitano.com.gt\/es\/wp-json\/wp\/v2\/tags?post=106964"}],"curies":[{"name":"wp","href":"https:\/\/api.w.org\/{rel}","templated":true}]}}