{"id":107137,"date":"2025-07-15T10:16:41","date_gmt":"2025-07-15T16:16:41","guid":{"rendered":"https:\/\/elmetropolitano.com.gt\/es\/?p=107137"},"modified":"2025-07-15T10:16:41","modified_gmt":"2025-07-15T16:16:41","slug":"teleton-2025-todo-el-pais-unido-en-solidaridad","status":"publish","type":"post","link":"https:\/\/elmetropolitano.com.gt\/es\/teleton-2025-todo-el-pais-unido-en-solidaridad\/","title":{"rendered":"Telet\u00f3n 2025: Todo el pa\u00eds unido en solidaridad"},"content":{"rendered":"\n<p><a><\/a>Con el gran evento de Telet\u00f3n Guatemala 2025 cada vez m\u00e1s cerca, el movimiento de solidaridad se ha mantenido, en todo el pa\u00eds, en plena ebullici\u00f3n. Han sido centenares de actividades realizadas con el prop\u00f3sito de recaudar fondos para apoyar a la red de rehabilitaci\u00f3n m\u00e1s grande de Centroam\u00e9rica: FUNDABIEM, que tiene 20 centros en 16 departamentos de Guatemala a disposici\u00f3n de los usuarios.<\/p>\n\n\n\n<p>\u201cTelet\u00f3n es, en su esencia, un movimiento grande y esencialmente social, cuyo principal objetivo es motivar a la gente a unirse y apoyar en esta noble causa\u00bb, comenta Vilma de Molina, directora de Gesti\u00f3n Social de FUNDABIEM.<\/p><div class=\"elmet-contenido\" id=\"elmet-771326532\"><div class=\"elmet-adlabel\">Anuncios<\/div><div style=\"margin-top: 20px;margin-right: 20px;margin-bottom: 20px;margin-left: 20px;\" id=\"elmet-580672966\"><a href=\"https:\/\/www.facebook.com\/arrincuanantigua\/\" aria-label=\"cintillo-arrin-cual\"><img loading=\"lazy\" decoding=\"async\" src=\"https:\/\/elmetropolitano.com.gt\/es\/wp-content\/uploads\/2021\/11\/cintillo-arrin-cual-1.jpg\" alt=\"\"  srcset=\"https:\/\/elmetropolitano.com.gt\/es\/wp-content\/uploads\/2021\/11\/cintillo-arrin-cual-1.jpg 750w, https:\/\/elmetropolitano.com.gt\/es\/wp-content\/uploads\/2021\/11\/cintillo-arrin-cual-1-300x36.jpg 300w, https:\/\/elmetropolitano.com.gt\/es\/wp-content\/uploads\/2021\/11\/cintillo-arrin-cual-1-600x72.jpg 600w\" sizes=\"(max-width: 750px) 100vw, 750px\" width=\"750\" height=\"90\"   \/><\/a><\/div><\/div>\n\n\n\n<p>M\u00e1s de 300 oportunidades para sumarse<\/p>\n\n\n\n<p>La importancia de las actividades previas a Telet\u00f3n es fundamental porque est\u00e1n meticulosamente dise\u00f1adas para asegurar que en toda la Rep\u00fablica haya m\u00e1s de 300 eventos, uniendo a miles de guatemaltecos, reflejando un pa\u00eds genuinamente unido. El despliegue de solidaridad abarca amplias zonas del territorio nacional, con el objetivo de fomentar la participaci\u00f3n de la ciudadan\u00eda en general.<\/p>\n\n\n\n<p>Dichas iniciativas son la manera m\u00e1s directa y poderosa de sumarse al movimiento Telet\u00f3n 2025 y marcar una diferencia tangible. Cada actividad organizada y cada mini Telet\u00f3n en la Rep\u00fablica, es coordinada por las 18 trabajadoras sociales de FUNDABIEM, y son una oportunidad valiosa para contribuir con esta noble causa.<\/p>\n\n\n\n<p>Entre las actividades m\u00e1s destacadas, est\u00e1n los:<\/p>\n\n\n\n<p>\u2022 Desfiletones<\/p>\n\n\n\n<p>\u2022 Carreras 5K<\/p>\n\n\n\n<p>\u2022 Ventas de comida<\/p>\n\n\n\n<p>\u2022 ZumbaT\u00d3N<\/p>\n\n\n\n<p>\u2022 BingoT\u00d3N<\/p>\n\n\n\n<p>\u2022 BicivleT\u00d3N<\/p>\n\n\n\n<p>\u2022 BiciTOUR<\/p>\n\n\n\n<p>\u2022 Shows de modas<\/p>\n\n\n\n<p>\u2022 KermesT\u00d3N<\/p>\n\n\n\n<p>\u2022 As\u00ed como miniteletones en todo el pa\u00eds.<\/p>\n\n\n\n<p>Para conocer sobre estas y otras actividades que se est\u00e1n realizando en toda GUATEMALA, sus DEPARTAMENTOS Y MUNICIPIOS, se invita a la poblaci\u00f3n en general a estar pendientes de las redes sociales oficiales de Telet\u00f3n Guatemala.<\/p>\n\n\n\n<p>Telet\u00f3n no solo busca la recaudaci\u00f3n de fondos, sino que aspira a unir a la naci\u00f3n guatemalteca bajo una causa com\u00fan, demostrando que, trabajando juntos, Guatemala puede lograr cosas extraordinarias.<\/p>\n\n\n\n<p>C\u00f3mo Donar y Marcar la Diferencia:<\/p>\n\n\n\n<p>Las contribuciones se pueden hacer de las siguientes formas:<\/p>\n\n\n\n<p>\u2022 A trav\u00e9s de la p\u00e1gina web oficial de Telet\u00f3n Guatemala. Visite <a href=\"https:\/\/l.facebook.com\/l.php?u=http%3A%2F%2Fwww.teleton.com.gt%2F%3Ffbclid%3DIwZXh0bgNhZW0CMTAAYnJpZBExRkxYTllqRm9teGp1U0NUQQEeDdAxDwhgwL_DLqYxREB6b8kfiVVkvXE8NAfCTVxFapNfpcFZTmVaT_jRFkU_aem_8GnqSHM2JzD1YHuDED4K3w&amp;h=AT3ZQn4bHORqjfHkhrNGrVd6v-KXNGyfs-G9VKDvMgaLn8e779XnuvmIGSYDHYYJ8svffXLb-odzP-qphsJQEOMPHaKaMXJ_efz0JPzVCgUPqapp8_zzvFpxRG26Iq69LQEsd2NZ_1rrcXlc&amp;__tn__=-UK-R&amp;c[0]=AT1zV_Fr_rYSZgKGs8HxyTGaPrfw4jHqTUm2HrIAQkowVFdZPB6-vwY-qp4fk3Hx9BEMjc3_m7_Z54mYl-G3wNv_IN8w_UvwAj2gZgVKllSVCspSbCs2ihWBJKR2p6CrKZeb4-JswYGprFG9yrZmB96KAmf12_QHQvIY_UXq5TzbyKObdtRywmOD18OR3VDrE8gI8qNWGupaVUiGogikhcyD9jxN\" rel=\"noreferrer noopener\" target=\"_blank\">www.teleton.com.gt<\/a> para realizar su donaci\u00f3n en l\u00ednea de forma segura.<\/p>\n\n\n\n<p>\u2022 Por medio de transferencias bancarias. Los detalles de la cuenta para donaciones est\u00e1n disponibles en la misma p\u00e1gina web oficial.<\/p>\n\n\n\n<p>\u2022 Participando en eventos locales. Asista a los mini Telet\u00f3n y eventos art\u00edsticos donde podr\u00e1 donar en persona.<\/p>\n\n\n\n<p><a href=\"https:\/\/www.facebook.com\/hashtag\/teletonguatemala?__eep__=6&amp;__cft__[0]=AZUi67_1YwZlnGjm93GpOa75mj5VQQar-GXlvQ2lCSlRIS_f7wV5XHhO0E0Qb6OmJ0Fxv5chMnDfrbGOpRVJENDKNUcJwlGIVw61QmELu4WQHSiIS8w74aql890awBkKzcW34AMkUzwrytT0TefJ02nh-WfvU5yR_AB85NLtb77qwS_5mQjgspMa7X1y6GpnqMsmMnsmHXg8-3CpVXL-P50k&amp;__tn__=*NK-R\">#TeletonGuatemala<\/a><a href=\"https:\/\/www.facebook.com\/hashtag\/metroredes?__eep__=6&amp;__cft__[0]=AZUi67_1YwZlnGjm93GpOa75mj5VQQar-GXlvQ2lCSlRIS_f7wV5XHhO0E0Qb6OmJ0Fxv5chMnDfrbGOpRVJENDKNUcJwlGIVw61QmELu4WQHSiIS8w74aql890awBkKzcW34AMkUzwrytT0TefJ02nh-WfvU5yR_AB85NLtb77qwS_5mQjgspMa7X1y6GpnqMsmMnsmHXg8-3CpVXL-P50k&amp;__tn__=*NK-R\">#metroredes<\/a><\/p>\n\n\n\n<figure class=\"wp-block-gallery has-nested-images columns-default is-cropped wp-block-gallery-1 is-layout-flex wp-block-gallery-is-layout-flex\">\n<figure class=\"wp-block-image size-large\"><img loading=\"lazy\" decoding=\"async\" width=\"642\" height=\"480\" data-id=\"107139\" src=\"https:\/\/elmetropolitano.com.gt\/es\/wp-content\/uploads\/2025\/07\/518274296_1273791761413571_5194149160960412007_n.jpg\" alt=\"\" class=\"wp-image-107139\" srcset=\"https:\/\/elmetropolitano.com.gt\/es\/wp-content\/uploads\/2025\/07\/518274296_1273791761413571_5194149160960412007_n.jpg 642w, https:\/\/elmetropolitano.com.gt\/es\/wp-content\/uploads\/2025\/07\/518274296_1273791761413571_5194149160960412007_n-300x224.jpg 300w\" sizes=\"auto, (max-width: 642px) 100vw, 642px\" \/><\/figure>\n\n\n\n<figure class=\"wp-block-image size-large\"><img loading=\"lazy\" decoding=\"async\" width=\"642\" height=\"480\" data-id=\"107141\" src=\"https:\/\/elmetropolitano.com.gt\/es\/wp-content\/uploads\/2025\/07\/518275247_1273791701413577_4263969541601101862_n.jpg\" alt=\"\" class=\"wp-image-107141\" srcset=\"https:\/\/elmetropolitano.com.gt\/es\/wp-content\/uploads\/2025\/07\/518275247_1273791701413577_4263969541601101862_n.jpg 642w, https:\/\/elmetropolitano.com.gt\/es\/wp-content\/uploads\/2025\/07\/518275247_1273791701413577_4263969541601101862_n-300x224.jpg 300w\" sizes=\"auto, (max-width: 642px) 100vw, 642px\" \/><\/figure>\n\n\n\n<figure class=\"wp-block-image size-large\"><img loading=\"lazy\" decoding=\"async\" width=\"642\" height=\"480\" data-id=\"107140\" src=\"https:\/\/elmetropolitano.com.gt\/es\/wp-content\/uploads\/2025\/07\/518276834_1273791748080239_1453706803310000505_n.jpg\" alt=\"\" class=\"wp-image-107140\" srcset=\"https:\/\/elmetropolitano.com.gt\/es\/wp-content\/uploads\/2025\/07\/518276834_1273791748080239_1453706803310000505_n.jpg 642w, https:\/\/elmetropolitano.com.gt\/es\/wp-content\/uploads\/2025\/07\/518276834_1273791748080239_1453706803310000505_n-300x224.jpg 300w\" sizes=\"auto, (max-width: 642px) 100vw, 642px\" \/><\/figure>\n<\/figure>\n","protected":false},"excerpt":{"rendered":"<p>Con el gran evento de Telet\u00f3n Guatemala 2025 cada vez m\u00e1s cerca, el movimiento de solidaridad se ha mantenido, en todo el pa\u00eds, en plena ebullici\u00f3n. Han sido centenares de actividades realizadas con el prop\u00f3sito de recaudar fondos para apoyar a la red de rehabilitaci\u00f3n m\u00e1s grande de Centroam\u00e9rica: FUNDABIEM, que tiene 20 centros en <a class=\"read-more\" href=\"https:\/\/elmetropolitano.com.gt\/es\/teleton-2025-todo-el-pais-unido-en-solidaridad\/\">Leer m\u00e1s<\/a><\/p>\n","protected":false},"author":1,"featured_media":107138,"comment_status":"open","ping_status":"closed","sticky":false,"template":"","format":"standard","meta":{"footnotes":""},"categories":[2],"tags":[12],"class_list":["post-107137","post","type-post","status-publish","format-standard","has-post-thumbnail","hentry","category-nacionales","tag-nacionales"],"_links":{"self":[{"href":"https:\/\/elmetropolitano.com.gt\/es\/wp-json\/wp\/v2\/posts\/107137","targetHints":{"allow":["GET"]}}],"collection":[{"href":"https:\/\/elmetropolitano.com.gt\/es\/wp-json\/wp\/v2\/posts"}],"about":[{"href":"https:\/\/elmetropolitano.com.gt\/es\/wp-json\/wp\/v2\/types\/post"}],"author":[{"embeddable":true,"href":"https:\/\/elmetropolitano.com.gt\/es\/wp-json\/wp\/v2\/users\/1"}],"replies":[{"embeddable":true,"href":"https:\/\/elmetropolitano.com.gt\/es\/wp-json\/wp\/v2\/comments?post=107137"}],"version-history":[{"count":1,"href":"https:\/\/elmetropolitano.com.gt\/es\/wp-json\/wp\/v2\/posts\/107137\/revisions"}],"predecessor-version":[{"id":107142,"href":"https:\/\/elmetropolitano.com.gt\/es\/wp-json\/wp\/v2\/posts\/107137\/revisions\/107142"}],"wp:featuredmedia":[{"embeddable":true,"href":"https:\/\/elmetropolitano.com.gt\/es\/wp-json\/wp\/v2\/media\/107138"}],"wp:attachment":[{"href":"https:\/\/elmetropolitano.com.gt\/es\/wp-json\/wp\/v2\/media?parent=107137"}],"wp:term":[{"taxonomy":"category","embeddable":true,"href":"https:\/\/elmetropolitano.com.gt\/es\/wp-json\/wp\/v2\/categories?post=107137"},{"taxonomy":"post_tag","embeddable":true,"href":"https:\/\/elmetropolitano.com.gt\/es\/wp-json\/wp\/v2\/tags?post=107137"}],"curies":[{"name":"wp","href":"https:\/\/api.w.org\/{rel}","templated":true}]}}