{"id":107227,"date":"2025-07-16T16:48:39","date_gmt":"2025-07-16T22:48:39","guid":{"rendered":"https:\/\/elmetropolitano.com.gt\/es\/?p=107227"},"modified":"2025-07-16T16:48:39","modified_gmt":"2025-07-16T22:48:39","slug":"pnc-refuerza-seguridad-de-turistas-con-nueva-sede-de-disetur-en-izabal","status":"publish","type":"post","link":"https:\/\/elmetropolitano.com.gt\/es\/pnc-refuerza-seguridad-de-turistas-con-nueva-sede-de-disetur-en-izabal\/","title":{"rendered":"PNC refuerza seguridad de turistas con nueva sede de DISETUR en Izabal"},"content":{"rendered":"\n<p><a><\/a>En la aldea Mariscos, Los Amates, Izabal fue inaugurada la tercera sede de la Divisi\u00f3n de Seguridad Tur\u00edstica DISETUR en el departamento, la cual se suma a las 18 delegaciones existentes a nivel nacional.<\/p>\n\n\n\n<p>La nueva sede est\u00e1 ubicada en el muelle municipal de Mariscos, Izabal. El acto cont\u00f3 con la participaci\u00f3n del Director General de la PNC, David Custodio Boteo; el jefe de DISETUR, Carlos Soberanis; el alcalde de Los Amates, Miguel Jord\u00e1n; la diputada por Izabal, Thelma Ram\u00edrez; la representante del INGUAT, Zoila Ruiz y l\u00edderes comunitarios.<\/p><div class=\"elmet-contenido\" id=\"elmet-2637303263\"><div class=\"elmet-adlabel\">Anuncios<\/div><div style=\"margin-top: 20px;margin-right: 20px;margin-bottom: 20px;margin-left: 20px;\" id=\"elmet-2165950748\"><a href=\"https:\/\/www.facebook.com\/arrincuanantigua\/\" aria-label=\"cintillo-arrin-cual\"><img loading=\"lazy\" decoding=\"async\" src=\"https:\/\/elmetropolitano.com.gt\/es\/wp-content\/uploads\/2021\/11\/cintillo-arrin-cual-1.jpg\" alt=\"\"  srcset=\"https:\/\/elmetropolitano.com.gt\/es\/wp-content\/uploads\/2021\/11\/cintillo-arrin-cual-1.jpg 750w, https:\/\/elmetropolitano.com.gt\/es\/wp-content\/uploads\/2021\/11\/cintillo-arrin-cual-1-300x36.jpg 300w, https:\/\/elmetropolitano.com.gt\/es\/wp-content\/uploads\/2021\/11\/cintillo-arrin-cual-1-600x72.jpg 600w\" sizes=\"(max-width: 750px) 100vw, 750px\" width=\"750\" height=\"90\"   \/><\/a><\/div><\/div>\n\n\n\n<p>En su intervenci\u00f3n el jefe de DISETUR indic\u00f3 que la delegaci\u00f3n estar\u00e1 integrada por 12 polic\u00edas especializados, incluyendo un oficial segundo y tres mujeres, quienes se encargar\u00e1n de atender y proteger tanto a visitantes nacionales como extranjeros.<\/p>\n\n\n\n<p>La apertura de esta nueva sede atiende al compromiso institucional de garantizar un entorno seguro para los turistas.<\/p>\n\n\n\n<p>El Director General David Custodio Boteo, destac\u00f3 que el principal motivo de esta sede es brindar un servicio de calidad, resaltando la importancia del turismo en este lugar, lo que se est\u00e1 logrando con esta apertura es garantizar la seguridad a comerciantes y turistas, fortaleciendo la capacidad de la instituci\u00f3n para responder r\u00e1pidamente a las necesidades de los turistas.<\/p>\n\n\n\n<p>Las autoridades presentes realizaron el tradicional corte de cinta como acto simb\u00f3lico de apertura.<\/p>\n\n\n\n<p><a href=\"https:\/\/www.facebook.com\/hashtag\/pncdeguatemala?__eep__=6&amp;__cft__[0]=AZW-wHdIQmjEWaqb7c4WwCRLFslef67EsgOhU4SGwzkZIW6qgyK5IdDnV1-Bll4z76GWTo_yfHaXsKG7v6BqBJVhIq7Ezr0m_x-qjb9O3CR_kLQtWc9xdoL6AwdEhyIbe3gc38RDMfl5TRXOaG9lxaBNG5KTq5H12wL13j4oDvBtiz4U-puyRLkJnvymBYy3zcTdxqSeN9HWIEn4idHAmoAL&amp;__tn__=*NK-R\">#PNCdeGuatemala<\/a><a href=\"https:\/\/www.facebook.com\/hashtag\/losamates?__eep__=6&amp;__cft__[0]=AZW-wHdIQmjEWaqb7c4WwCRLFslef67EsgOhU4SGwzkZIW6qgyK5IdDnV1-Bll4z76GWTo_yfHaXsKG7v6BqBJVhIq7Ezr0m_x-qjb9O3CR_kLQtWc9xdoL6AwdEhyIbe3gc38RDMfl5TRXOaG9lxaBNG5KTq5H12wL13j4oDvBtiz4U-puyRLkJnvymBYy3zcTdxqSeN9HWIEn4idHAmoAL&amp;__tn__=*NK-R\">#losAmates<\/a><a href=\"https:\/\/www.facebook.com\/hashtag\/inguat?__eep__=6&amp;__cft__[0]=AZW-wHdIQmjEWaqb7c4WwCRLFslef67EsgOhU4SGwzkZIW6qgyK5IdDnV1-Bll4z76GWTo_yfHaXsKG7v6BqBJVhIq7Ezr0m_x-qjb9O3CR_kLQtWc9xdoL6AwdEhyIbe3gc38RDMfl5TRXOaG9lxaBNG5KTq5H12wL13j4oDvBtiz4U-puyRLkJnvymBYy3zcTdxqSeN9HWIEn4idHAmoAL&amp;__tn__=*NK-R\">#Inguat<\/a>  <a href=\"https:\/\/www.facebook.com\/hashtag\/pncenacci%C3%B3n?__eep__=6&amp;__cft__[0]=AZW-wHdIQmjEWaqb7c4WwCRLFslef67EsgOhU4SGwzkZIW6qgyK5IdDnV1-Bll4z76GWTo_yfHaXsKG7v6BqBJVhIq7Ezr0m_x-qjb9O3CR_kLQtWc9xdoL6AwdEhyIbe3gc38RDMfl5TRXOaG9lxaBNG5KTq5H12wL13j4oDvBtiz4U-puyRLkJnvymBYy3zcTdxqSeN9HWIEn4idHAmoAL&amp;__tn__=*NK-R\">#PNCenAcci\u00f3n<\/a><a href=\"https:\/\/www.facebook.com\/hashtag\/disetur?__eep__=6&amp;__cft__[0]=AZW-wHdIQmjEWaqb7c4WwCRLFslef67EsgOhU4SGwzkZIW6qgyK5IdDnV1-Bll4z76GWTo_yfHaXsKG7v6BqBJVhIq7Ezr0m_x-qjb9O3CR_kLQtWc9xdoL6AwdEhyIbe3gc38RDMfl5TRXOaG9lxaBNG5KTq5H12wL13j4oDvBtiz4U-puyRLkJnvymBYy3zcTdxqSeN9HWIEn4idHAmoAL&amp;__tn__=*NK-R\">#DISETUR<\/a><\/p>\n\n\n\n<figure class=\"wp-block-gallery has-nested-images columns-default is-cropped wp-block-gallery-1 is-layout-flex wp-block-gallery-is-layout-flex\">\n<figure class=\"wp-block-image size-large\"><img loading=\"lazy\" decoding=\"async\" width=\"1024\" height=\"768\" data-id=\"107232\" src=\"https:\/\/elmetropolitano.com.gt\/es\/wp-content\/uploads\/2025\/07\/517584991_1274842821308465_5976690139018543290_n-1024x768.jpg\" alt=\"\" class=\"wp-image-107232\" srcset=\"https:\/\/elmetropolitano.com.gt\/es\/wp-content\/uploads\/2025\/07\/517584991_1274842821308465_5976690139018543290_n-1024x768.jpg 1024w, https:\/\/elmetropolitano.com.gt\/es\/wp-content\/uploads\/2025\/07\/517584991_1274842821308465_5976690139018543290_n-300x225.jpg 300w, https:\/\/elmetropolitano.com.gt\/es\/wp-content\/uploads\/2025\/07\/517584991_1274842821308465_5976690139018543290_n-768x576.jpg 768w, https:\/\/elmetropolitano.com.gt\/es\/wp-content\/uploads\/2025\/07\/517584991_1274842821308465_5976690139018543290_n-1536x1152.jpg 1536w, https:\/\/elmetropolitano.com.gt\/es\/wp-content\/uploads\/2025\/07\/517584991_1274842821308465_5976690139018543290_n.jpg 1600w\" sizes=\"auto, (max-width: 1024px) 100vw, 1024px\" \/><\/figure>\n\n\n\n<figure class=\"wp-block-image size-large\"><img loading=\"lazy\" decoding=\"async\" width=\"1024\" height=\"576\" data-id=\"107230\" src=\"https:\/\/elmetropolitano.com.gt\/es\/wp-content\/uploads\/2025\/07\/518145561_1274842837975130_4018519529121689007_n-1024x576.jpg\" alt=\"\" class=\"wp-image-107230\" srcset=\"https:\/\/elmetropolitano.com.gt\/es\/wp-content\/uploads\/2025\/07\/518145561_1274842837975130_4018519529121689007_n-1024x576.jpg 1024w, https:\/\/elmetropolitano.com.gt\/es\/wp-content\/uploads\/2025\/07\/518145561_1274842837975130_4018519529121689007_n-300x169.jpg 300w, https:\/\/elmetropolitano.com.gt\/es\/wp-content\/uploads\/2025\/07\/518145561_1274842837975130_4018519529121689007_n-768x432.jpg 768w, https:\/\/elmetropolitano.com.gt\/es\/wp-content\/uploads\/2025\/07\/518145561_1274842837975130_4018519529121689007_n-1536x864.jpg 1536w, https:\/\/elmetropolitano.com.gt\/es\/wp-content\/uploads\/2025\/07\/518145561_1274842837975130_4018519529121689007_n.jpg 1600w\" sizes=\"auto, (max-width: 1024px) 100vw, 1024px\" \/><\/figure>\n\n\n\n<figure class=\"wp-block-image size-large\"><img loading=\"lazy\" decoding=\"async\" width=\"1024\" height=\"768\" data-id=\"107229\" src=\"https:\/\/elmetropolitano.com.gt\/es\/wp-content\/uploads\/2025\/07\/518341330_1274842767975137_3343638479754322671_n-1024x768.jpg\" alt=\"\" class=\"wp-image-107229\" srcset=\"https:\/\/elmetropolitano.com.gt\/es\/wp-content\/uploads\/2025\/07\/518341330_1274842767975137_3343638479754322671_n-1024x768.jpg 1024w, https:\/\/elmetropolitano.com.gt\/es\/wp-content\/uploads\/2025\/07\/518341330_1274842767975137_3343638479754322671_n-300x225.jpg 300w, https:\/\/elmetropolitano.com.gt\/es\/wp-content\/uploads\/2025\/07\/518341330_1274842767975137_3343638479754322671_n-768x576.jpg 768w, https:\/\/elmetropolitano.com.gt\/es\/wp-content\/uploads\/2025\/07\/518341330_1274842767975137_3343638479754322671_n.jpg 1080w\" sizes=\"auto, (max-width: 1024px) 100vw, 1024px\" \/><\/figure>\n\n\n\n<figure class=\"wp-block-image size-large\"><img loading=\"lazy\" decoding=\"async\" width=\"1024\" height=\"768\" data-id=\"107233\" src=\"https:\/\/elmetropolitano.com.gt\/es\/wp-content\/uploads\/2025\/07\/519585403_1274842817975132_3752915346352505857_n-1024x768.jpg\" alt=\"\" class=\"wp-image-107233\" srcset=\"https:\/\/elmetropolitano.com.gt\/es\/wp-content\/uploads\/2025\/07\/519585403_1274842817975132_3752915346352505857_n-1024x768.jpg 1024w, https:\/\/elmetropolitano.com.gt\/es\/wp-content\/uploads\/2025\/07\/519585403_1274842817975132_3752915346352505857_n-300x225.jpg 300w, https:\/\/elmetropolitano.com.gt\/es\/wp-content\/uploads\/2025\/07\/519585403_1274842817975132_3752915346352505857_n-768x576.jpg 768w, https:\/\/elmetropolitano.com.gt\/es\/wp-content\/uploads\/2025\/07\/519585403_1274842817975132_3752915346352505857_n-1536x1152.jpg 1536w, https:\/\/elmetropolitano.com.gt\/es\/wp-content\/uploads\/2025\/07\/519585403_1274842817975132_3752915346352505857_n.jpg 1600w\" sizes=\"auto, (max-width: 1024px) 100vw, 1024px\" \/><\/figure>\n\n\n\n<figure class=\"wp-block-image size-large\"><img loading=\"lazy\" decoding=\"async\" width=\"936\" height=\"1024\" data-id=\"107231\" src=\"https:\/\/elmetropolitano.com.gt\/es\/wp-content\/uploads\/2025\/07\/519678406_1274842781308469_2221248444780173531_n-1-936x1024.jpg\" alt=\"\" class=\"wp-image-107231\" srcset=\"https:\/\/elmetropolitano.com.gt\/es\/wp-content\/uploads\/2025\/07\/519678406_1274842781308469_2221248444780173531_n-1-936x1024.jpg 936w, https:\/\/elmetropolitano.com.gt\/es\/wp-content\/uploads\/2025\/07\/519678406_1274842781308469_2221248444780173531_n-1-274x300.jpg 274w, https:\/\/elmetropolitano.com.gt\/es\/wp-content\/uploads\/2025\/07\/519678406_1274842781308469_2221248444780173531_n-1-768x840.jpg 768w, https:\/\/elmetropolitano.com.gt\/es\/wp-content\/uploads\/2025\/07\/519678406_1274842781308469_2221248444780173531_n-1-1404x1536.jpg 1404w, https:\/\/elmetropolitano.com.gt\/es\/wp-content\/uploads\/2025\/07\/519678406_1274842781308469_2221248444780173531_n-1.jpg 1872w\" sizes=\"auto, (max-width: 936px) 100vw, 936px\" \/><\/figure>\n<\/figure>\n","protected":false},"excerpt":{"rendered":"<p>En la aldea Mariscos, Los Amates, Izabal fue inaugurada la tercera sede de la Divisi\u00f3n de Seguridad Tur\u00edstica DISETUR en el departamento, la cual se suma a las 18 delegaciones existentes a nivel nacional. La nueva sede est\u00e1 ubicada en el muelle municipal de Mariscos, Izabal. El acto cont\u00f3 con la participaci\u00f3n del Director General <a class=\"read-more\" href=\"https:\/\/elmetropolitano.com.gt\/es\/pnc-refuerza-seguridad-de-turistas-con-nueva-sede-de-disetur-en-izabal\/\">Leer m\u00e1s<\/a><\/p>\n","protected":false},"author":1,"featured_media":107228,"comment_status":"open","ping_status":"closed","sticky":false,"template":"","format":"standard","meta":{"footnotes":""},"categories":[4],"tags":[13],"class_list":["post-107227","post","type-post","status-publish","format-standard","has-post-thumbnail","hentry","category-departamentales","tag-departamentales"],"_links":{"self":[{"href":"https:\/\/elmetropolitano.com.gt\/es\/wp-json\/wp\/v2\/posts\/107227","targetHints":{"allow":["GET"]}}],"collection":[{"href":"https:\/\/elmetropolitano.com.gt\/es\/wp-json\/wp\/v2\/posts"}],"about":[{"href":"https:\/\/elmetropolitano.com.gt\/es\/wp-json\/wp\/v2\/types\/post"}],"author":[{"embeddable":true,"href":"https:\/\/elmetropolitano.com.gt\/es\/wp-json\/wp\/v2\/users\/1"}],"replies":[{"embeddable":true,"href":"https:\/\/elmetropolitano.com.gt\/es\/wp-json\/wp\/v2\/comments?post=107227"}],"version-history":[{"count":1,"href":"https:\/\/elmetropolitano.com.gt\/es\/wp-json\/wp\/v2\/posts\/107227\/revisions"}],"predecessor-version":[{"id":107234,"href":"https:\/\/elmetropolitano.com.gt\/es\/wp-json\/wp\/v2\/posts\/107227\/revisions\/107234"}],"wp:featuredmedia":[{"embeddable":true,"href":"https:\/\/elmetropolitano.com.gt\/es\/wp-json\/wp\/v2\/media\/107228"}],"wp:attachment":[{"href":"https:\/\/elmetropolitano.com.gt\/es\/wp-json\/wp\/v2\/media?parent=107227"}],"wp:term":[{"taxonomy":"category","embeddable":true,"href":"https:\/\/elmetropolitano.com.gt\/es\/wp-json\/wp\/v2\/categories?post=107227"},{"taxonomy":"post_tag","embeddable":true,"href":"https:\/\/elmetropolitano.com.gt\/es\/wp-json\/wp\/v2\/tags?post=107227"}],"curies":[{"name":"wp","href":"https:\/\/api.w.org\/{rel}","templated":true}]}}