{"id":107349,"date":"2025-07-18T10:22:04","date_gmt":"2025-07-18T16:22:04","guid":{"rendered":"https:\/\/elmetropolitano.com.gt\/es\/?p=107349"},"modified":"2025-07-18T10:22:05","modified_gmt":"2025-07-18T16:22:05","slug":"provial-capacita-a-la-pmt-de-cantel-en-senalizacion-y-operativos","status":"publish","type":"post","link":"https:\/\/elmetropolitano.com.gt\/es\/provial-capacita-a-la-pmt-de-cantel-en-senalizacion-y-operativos\/","title":{"rendered":"Provial capacita a la PMT de Cantel en se\u00f1alizaci\u00f3n y operativos"},"content":{"rendered":"\n<p><a><\/a>En Cantel, Quetzaltenango, los agentes de tr\u00e1nsito no solo dirigen veh\u00edculos; ahora tambi\u00e9n est\u00e1n mejor preparados para guiar a la ciudadan\u00eda con conocimiento, empat\u00eda y t\u00e9cnica. Como parte del compromiso por elevar los est\u00e1ndares de seguridad vial en todo el pa\u00eds, la Direcci\u00f3n General de Protecci\u00f3n y Seguridad VialProvial-, desarroll\u00f3 una jornada de capacitaci\u00f3n especializada para 15 agentes de la Polic\u00eda Municipal de Tr\u00e1nsito -PMT, de este municipio.<\/p>\n\n\n\n<p>La formaci\u00f3n abord\u00f3 temas clave que van desde la atenci\u00f3n al ciudadano hasta la ejecuci\u00f3n de operativos con est\u00e1ndares t\u00e9cnicos.<\/p><div class=\"elmet-contenido\" id=\"elmet-1134531909\"><div class=\"elmet-adlabel\">Anuncios<\/div><div style=\"margin-top: 20px;margin-right: 20px;margin-bottom: 20px;margin-left: 20px;\" id=\"elmet-1269482014\"><a href=\"https:\/\/www.facebook.com\/arrincuanantigua\/\" aria-label=\"cintillo-arrin-cual\"><img loading=\"lazy\" decoding=\"async\" src=\"https:\/\/elmetropolitano.com.gt\/es\/wp-content\/uploads\/2021\/11\/cintillo-arrin-cual-1.jpg\" alt=\"\"  srcset=\"https:\/\/elmetropolitano.com.gt\/es\/wp-content\/uploads\/2021\/11\/cintillo-arrin-cual-1.jpg 750w, https:\/\/elmetropolitano.com.gt\/es\/wp-content\/uploads\/2021\/11\/cintillo-arrin-cual-1-300x36.jpg 300w, https:\/\/elmetropolitano.com.gt\/es\/wp-content\/uploads\/2021\/11\/cintillo-arrin-cual-1-600x72.jpg 600w\" sizes=\"(max-width: 750px) 100vw, 750px\" width=\"750\" height=\"90\"   \/><\/a><\/div><\/div>\n\n\n\n<p>Entre los contenidos impartidos se incluyeron:<\/p>\n\n\n\n<p>\u2022 Relaciones humanas y servicio al cliente, con el objetivo de fortalecer la interacci\u00f3n entre los agentes y la poblaci\u00f3n.<\/p>\n\n\n\n<p>\u2022 Interpretaci\u00f3n y aplicaci\u00f3n de se\u00f1ales de tr\u00e1nsito, fundamentales para mantener el orden y la fluidez vehicular.<\/p>\n\n\n\n<p>\u2022 Dise\u00f1o e implementaci\u00f3n de operativos viales, incluyendo t\u00e9cnicas de reversibles y operativos especiales, \u00fatiles durante horas pico o eventos de alta concentraci\u00f3n vehicular.<\/p>\n\n\n\n<p>\u2022 Uso correcto de se\u00f1alizaci\u00f3n y conificaci\u00f3n, herramientas cruciales para la protecci\u00f3n de peatones, conductores y del personal operativo en campo.<\/p>\n\n\n\n<p>\u201cUna buena se\u00f1al puede evitar un mal momento\u201d, coment\u00f3 uno de los capacitadores, destacando la importancia de los peque\u00f1os detalles en la prevenci\u00f3n de accidentes.<\/p>\n\n\n\n<p>Este tipo de formaciones no solo fortalecen el desempe\u00f1o t\u00e9cnico del personal de tr\u00e1nsito, sino que tambi\u00e9n promueven una cultura de respeto, prevenci\u00f3n y servicio p\u00fablico.<\/p>\n\n\n\n<p>La PMT de Cantel expres\u00f3 su agradecimiento por el acompa\u00f1amiento de Provial, subrayando que este tipo de iniciativas representan un paso clave hacia una gesti\u00f3n del tr\u00e1nsito m\u00e1s eficiente y humana.<\/p>\n\n\n\n<p>Adem\u00e1s, esta actividad se enmarca en la estrategia nacional de fortalecimiento institucional y modernizaci\u00f3n, promovida por el Ministerio de Comunicaciones, Infraestructura y Vivienda (CIV), que busca profesionalizar a los actores locales del sistema vial para que est\u00e9n mejor preparados ante los desaf\u00edos actuales del transporte y la movilidad.<\/p>\n\n\n\n<p>Con cada capacitaci\u00f3n, PROVIAL reafirma su misi\u00f3n: proteger, servir y conectar a Guatemala de manera segura, ordenada y responsable. Porque detr\u00e1s de cada agente bien preparado, hay una carretera m\u00e1s segura para todos.<\/p>\n\n\n\n<p><a href=\"https:\/\/www.facebook.com\/hashtag\/provial?__eep__=6&amp;__cft__[0]=AZVIxQjodb5WwbxLrQfEvRc36U2kkXiNe6GU945mwgTLe1uTP6iusxE7UMlgmqBSKFjoNsgaJN_0n1DPNm3rw8mlUKYdqoJA2wUdvDBNt4iZXuhCs8mlhedydfDM7GF0LkfHOCoRDR8LdSixnRaE4HsjcNDpvbXoQnLzvPR87b1KiFy_r53XthcuunqjtHJp5Xo&amp;__tn__=*NK-R\">#Provial<\/a><a href=\"https:\/\/www.facebook.com\/hashtag\/pmtcantel?__eep__=6&amp;__cft__[0]=AZVIxQjodb5WwbxLrQfEvRc36U2kkXiNe6GU945mwgTLe1uTP6iusxE7UMlgmqBSKFjoNsgaJN_0n1DPNm3rw8mlUKYdqoJA2wUdvDBNt4iZXuhCs8mlhedydfDM7GF0LkfHOCoRDR8LdSixnRaE4HsjcNDpvbXoQnLzvPR87b1KiFy_r53XthcuunqjtHJp5Xo&amp;__tn__=*NK-R\">#pmtcantel<\/a><a href=\"https:\/\/www.facebook.com\/hashtag\/quetzaltenango?__eep__=6&amp;__cft__[0]=AZVIxQjodb5WwbxLrQfEvRc36U2kkXiNe6GU945mwgTLe1uTP6iusxE7UMlgmqBSKFjoNsgaJN_0n1DPNm3rw8mlUKYdqoJA2wUdvDBNt4iZXuhCs8mlhedydfDM7GF0LkfHOCoRDR8LdSixnRaE4HsjcNDpvbXoQnLzvPR87b1KiFy_r53XthcuunqjtHJp5Xo&amp;__tn__=*NK-R\">#Quetzaltenango<\/a><\/p>\n\n\n\n<figure class=\"wp-block-gallery has-nested-images columns-default is-cropped wp-block-gallery-1 is-layout-flex wp-block-gallery-is-layout-flex\">\n<figure class=\"wp-block-image size-large\"><img loading=\"lazy\" decoding=\"async\" width=\"190\" height=\"142\" data-id=\"107351\" src=\"https:\/\/elmetropolitano.com.gt\/es\/wp-content\/uploads\/2025\/07\/518118460_1275805917878822_310076570085847211_n-1.jpg\" alt=\"\" class=\"wp-image-107351\"\/><\/figure>\n\n\n\n<figure class=\"wp-block-image size-large\"><img loading=\"lazy\" decoding=\"async\" width=\"800\" height=\"500\" data-id=\"107352\" src=\"https:\/\/elmetropolitano.com.gt\/es\/wp-content\/uploads\/2025\/07\/518345714_1275805914545489_1801912663431899889_n.jpg\" alt=\"\" class=\"wp-image-107352\" srcset=\"https:\/\/elmetropolitano.com.gt\/es\/wp-content\/uploads\/2025\/07\/518345714_1275805914545489_1801912663431899889_n.jpg 800w, https:\/\/elmetropolitano.com.gt\/es\/wp-content\/uploads\/2025\/07\/518345714_1275805914545489_1801912663431899889_n-300x188.jpg 300w, https:\/\/elmetropolitano.com.gt\/es\/wp-content\/uploads\/2025\/07\/518345714_1275805914545489_1801912663431899889_n-768x480.jpg 768w\" sizes=\"auto, (max-width: 800px) 100vw, 800px\" \/><\/figure>\n\n\n\n<figure class=\"wp-block-image size-large\"><img loading=\"lazy\" decoding=\"async\" width=\"190\" height=\"142\" data-id=\"107353\" src=\"https:\/\/elmetropolitano.com.gt\/es\/wp-content\/uploads\/2025\/07\/518352558_1275805957878818_2032522444236150018_n.jpg\" alt=\"\" class=\"wp-image-107353\"\/><\/figure>\n\n\n\n<figure class=\"wp-block-image size-large\"><img loading=\"lazy\" decoding=\"async\" width=\"190\" height=\"142\" data-id=\"107354\" src=\"https:\/\/elmetropolitano.com.gt\/es\/wp-content\/uploads\/2025\/07\/518372899_1275805944545486_743419658466479577_n.jpg\" alt=\"\" class=\"wp-image-107354\"\/><\/figure>\n<\/figure>\n","protected":false},"excerpt":{"rendered":"<p>En Cantel, Quetzaltenango, los agentes de tr\u00e1nsito no solo dirigen veh\u00edculos; ahora tambi\u00e9n est\u00e1n mejor preparados para guiar a la ciudadan\u00eda con conocimiento, empat\u00eda y t\u00e9cnica. Como parte del compromiso por elevar los est\u00e1ndares de seguridad vial en todo el pa\u00eds, la Direcci\u00f3n General de Protecci\u00f3n y Seguridad VialProvial-, desarroll\u00f3 una jornada de capacitaci\u00f3n especializada <a class=\"read-more\" href=\"https:\/\/elmetropolitano.com.gt\/es\/provial-capacita-a-la-pmt-de-cantel-en-senalizacion-y-operativos\/\">Leer m\u00e1s<\/a><\/p>\n","protected":false},"author":1,"featured_media":107350,"comment_status":"open","ping_status":"closed","sticky":false,"template":"","format":"standard","meta":{"footnotes":""},"categories":[4],"tags":[13],"class_list":["post-107349","post","type-post","status-publish","format-standard","has-post-thumbnail","hentry","category-departamentales","tag-departamentales"],"_links":{"self":[{"href":"https:\/\/elmetropolitano.com.gt\/es\/wp-json\/wp\/v2\/posts\/107349","targetHints":{"allow":["GET"]}}],"collection":[{"href":"https:\/\/elmetropolitano.com.gt\/es\/wp-json\/wp\/v2\/posts"}],"about":[{"href":"https:\/\/elmetropolitano.com.gt\/es\/wp-json\/wp\/v2\/types\/post"}],"author":[{"embeddable":true,"href":"https:\/\/elmetropolitano.com.gt\/es\/wp-json\/wp\/v2\/users\/1"}],"replies":[{"embeddable":true,"href":"https:\/\/elmetropolitano.com.gt\/es\/wp-json\/wp\/v2\/comments?post=107349"}],"version-history":[{"count":1,"href":"https:\/\/elmetropolitano.com.gt\/es\/wp-json\/wp\/v2\/posts\/107349\/revisions"}],"predecessor-version":[{"id":107355,"href":"https:\/\/elmetropolitano.com.gt\/es\/wp-json\/wp\/v2\/posts\/107349\/revisions\/107355"}],"wp:featuredmedia":[{"embeddable":true,"href":"https:\/\/elmetropolitano.com.gt\/es\/wp-json\/wp\/v2\/media\/107350"}],"wp:attachment":[{"href":"https:\/\/elmetropolitano.com.gt\/es\/wp-json\/wp\/v2\/media?parent=107349"}],"wp:term":[{"taxonomy":"category","embeddable":true,"href":"https:\/\/elmetropolitano.com.gt\/es\/wp-json\/wp\/v2\/categories?post=107349"},{"taxonomy":"post_tag","embeddable":true,"href":"https:\/\/elmetropolitano.com.gt\/es\/wp-json\/wp\/v2\/tags?post=107349"}],"curies":[{"name":"wp","href":"https:\/\/api.w.org\/{rel}","templated":true}]}}