{"id":107377,"date":"2025-07-18T10:34:34","date_gmt":"2025-07-18T16:34:34","guid":{"rendered":"https:\/\/elmetropolitano.com.gt\/es\/?p=107377"},"modified":"2025-07-18T10:34:35","modified_gmt":"2025-07-18T16:34:35","slug":"capturan-a-tres-ecuatorianos-que-viajaban-en-embarcacion-llevando-cargamento-de-droga","status":"publish","type":"post","link":"https:\/\/elmetropolitano.com.gt\/es\/capturan-a-tres-ecuatorianos-que-viajaban-en-embarcacion-llevando-cargamento-de-droga\/","title":{"rendered":"Capturan a tres ecuatorianos que viajaban en embarcaci\u00f3n llevando cargamento de droga"},"content":{"rendered":"\n<p><a><\/a>Polic\u00edas antinarc\u00f3ticos de la SGAIA capturaron y trasladaron a un juzgado a los ecuatorianos Juan Javier T\u00f3mala De la Cruz, de 33 a\u00f1os, Junior Daniel Quijije Vera, de 25 a\u00f1os y Julio Eduardo Franco Quijije, de 38 a\u00f1os, que fueron sorprendidos por la Marina de la Defensa Nacional del Ej\u00e9rcito de Guatemala en aguas del Pac\u00edfico en una embarcaci\u00f3n trasladando il\u00edcitos.<\/p>\n\n\n\n<p>En un operativo antinarc\u00f3tico interinstitucional en el Comando Naval del Pac\u00edfico, polic\u00edas antinarc\u00f3ticos junto al Ej\u00e9rcito de Guatemala y fiscales se realiz\u00f3 el conteo de 1,500 paquetes con coca\u00edna que eran trasladados en 38 tulas en una embarcaci\u00f3n tipo lancha en aguas del pac\u00edfico, puerto San Jos\u00e9, Escuintla.<\/p><div class=\"elmet-contenido\" id=\"elmet-159484410\"><div class=\"elmet-adlabel\">Anuncios<\/div><div style=\"margin-top: 20px;margin-right: 20px;margin-bottom: 20px;margin-left: 20px;\" id=\"elmet-2753198521\"><a href=\"https:\/\/www.facebook.com\/arrincuanantigua\/\" aria-label=\"cintillo-arrin-cual\"><img loading=\"lazy\" decoding=\"async\" src=\"https:\/\/elmetropolitano.com.gt\/es\/wp-content\/uploads\/2021\/11\/cintillo-arrin-cual-1.jpg\" alt=\"\"  srcset=\"https:\/\/elmetropolitano.com.gt\/es\/wp-content\/uploads\/2021\/11\/cintillo-arrin-cual-1.jpg 750w, https:\/\/elmetropolitano.com.gt\/es\/wp-content\/uploads\/2021\/11\/cintillo-arrin-cual-1-300x36.jpg 300w, https:\/\/elmetropolitano.com.gt\/es\/wp-content\/uploads\/2021\/11\/cintillo-arrin-cual-1-600x72.jpg 600w\" sizes=\"(max-width: 750px) 100vw, 750px\" width=\"750\" height=\"90\"   \/><\/a><\/div><\/div>\n\n\n\n<p>La droga ser\u00e1 trasladada por personal de la SGAIA hacia las bodegas de la zona 6.<\/p>\n\n\n\n<p><a href=\"https:\/\/www.facebook.com\/hashtag\/ejercitogt?__eep__=6&amp;__cft__[0]=AZUd70MaoRuyWuz2TM5g4Km6K_ZFYDBjr_qbP0oNiivH2N5tK2tSmECBe0rdwHy8Qr-uFGCJs-Q3XSlTQoWFP7ijDIHDYXhZxl7xArJf7xWcEZTbvhFf08uWKqF5Lk4HmAoG6iJ8Te5k6Z_dpdlSzE2o&amp;__tn__=*NK-R\">#EjercitoGT<\/a><a href=\"https:\/\/www.facebook.com\/hashtag\/metroredes?__eep__=6&amp;__cft__[0]=AZUd70MaoRuyWuz2TM5g4Km6K_ZFYDBjr_qbP0oNiivH2N5tK2tSmECBe0rdwHy8Qr-uFGCJs-Q3XSlTQoWFP7ijDIHDYXhZxl7xArJf7xWcEZTbvhFf08uWKqF5Lk4HmAoG6iJ8Te5k6Z_dpdlSzE2o&amp;__tn__=*NK-R\">#metroredes<\/a><a href=\"https:\/\/www.facebook.com\/hashtag\/pncdeguatemala?__eep__=6&amp;__cft__[0]=AZUd70MaoRuyWuz2TM5g4Km6K_ZFYDBjr_qbP0oNiivH2N5tK2tSmECBe0rdwHy8Qr-uFGCJs-Q3XSlTQoWFP7ijDIHDYXhZxl7xArJf7xWcEZTbvhFf08uWKqF5Lk4HmAoG6iJ8Te5k6Z_dpdlSzE2o&amp;__tn__=*NK-R\">#PNCdeGuatemala<\/a>  <a href=\"https:\/\/www.facebook.com\/hashtag\/pncenacci%C3%B3n?__eep__=6&amp;__cft__[0]=AZUd70MaoRuyWuz2TM5g4Km6K_ZFYDBjr_qbP0oNiivH2N5tK2tSmECBe0rdwHy8Qr-uFGCJs-Q3XSlTQoWFP7ijDIHDYXhZxl7xArJf7xWcEZTbvhFf08uWKqF5Lk4HmAoG6iJ8Te5k6Z_dpdlSzE2o&amp;__tn__=*NK-R\">#PNCenAcci\u00f3n<\/a><\/p>\n","protected":false},"excerpt":{"rendered":"<p>Polic\u00edas antinarc\u00f3ticos de la SGAIA capturaron y trasladaron a un juzgado a los ecuatorianos Juan Javier T\u00f3mala De la Cruz, de 33 a\u00f1os, Junior Daniel Quijije Vera, de 25 a\u00f1os y Julio Eduardo Franco Quijije, de 38 a\u00f1os, que fueron sorprendidos por la Marina de la Defensa Nacional del Ej\u00e9rcito de Guatemala en aguas del <a class=\"read-more\" href=\"https:\/\/elmetropolitano.com.gt\/es\/capturan-a-tres-ecuatorianos-que-viajaban-en-embarcacion-llevando-cargamento-de-droga\/\">Leer m\u00e1s<\/a><\/p>\n","protected":false},"author":1,"featured_media":107378,"comment_status":"open","ping_status":"closed","sticky":false,"template":"","format":"standard","meta":{"footnotes":""},"categories":[4],"tags":[13],"class_list":["post-107377","post","type-post","status-publish","format-standard","has-post-thumbnail","hentry","category-departamentales","tag-departamentales"],"_links":{"self":[{"href":"https:\/\/elmetropolitano.com.gt\/es\/wp-json\/wp\/v2\/posts\/107377","targetHints":{"allow":["GET"]}}],"collection":[{"href":"https:\/\/elmetropolitano.com.gt\/es\/wp-json\/wp\/v2\/posts"}],"about":[{"href":"https:\/\/elmetropolitano.com.gt\/es\/wp-json\/wp\/v2\/types\/post"}],"author":[{"embeddable":true,"href":"https:\/\/elmetropolitano.com.gt\/es\/wp-json\/wp\/v2\/users\/1"}],"replies":[{"embeddable":true,"href":"https:\/\/elmetropolitano.com.gt\/es\/wp-json\/wp\/v2\/comments?post=107377"}],"version-history":[{"count":1,"href":"https:\/\/elmetropolitano.com.gt\/es\/wp-json\/wp\/v2\/posts\/107377\/revisions"}],"predecessor-version":[{"id":107379,"href":"https:\/\/elmetropolitano.com.gt\/es\/wp-json\/wp\/v2\/posts\/107377\/revisions\/107379"}],"wp:featuredmedia":[{"embeddable":true,"href":"https:\/\/elmetropolitano.com.gt\/es\/wp-json\/wp\/v2\/media\/107378"}],"wp:attachment":[{"href":"https:\/\/elmetropolitano.com.gt\/es\/wp-json\/wp\/v2\/media?parent=107377"}],"wp:term":[{"taxonomy":"category","embeddable":true,"href":"https:\/\/elmetropolitano.com.gt\/es\/wp-json\/wp\/v2\/categories?post=107377"},{"taxonomy":"post_tag","embeddable":true,"href":"https:\/\/elmetropolitano.com.gt\/es\/wp-json\/wp\/v2\/tags?post=107377"}],"curies":[{"name":"wp","href":"https:\/\/api.w.org\/{rel}","templated":true}]}}