{"id":107425,"date":"2025-07-19T15:30:13","date_gmt":"2025-07-19T21:30:13","guid":{"rendered":"https:\/\/elmetropolitano.com.gt\/es\/?p=107425"},"modified":"2025-07-19T15:30:14","modified_gmt":"2025-07-19T21:30:14","slug":"sicarios-interrumpen-en-velorio-y-asesinan-a-cinco-personas-y-dejan-diez-heridos","status":"publish","type":"post","link":"https:\/\/elmetropolitano.com.gt\/es\/sicarios-interrumpen-en-velorio-y-asesinan-a-cinco-personas-y-dejan-diez-heridos\/","title":{"rendered":"Sicarios interrumpen en velorio y asesinan a cinco personas y dejan diez heridos"},"content":{"rendered":"\n<p>Un ataque armado perpetrado la madrugada de este s\u00e1bado, en la colonia Concepci\u00f3n, zona 3 de la cabecera departamental de Retalhuleu, mientras se desarrollaba un velorio dej\u00f3 el saldo de cinco muertos y diez heridos<\/p>\n\n\n\n<p>La versi\u00f3n recabada en el lugar indica que varios hombres armados irrumpieron en el velorio y abrieron fuego indiscriminadamente contra los asistentes. Posteriormente, estos sicarios huyeron en dos motocicletas.<\/p><div class=\"elmet-contenido\" id=\"elmet-2893150950\"><div class=\"elmet-adlabel\">Anuncios<\/div><div style=\"margin-top: 20px;margin-right: 20px;margin-bottom: 20px;margin-left: 20px;\" id=\"elmet-215932778\"><a href=\"https:\/\/www.facebook.com\/arrincuanantigua\/\" aria-label=\"cintillo-arrin-cual\"><img loading=\"lazy\" decoding=\"async\" src=\"https:\/\/elmetropolitano.com.gt\/es\/wp-content\/uploads\/2021\/11\/cintillo-arrin-cual-1.jpg\" alt=\"\"  srcset=\"https:\/\/elmetropolitano.com.gt\/es\/wp-content\/uploads\/2021\/11\/cintillo-arrin-cual-1.jpg 750w, https:\/\/elmetropolitano.com.gt\/es\/wp-content\/uploads\/2021\/11\/cintillo-arrin-cual-1-300x36.jpg 300w, https:\/\/elmetropolitano.com.gt\/es\/wp-content\/uploads\/2021\/11\/cintillo-arrin-cual-1-600x72.jpg 600w\" sizes=\"(max-width: 750px) 100vw, 750px\" width=\"750\" height=\"90\"   \/><\/a><\/div><\/div>\n\n\n\n<p>Los fallecidos<\/p>\n\n\n\n<p>-Cristian Ricardo Sol\u00eds Gonz\u00e1lez<\/p>\n\n\n\n<p>-Cristian Giovanny Qui\u00f1\u00f3nez Ovando<\/p>\n\n\n\n<p>-Luis Alberto L\u00f3pez Hern\u00e1ndez, 18 a\u00f1os<\/p>\n\n\n\n<p>-Luis Imnazio Leppe Hern\u00e1ndez<\/p>\n\n\n\n<p>-Un hombre en silla de ruedas, conocido \u00fanicamente como \u201cConga\u201d<\/p>\n\n\n\n<p>Heridos llevados a la emergencia del Hospital de Aretalhuleu<\/p>\n\n\n\n<p>-Cornelio Mart\u00ednez<\/p>\n\n\n\n<p>-\u00d3scar Cifuentes<\/p>\n\n\n\n<p>-Sherlin Sarce\u00f1o<\/p>\n\n\n\n<p>-Jos\u00e9 Daniel Besestre<\/p>\n\n\n\n<p>-Francisco Eduardo<\/p>\n\n\n\n<p>-Juan Carlos Rivera<\/p>\n\n\n\n<p>-Jos\u00e9 Carlos Meyer<\/p>\n\n\n\n<p>Hay un Capturado<\/p>\n\n\n\n<p>Al conocerse del ataque la Polic\u00eda Nacional Civil PNC realiz\u00f3 un operativos y fue capturado Bairon Estuardo Garc\u00eda, a quien se le decomis\u00f3 una mochila con un rev\u00f3lver y una motocicleta que se presume fue utilizada para escapar del lugar del crimen.<\/p>\n\n\n\n<p>Peritos del Ministerio P\u00fablico MP se encuentran en la escena del crimen recabando toda la evidencia para la investigaci\u00f3n respectiva<\/p>\n\n\n\n<p><a href=\"https:\/\/www.facebook.com\/hashtag\/pncdeguatemala?__eep__=6&amp;__cft__[0]=AZUJTeuZS7Yxd0UXfqBehps6JbY8g8qOpELDDT_hPpNCycyZ1FpTtZf43ZN4pEbUUs4Tvh9CdpGtee9spBV6NqZ0Yj_YqUSreY_JPJ_ELqRHVeA5lZ6d6PawirC_eugkGp3ncIl4FpCNTW6fUayApjz0wPpKk2yYQCP71hNdBB-e1DcurQhjJ0c5XW1B_G64Y_Y&amp;__tn__=*NK-R\">#PNCdeGuatemala<\/a><a href=\"https:\/\/www.facebook.com\/hashtag\/violencia?__eep__=6&amp;__cft__[0]=AZUJTeuZS7Yxd0UXfqBehps6JbY8g8qOpELDDT_hPpNCycyZ1FpTtZf43ZN4pEbUUs4Tvh9CdpGtee9spBV6NqZ0Yj_YqUSreY_JPJ_ELqRHVeA5lZ6d6PawirC_eugkGp3ncIl4FpCNTW6fUayApjz0wPpKk2yYQCP71hNdBB-e1DcurQhjJ0c5XW1B_G64Y_Y&amp;__tn__=*NK-R\">#Violencia<\/a>  <a href=\"https:\/\/www.facebook.com\/hashtag\/retalhuleu?__eep__=6&amp;__cft__[0]=AZUJTeuZS7Yxd0UXfqBehps6JbY8g8qOpELDDT_hPpNCycyZ1FpTtZf43ZN4pEbUUs4Tvh9CdpGtee9spBV6NqZ0Yj_YqUSreY_JPJ_ELqRHVeA5lZ6d6PawirC_eugkGp3ncIl4FpCNTW6fUayApjz0wPpKk2yYQCP71hNdBB-e1DcurQhjJ0c5XW1B_G64Y_Y&amp;__tn__=*NK-R\">#retalhuleu<\/a><a href=\"https:\/\/www.facebook.com\/hashtag\/mpfuerteyfirme?__eep__=6&amp;__cft__[0]=AZUJTeuZS7Yxd0UXfqBehps6JbY8g8qOpELDDT_hPpNCycyZ1FpTtZf43ZN4pEbUUs4Tvh9CdpGtee9spBV6NqZ0Yj_YqUSreY_JPJ_ELqRHVeA5lZ6d6PawirC_eugkGp3ncIl4FpCNTW6fUayApjz0wPpKk2yYQCP71hNdBB-e1DcurQhjJ0c5XW1B_G64Y_Y&amp;__tn__=*NK-R\">#MPfuerteYfirme<\/a><\/p>\n\n\n\n<figure class=\"wp-block-gallery has-nested-images columns-default is-cropped wp-block-gallery-1 is-layout-flex wp-block-gallery-is-layout-flex\">\n<figure class=\"wp-block-image size-large\"><img loading=\"lazy\" decoding=\"async\" width=\"1024\" height=\"1024\" data-id=\"107428\" src=\"https:\/\/elmetropolitano.com.gt\/es\/wp-content\/uploads\/2025\/07\/518385841_1277176791075068_546849811646516250_n-1-1024x1024.jpg\" alt=\"\" class=\"wp-image-107428\" srcset=\"https:\/\/elmetropolitano.com.gt\/es\/wp-content\/uploads\/2025\/07\/518385841_1277176791075068_546849811646516250_n-1-1024x1024.jpg 1024w, https:\/\/elmetropolitano.com.gt\/es\/wp-content\/uploads\/2025\/07\/518385841_1277176791075068_546849811646516250_n-1-300x300.jpg 300w, https:\/\/elmetropolitano.com.gt\/es\/wp-content\/uploads\/2025\/07\/518385841_1277176791075068_546849811646516250_n-1-150x150.jpg 150w, https:\/\/elmetropolitano.com.gt\/es\/wp-content\/uploads\/2025\/07\/518385841_1277176791075068_546849811646516250_n-1-768x768.jpg 768w, https:\/\/elmetropolitano.com.gt\/es\/wp-content\/uploads\/2025\/07\/518385841_1277176791075068_546849811646516250_n-1.jpg 1080w\" sizes=\"auto, (max-width: 1024px) 100vw, 1024px\" \/><\/figure>\n\n\n\n<figure class=\"wp-block-image size-large\"><img loading=\"lazy\" decoding=\"async\" width=\"960\" height=\"720\" data-id=\"107427\" src=\"https:\/\/elmetropolitano.com.gt\/es\/wp-content\/uploads\/2025\/07\/519357530_1277176484408432_6911241277322503091_n.jpg\" alt=\"\" class=\"wp-image-107427\" srcset=\"https:\/\/elmetropolitano.com.gt\/es\/wp-content\/uploads\/2025\/07\/519357530_1277176484408432_6911241277322503091_n.jpg 960w, https:\/\/elmetropolitano.com.gt\/es\/wp-content\/uploads\/2025\/07\/519357530_1277176484408432_6911241277322503091_n-300x225.jpg 300w, https:\/\/elmetropolitano.com.gt\/es\/wp-content\/uploads\/2025\/07\/519357530_1277176484408432_6911241277322503091_n-768x576.jpg 768w\" sizes=\"auto, (max-width: 960px) 100vw, 960px\" \/><\/figure>\n<\/figure>\n","protected":false},"excerpt":{"rendered":"<p>Un ataque armado perpetrado la madrugada de este s\u00e1bado, en la colonia Concepci\u00f3n, zona 3 de la cabecera departamental de Retalhuleu, mientras se desarrollaba un velorio dej\u00f3 el saldo de cinco muertos y diez heridos La versi\u00f3n recabada en el lugar indica que varios hombres armados irrumpieron en el velorio y abrieron fuego indiscriminadamente contra <a class=\"read-more\" href=\"https:\/\/elmetropolitano.com.gt\/es\/sicarios-interrumpen-en-velorio-y-asesinan-a-cinco-personas-y-dejan-diez-heridos\/\">Leer m\u00e1s<\/a><\/p>\n","protected":false},"author":1,"featured_media":107426,"comment_status":"open","ping_status":"closed","sticky":false,"template":"","format":"standard","meta":{"footnotes":""},"categories":[4],"tags":[13],"class_list":["post-107425","post","type-post","status-publish","format-standard","has-post-thumbnail","hentry","category-departamentales","tag-departamentales"],"_links":{"self":[{"href":"https:\/\/elmetropolitano.com.gt\/es\/wp-json\/wp\/v2\/posts\/107425","targetHints":{"allow":["GET"]}}],"collection":[{"href":"https:\/\/elmetropolitano.com.gt\/es\/wp-json\/wp\/v2\/posts"}],"about":[{"href":"https:\/\/elmetropolitano.com.gt\/es\/wp-json\/wp\/v2\/types\/post"}],"author":[{"embeddable":true,"href":"https:\/\/elmetropolitano.com.gt\/es\/wp-json\/wp\/v2\/users\/1"}],"replies":[{"embeddable":true,"href":"https:\/\/elmetropolitano.com.gt\/es\/wp-json\/wp\/v2\/comments?post=107425"}],"version-history":[{"count":1,"href":"https:\/\/elmetropolitano.com.gt\/es\/wp-json\/wp\/v2\/posts\/107425\/revisions"}],"predecessor-version":[{"id":107429,"href":"https:\/\/elmetropolitano.com.gt\/es\/wp-json\/wp\/v2\/posts\/107425\/revisions\/107429"}],"wp:featuredmedia":[{"embeddable":true,"href":"https:\/\/elmetropolitano.com.gt\/es\/wp-json\/wp\/v2\/media\/107426"}],"wp:attachment":[{"href":"https:\/\/elmetropolitano.com.gt\/es\/wp-json\/wp\/v2\/media?parent=107425"}],"wp:term":[{"taxonomy":"category","embeddable":true,"href":"https:\/\/elmetropolitano.com.gt\/es\/wp-json\/wp\/v2\/categories?post=107425"},{"taxonomy":"post_tag","embeddable":true,"href":"https:\/\/elmetropolitano.com.gt\/es\/wp-json\/wp\/v2\/tags?post=107425"}],"curies":[{"name":"wp","href":"https:\/\/api.w.org\/{rel}","templated":true}]}}