{"id":107500,"date":"2025-07-20T15:52:59","date_gmt":"2025-07-20T21:52:59","guid":{"rendered":"https:\/\/elmetropolitano.com.gt\/es\/?p=107500"},"modified":"2025-07-20T15:53:00","modified_gmt":"2025-07-20T21:53:00","slug":"udevipo-promueve-soluciones-habitacionales-en-las-verapaces-por-medio-de-registro-de-asentamientos-informales","status":"publish","type":"post","link":"https:\/\/elmetropolitano.com.gt\/es\/udevipo-promueve-soluciones-habitacionales-en-las-verapaces-por-medio-de-registro-de-asentamientos-informales\/","title":{"rendered":"UDEVIPO promueve soluciones habitacionales en Las Verapaces por medio de registro de asentamientos informales"},"content":{"rendered":"\n<p><a><\/a>Con el prop\u00f3sito de mejorar la calidad de vida de las familias guatemaltecas y garantizar el acceso a una vivienda adecuada, la Unidad para el Desarrollo de Vivienda Popular (UDEVIPO) avanza en la implementaci\u00f3n del proyecto Registro de Asentamientos Informales en la regi\u00f3n de Las Verapaces. Esta iniciativa que se enfoca directamente a comunidades en situaci\u00f3n de vulnerabilidad, al permitir una mejor planificaci\u00f3n territorial y el dise\u00f1o de pol\u00edticas p\u00fablicas habitacionales m\u00e1s efectivas.<\/p>\n\n\n\n<p>Durante una reciente gira institucional por los municipios de Cob\u00e1n, San Juan Chamelco, San Pedro Carch\u00e1 y Santa Cruz Verapaz, UDEVIPO sostuvo reuniones estrat\u00e9gicas con autoridades locales, a fin de fortalecer la coordinaci\u00f3n interinstitucional y avanzar en tres acciones clave:<\/p><div class=\"elmet-contenido\" id=\"elmet-1792704123\"><div class=\"elmet-adlabel\">Anuncios<\/div><div style=\"margin-top: 20px;margin-right: 20px;margin-bottom: 20px;margin-left: 20px;\" id=\"elmet-4271451085\"><a href=\"https:\/\/www.facebook.com\/arrincuanantigua\/\" aria-label=\"cintillo-arrin-cual\"><img loading=\"lazy\" decoding=\"async\" src=\"https:\/\/elmetropolitano.com.gt\/es\/wp-content\/uploads\/2021\/11\/cintillo-arrin-cual-1.jpg\" alt=\"\"  srcset=\"https:\/\/elmetropolitano.com.gt\/es\/wp-content\/uploads\/2021\/11\/cintillo-arrin-cual-1.jpg 750w, https:\/\/elmetropolitano.com.gt\/es\/wp-content\/uploads\/2021\/11\/cintillo-arrin-cual-1-300x36.jpg 300w, https:\/\/elmetropolitano.com.gt\/es\/wp-content\/uploads\/2021\/11\/cintillo-arrin-cual-1-600x72.jpg 600w\" sizes=\"(max-width: 750px) 100vw, 750px\" width=\"750\" height=\"90\"   \/><\/a><\/div><\/div>\n\n\n\n<p>1. Presentaci\u00f3n t\u00e9cnica del proyecto a los gobiernos municipales, detallando su alcance, etapas y beneficios.<\/p>\n\n\n\n<p>2. Identificaci\u00f3n conjunta de comunidades que podr\u00edan calificarse como asentamientos informales, con base en criterios t\u00e9cnicos y sociales previamente establecidos.<\/p>\n\n\n\n<p>3. Reconocimiento en campo para validar in situ la situaci\u00f3n de los asentamientos propuestos.<\/p>\n\n\n\n<p>Como resultado de este trabajo conjunto, se solicit\u00f3 a las municipalidades la elaboraci\u00f3n de mapas georreferenciados, insumo esencial para el ordenamiento territorial y el acompa\u00f1amiento t\u00e9cnico que exige este tipo de procesos. Asimismo, se definieron fechas espec\u00edficas para que los equipos t\u00e9cnicos de UDEVIPO realicen el levantamiento de informaci\u00f3n en las comunidades, con el respaldo log\u00edstico de las alcald\u00edas.<\/p>\n\n\n\n<p>Esta intervenci\u00f3n es parte del compromiso institucional de UDEVIPO por acercar sus servicios a las regiones y colaborar estrechamente con los gobiernos locales, priorizando el derecho humano a la vivienda y la planificaci\u00f3n ordenada de los territorios<\/p>\n\n\n\n<p><a href=\"https:\/\/www.facebook.com\/hashtag\/udevipo?__eep__=6&amp;__cft__[0]=AZV9U_4vDuT_VTf4rBq7uQWKZnmNdVsdGVvt1mVlnzuuKmDaxCsaQM7UE7R9voCSwQL5fogpql2o1XeeZXFW5fqS9VZpk8on2AGypeuX4O6HyjankLJ3w8aBBKbLfCJlbZzh-UAMMSXr8yYfbXQfGeKCly3VsOyF6FW_BMI5kx8y8piivwCRi41IsKxOqet5Otg&amp;__tn__=*NK-R\">#udevipo<\/a><a href=\"https:\/\/www.facebook.com\/hashtag\/metroredes?__eep__=6&amp;__cft__[0]=AZV9U_4vDuT_VTf4rBq7uQWKZnmNdVsdGVvt1mVlnzuuKmDaxCsaQM7UE7R9voCSwQL5fogpql2o1XeeZXFW5fqS9VZpk8on2AGypeuX4O6HyjankLJ3w8aBBKbLfCJlbZzh-UAMMSXr8yYfbXQfGeKCly3VsOyF6FW_BMI5kx8y8piivwCRi41IsKxOqet5Otg&amp;__tn__=*NK-R\">#metroredes<\/a><\/p>\n\n\n\n<figure class=\"wp-block-gallery has-nested-images columns-default is-cropped wp-block-gallery-1 is-layout-flex wp-block-gallery-is-layout-flex\">\n<figure class=\"wp-block-image size-large\"><img loading=\"lazy\" decoding=\"async\" width=\"190\" height=\"127\" data-id=\"107502\" src=\"https:\/\/elmetropolitano.com.gt\/es\/wp-content\/uploads\/2025\/07\/519054239_1278080474318033_5145404749059906467_n.jpg\" alt=\"\" class=\"wp-image-107502\"\/><\/figure>\n\n\n\n<figure class=\"wp-block-image size-large\"><img loading=\"lazy\" decoding=\"async\" width=\"142\" height=\"190\" data-id=\"107504\" src=\"https:\/\/elmetropolitano.com.gt\/es\/wp-content\/uploads\/2025\/07\/519404546_1278080587651355_7001187113968780372_n.jpg\" alt=\"\" class=\"wp-image-107504\"\/><\/figure>\n\n\n\n<figure class=\"wp-block-image size-large\"><img loading=\"lazy\" decoding=\"async\" width=\"800\" height=\"500\" data-id=\"107507\" src=\"https:\/\/elmetropolitano.com.gt\/es\/wp-content\/uploads\/2025\/07\/519549886_1278080477651366_4380609746147981604_n-1.jpg\" alt=\"\" class=\"wp-image-107507\" srcset=\"https:\/\/elmetropolitano.com.gt\/es\/wp-content\/uploads\/2025\/07\/519549886_1278080477651366_4380609746147981604_n-1.jpg 800w, https:\/\/elmetropolitano.com.gt\/es\/wp-content\/uploads\/2025\/07\/519549886_1278080477651366_4380609746147981604_n-1-300x188.jpg 300w, https:\/\/elmetropolitano.com.gt\/es\/wp-content\/uploads\/2025\/07\/519549886_1278080477651366_4380609746147981604_n-1-768x480.jpg 768w\" sizes=\"auto, (max-width: 800px) 100vw, 800px\" \/><\/figure>\n\n\n\n<figure class=\"wp-block-image size-large\"><img loading=\"lazy\" decoding=\"async\" width=\"142\" height=\"190\" data-id=\"107506\" src=\"https:\/\/elmetropolitano.com.gt\/es\/wp-content\/uploads\/2025\/07\/520345267_1278080534318027_280180297908814784_n.jpg\" alt=\"\" class=\"wp-image-107506\"\/><\/figure>\n\n\n\n<figure class=\"wp-block-image size-large\"><img loading=\"lazy\" decoding=\"async\" width=\"142\" height=\"190\" data-id=\"107503\" src=\"https:\/\/elmetropolitano.com.gt\/es\/wp-content\/uploads\/2025\/07\/522737316_1278080514318029_558007571939923913_n.jpg\" alt=\"\" class=\"wp-image-107503\"\/><\/figure>\n\n\n\n<figure class=\"wp-block-image size-large\"><img loading=\"lazy\" decoding=\"async\" width=\"190\" height=\"127\" data-id=\"107505\" src=\"https:\/\/elmetropolitano.com.gt\/es\/wp-content\/uploads\/2025\/07\/523095524_1278080570984690_6833552406398696053_n.jpg\" alt=\"\" class=\"wp-image-107505\"\/><\/figure>\n<\/figure>\n","protected":false},"excerpt":{"rendered":"<p>Con el prop\u00f3sito de mejorar la calidad de vida de las familias guatemaltecas y garantizar el acceso a una vivienda adecuada, la Unidad para el Desarrollo de Vivienda Popular (UDEVIPO) avanza en la implementaci\u00f3n del proyecto Registro de Asentamientos Informales en la regi\u00f3n de Las Verapaces. Esta iniciativa que se enfoca directamente a comunidades en <a class=\"read-more\" href=\"https:\/\/elmetropolitano.com.gt\/es\/udevipo-promueve-soluciones-habitacionales-en-las-verapaces-por-medio-de-registro-de-asentamientos-informales\/\">Leer m\u00e1s<\/a><\/p>\n","protected":false},"author":1,"featured_media":107501,"comment_status":"open","ping_status":"closed","sticky":false,"template":"","format":"standard","meta":{"footnotes":""},"categories":[4],"tags":[13],"class_list":["post-107500","post","type-post","status-publish","format-standard","has-post-thumbnail","hentry","category-departamentales","tag-departamentales"],"_links":{"self":[{"href":"https:\/\/elmetropolitano.com.gt\/es\/wp-json\/wp\/v2\/posts\/107500","targetHints":{"allow":["GET"]}}],"collection":[{"href":"https:\/\/elmetropolitano.com.gt\/es\/wp-json\/wp\/v2\/posts"}],"about":[{"href":"https:\/\/elmetropolitano.com.gt\/es\/wp-json\/wp\/v2\/types\/post"}],"author":[{"embeddable":true,"href":"https:\/\/elmetropolitano.com.gt\/es\/wp-json\/wp\/v2\/users\/1"}],"replies":[{"embeddable":true,"href":"https:\/\/elmetropolitano.com.gt\/es\/wp-json\/wp\/v2\/comments?post=107500"}],"version-history":[{"count":1,"href":"https:\/\/elmetropolitano.com.gt\/es\/wp-json\/wp\/v2\/posts\/107500\/revisions"}],"predecessor-version":[{"id":107508,"href":"https:\/\/elmetropolitano.com.gt\/es\/wp-json\/wp\/v2\/posts\/107500\/revisions\/107508"}],"wp:featuredmedia":[{"embeddable":true,"href":"https:\/\/elmetropolitano.com.gt\/es\/wp-json\/wp\/v2\/media\/107501"}],"wp:attachment":[{"href":"https:\/\/elmetropolitano.com.gt\/es\/wp-json\/wp\/v2\/media?parent=107500"}],"wp:term":[{"taxonomy":"category","embeddable":true,"href":"https:\/\/elmetropolitano.com.gt\/es\/wp-json\/wp\/v2\/categories?post=107500"},{"taxonomy":"post_tag","embeddable":true,"href":"https:\/\/elmetropolitano.com.gt\/es\/wp-json\/wp\/v2\/tags?post=107500"}],"curies":[{"name":"wp","href":"https:\/\/api.w.org\/{rel}","templated":true}]}}