{"id":107526,"date":"2025-07-20T16:03:35","date_gmt":"2025-07-20T22:03:35","guid":{"rendered":"https:\/\/elmetropolitano.com.gt\/es\/?p=107526"},"modified":"2025-07-20T16:03:36","modified_gmt":"2025-07-20T22:03:36","slug":"cuanto-le-costo-a-los-vecinos-de-palin-esta-fotografia","status":"publish","type":"post","link":"https:\/\/elmetropolitano.com.gt\/es\/cuanto-le-costo-a-los-vecinos-de-palin-esta-fotografia\/","title":{"rendered":"\u00bfCu\u00e1nto le costo a los vecinos de Pal\u00edn esta fotograf\u00eda?"},"content":{"rendered":"\n<p>El alcalde de Pal\u00edn Byron Rustrian Amado del Partido UNE luci\u00f3 en las redes esta fotogr\u00e1fica con Edwin Luna y La Trakalosa de Monterrey el concierto de la<\/p>\n\n\n\n<p>Noche de este s\u00e1bado por la Feria de Palin<\/p><div class=\"elmet-contenido\" id=\"elmet-3412548285\"><div class=\"elmet-adlabel\">Anuncios<\/div><div style=\"margin-top: 20px;margin-right: 20px;margin-bottom: 20px;margin-left: 20px;\" id=\"elmet-3392049640\"><a href=\"https:\/\/www.facebook.com\/arrincuanantigua\/\" aria-label=\"cintillo-arrin-cual\"><img loading=\"lazy\" decoding=\"async\" src=\"https:\/\/elmetropolitano.com.gt\/es\/wp-content\/uploads\/2021\/11\/cintillo-arrin-cual-1.jpg\" alt=\"\"  srcset=\"https:\/\/elmetropolitano.com.gt\/es\/wp-content\/uploads\/2021\/11\/cintillo-arrin-cual-1.jpg 750w, https:\/\/elmetropolitano.com.gt\/es\/wp-content\/uploads\/2021\/11\/cintillo-arrin-cual-1-300x36.jpg 300w, https:\/\/elmetropolitano.com.gt\/es\/wp-content\/uploads\/2021\/11\/cintillo-arrin-cual-1-600x72.jpg 600w\" sizes=\"(max-width: 750px) 100vw, 750px\" width=\"750\" height=\"90\"   \/><\/a><\/div><\/div>\n\n\n\n<p>Cu\u00e1nto le cost\u00f3 a los vecinos traerlo a Palin, cuando hay otras necesidades en el municipio en medio de una emergencia por los temblores que han dejado dolor y destituci\u00f3n, es algo que de ofici\u00f3 la Contraloria General de Cuentas CGC debe investigar c\u00f3mo se malgastan los impuestos de los vecinos de Palin en esta feria para evitar actos de corrupci\u00f3n<\/p>\n\n\n\n<p><a href=\"https:\/\/www.facebook.com\/hashtag\/munidepalin?__eep__=6&amp;__cft__[0]=AZUN8xRiB4irw3jkzXVbneGVt3Oe1eezhPQoijXIt2rtwkNUMO8nr-FTOdQHYNilJ1HVmU9bArDdg2e-XQ_xM1hYJbBnXsh1QFckY90xdhp5PQrL_S9nTAc3Sx4fQ1YynTlq7szonK-_hmsn_HE5YIIzgEO2XtKOgvyTu3v5xOH9YKM-3g6Ra3ilPV4dFmyWbj399nxpBny7hxxOaQlSVsnEdJjR1CKIH8hgFrD77-Qpww&amp;__tn__=*NK-y-R\">#MunidePalin<\/a><a href=\"https:\/\/www.facebook.com\/hashtag\/palinfer?__eep__=6&amp;__cft__[0]=AZUN8xRiB4irw3jkzXVbneGVt3Oe1eezhPQoijXIt2rtwkNUMO8nr-FTOdQHYNilJ1HVmU9bArDdg2e-XQ_xM1hYJbBnXsh1QFckY90xdhp5PQrL_S9nTAc3Sx4fQ1YynTlq7szonK-_hmsn_HE5YIIzgEO2XtKOgvyTu3v5xOH9YKM-3g6Ra3ilPV4dFmyWbj399nxpBny7hxxOaQlSVsnEdJjR1CKIH8hgFrD77-Qpww&amp;__tn__=*NK-y-R\">#PALINFER<\/a><a href=\"https:\/\/www.facebook.com\/hashtag\/palinescuintla?__eep__=6&amp;__cft__[0]=AZUN8xRiB4irw3jkzXVbneGVt3Oe1eezhPQoijXIt2rtwkNUMO8nr-FTOdQHYNilJ1HVmU9bArDdg2e-XQ_xM1hYJbBnXsh1QFckY90xdhp5PQrL_S9nTAc3Sx4fQ1YynTlq7szonK-_hmsn_HE5YIIzgEO2XtKOgvyTu3v5xOH9YKM-3g6Ra3ilPV4dFmyWbj399nxpBny7hxxOaQlSVsnEdJjR1CKIH8hgFrD77-Qpww&amp;__tn__=*NK-y-R\">#PalinEscuintla<\/a><\/p>\n","protected":false},"excerpt":{"rendered":"<p>El alcalde de Pal\u00edn Byron Rustrian Amado del Partido UNE luci\u00f3 en las redes esta fotogr\u00e1fica con Edwin Luna y La Trakalosa de Monterrey el concierto de la Noche de este s\u00e1bado por la Feria de Palin Cu\u00e1nto le cost\u00f3 a los vecinos traerlo a Palin, cuando hay otras necesidades en el municipio en medio <a class=\"read-more\" href=\"https:\/\/elmetropolitano.com.gt\/es\/cuanto-le-costo-a-los-vecinos-de-palin-esta-fotografia\/\">Leer m\u00e1s<\/a><\/p>\n","protected":false},"author":1,"featured_media":107527,"comment_status":"open","ping_status":"closed","sticky":false,"template":"","format":"standard","meta":{"footnotes":""},"categories":[4],"tags":[13],"class_list":["post-107526","post","type-post","status-publish","format-standard","has-post-thumbnail","hentry","category-departamentales","tag-departamentales"],"_links":{"self":[{"href":"https:\/\/elmetropolitano.com.gt\/es\/wp-json\/wp\/v2\/posts\/107526","targetHints":{"allow":["GET"]}}],"collection":[{"href":"https:\/\/elmetropolitano.com.gt\/es\/wp-json\/wp\/v2\/posts"}],"about":[{"href":"https:\/\/elmetropolitano.com.gt\/es\/wp-json\/wp\/v2\/types\/post"}],"author":[{"embeddable":true,"href":"https:\/\/elmetropolitano.com.gt\/es\/wp-json\/wp\/v2\/users\/1"}],"replies":[{"embeddable":true,"href":"https:\/\/elmetropolitano.com.gt\/es\/wp-json\/wp\/v2\/comments?post=107526"}],"version-history":[{"count":1,"href":"https:\/\/elmetropolitano.com.gt\/es\/wp-json\/wp\/v2\/posts\/107526\/revisions"}],"predecessor-version":[{"id":107528,"href":"https:\/\/elmetropolitano.com.gt\/es\/wp-json\/wp\/v2\/posts\/107526\/revisions\/107528"}],"wp:featuredmedia":[{"embeddable":true,"href":"https:\/\/elmetropolitano.com.gt\/es\/wp-json\/wp\/v2\/media\/107527"}],"wp:attachment":[{"href":"https:\/\/elmetropolitano.com.gt\/es\/wp-json\/wp\/v2\/media?parent=107526"}],"wp:term":[{"taxonomy":"category","embeddable":true,"href":"https:\/\/elmetropolitano.com.gt\/es\/wp-json\/wp\/v2\/categories?post=107526"},{"taxonomy":"post_tag","embeddable":true,"href":"https:\/\/elmetropolitano.com.gt\/es\/wp-json\/wp\/v2\/tags?post=107526"}],"curies":[{"name":"wp","href":"https:\/\/api.w.org\/{rel}","templated":true}]}}