{"id":107538,"date":"2025-07-21T14:12:53","date_gmt":"2025-07-21T20:12:53","guid":{"rendered":"https:\/\/elmetropolitano.com.gt\/es\/?p=107538"},"modified":"2025-07-21T14:12:53","modified_gmt":"2025-07-21T20:12:53","slug":"anuncian-cierre-parcial-en-chiquimulilla-santa-rosa-por-reparacion-de-puente","status":"publish","type":"post","link":"https:\/\/elmetropolitano.com.gt\/es\/anuncian-cierre-parcial-en-chiquimulilla-santa-rosa-por-reparacion-de-puente\/","title":{"rendered":"Anuncian cierre parcial en Chiquimulilla, Santa Rosa, por reparaci\u00f3n de puente"},"content":{"rendered":"\n<p>A <a><\/a>partir del lunes 21 de julio se realizar\u00e1n trabajos de reparaci\u00f3n en las juntas de expansi\u00f3n del puente Porto Camoro, ubicado en el kil\u00f3metro 124.1, Chiquimulilla, Santa Rosa, informaron las autoridades de Covial.<\/p>\n\n\n\n<p>As\u00ed lo inform\u00f3 el Ministerio de Comunicaciones, Infraestructura y Vivienda (CIV) al indicar que \u201ca partir del lunes 21 de julio, se realizar\u00e1 un cierre parcial en la CA-2 oriente en Chiquimulilla, Santa Rosa, por trabajos de reparaci\u00f3n del puente Porto Camoro ubicado en el km 124.1.<\/p><div class=\"elmet-contenido\" id=\"elmet-2074108868\"><div class=\"elmet-adlabel\">Anuncios<\/div><div style=\"margin-top: 20px;margin-right: 20px;margin-bottom: 20px;margin-left: 20px;\" id=\"elmet-9124516\"><a href=\"https:\/\/www.facebook.com\/arrincuanantigua\/\" aria-label=\"cintillo-arrin-cual\"><img loading=\"lazy\" decoding=\"async\" src=\"https:\/\/elmetropolitano.com.gt\/es\/wp-content\/uploads\/2021\/11\/cintillo-arrin-cual-1.jpg\" alt=\"\"  srcset=\"https:\/\/elmetropolitano.com.gt\/es\/wp-content\/uploads\/2021\/11\/cintillo-arrin-cual-1.jpg 750w, https:\/\/elmetropolitano.com.gt\/es\/wp-content\/uploads\/2021\/11\/cintillo-arrin-cual-1-300x36.jpg 300w, https:\/\/elmetropolitano.com.gt\/es\/wp-content\/uploads\/2021\/11\/cintillo-arrin-cual-1-600x72.jpg 600w\" sizes=\"(max-width: 750px) 100vw, 750px\" width=\"750\" height=\"90\"   \/><\/a><\/div><\/div>\n\n\n\n<p>Trabajos iniciar\u00e1n el lunes 21 de julio y durar\u00e1n tres d\u00edas, seg\u00fan las autoridades\u201d<\/p>\n\n\n\n<p>Los trabajos<\/p>\n\n\n\n<p>Las labores se efectuar\u00e1n en un solo carril, por lo que habr\u00e1 paso alternado en la v\u00eda contraria. Seg\u00fan la planificaci\u00f3n, se estima que los trabajos duren tres d\u00edas; no obstante, si concluyen antes, el paso ser\u00e1 habilitado de inmediato, explica la entidad.<\/p>\n\n\n\n<p>Se solicita a los usuarios de esta ruta, tomar en cuenta la presente informaci\u00f3n, reducir la velocidad al acercarse a este kil\u00f3metro y respetar las indicaciones de los agentes que estar\u00e1n regulando el paso continuo y alternado.<\/p>\n\n\n\n<p>Seg\u00fan explica la entidad, a trav\u00e9s de un comunicado, los trabajos se realizar\u00e1n para la reparaci\u00f3n de juntas de expansi\u00f3n de esta estructura del puente tendr\u00e1n lugar el pr\u00f3ximo 21 de julio en un carril, por lo que el paso ser\u00e1 alternado en una de las v\u00edas.<\/p>\n\n\n\n<p>La cartera estima que la Unidad Ejecutora de Conservaci\u00f3n Vial (Covial) finalice los trabajos en tres d\u00edas desde su inicio, sin embargo, explica que de finalizar con antelaci\u00f3n se habilitar\u00e1 el paso de inmediato.<\/p>\n\n\n\n<p><a href=\"https:\/\/www.facebook.com\/hashtag\/civ?__eep__=6&amp;__cft__[0]=AZUz3c8QI3TxS7ymEJYHK3vf9xyVwbK1BdNwlVBq_FT0bT21w14gLouhX3hudIVSJn7pyGtL18qZiT2h2WGC6PperHOtkCjS-mwEuydSSxn2m8kob5knUN8YiGqQC0CjeQsptszZpAZmU4S9ZLIUEWJO&amp;__tn__=*NK-R\">#CIV<\/a><a href=\"https:\/\/www.facebook.com\/hashtag\/covial?__eep__=6&amp;__cft__[0]=AZUz3c8QI3TxS7ymEJYHK3vf9xyVwbK1BdNwlVBq_FT0bT21w14gLouhX3hudIVSJn7pyGtL18qZiT2h2WGC6PperHOtkCjS-mwEuydSSxn2m8kob5knUN8YiGqQC0CjeQsptszZpAZmU4S9ZLIUEWJO&amp;__tn__=*NK-R\">#Covial<\/a><a href=\"https:\/\/www.facebook.com\/hashtag\/chiquimulilla?__eep__=6&amp;__cft__[0]=AZUz3c8QI3TxS7ymEJYHK3vf9xyVwbK1BdNwlVBq_FT0bT21w14gLouhX3hudIVSJn7pyGtL18qZiT2h2WGC6PperHOtkCjS-mwEuydSSxn2m8kob5knUN8YiGqQC0CjeQsptszZpAZmU4S9ZLIUEWJO&amp;__tn__=*NK-R\">#Chiquimulilla<\/a><a href=\"https:\/\/www.facebook.com\/hashtag\/santarosa?__eep__=6&amp;__cft__[0]=AZUz3c8QI3TxS7ymEJYHK3vf9xyVwbK1BdNwlVBq_FT0bT21w14gLouhX3hudIVSJn7pyGtL18qZiT2h2WGC6PperHOtkCjS-mwEuydSSxn2m8kob5knUN8YiGqQC0CjeQsptszZpAZmU4S9ZLIUEWJO&amp;__tn__=*NK-R\">#santarosa<\/a><\/p>\n","protected":false},"excerpt":{"rendered":"<p>A partir del lunes 21 de julio se realizar\u00e1n trabajos de reparaci\u00f3n en las juntas de expansi\u00f3n del puente Porto Camoro, ubicado en el kil\u00f3metro 124.1, Chiquimulilla, Santa Rosa, informaron las autoridades de Covial. As\u00ed lo inform\u00f3 el Ministerio de Comunicaciones, Infraestructura y Vivienda (CIV) al indicar que \u201ca partir del lunes 21 de julio, <a class=\"read-more\" href=\"https:\/\/elmetropolitano.com.gt\/es\/anuncian-cierre-parcial-en-chiquimulilla-santa-rosa-por-reparacion-de-puente\/\">Leer m\u00e1s<\/a><\/p>\n","protected":false},"author":1,"featured_media":107539,"comment_status":"open","ping_status":"closed","sticky":false,"template":"","format":"standard","meta":{"footnotes":""},"categories":[4],"tags":[13],"class_list":["post-107538","post","type-post","status-publish","format-standard","has-post-thumbnail","hentry","category-departamentales","tag-departamentales"],"_links":{"self":[{"href":"https:\/\/elmetropolitano.com.gt\/es\/wp-json\/wp\/v2\/posts\/107538","targetHints":{"allow":["GET"]}}],"collection":[{"href":"https:\/\/elmetropolitano.com.gt\/es\/wp-json\/wp\/v2\/posts"}],"about":[{"href":"https:\/\/elmetropolitano.com.gt\/es\/wp-json\/wp\/v2\/types\/post"}],"author":[{"embeddable":true,"href":"https:\/\/elmetropolitano.com.gt\/es\/wp-json\/wp\/v2\/users\/1"}],"replies":[{"embeddable":true,"href":"https:\/\/elmetropolitano.com.gt\/es\/wp-json\/wp\/v2\/comments?post=107538"}],"version-history":[{"count":1,"href":"https:\/\/elmetropolitano.com.gt\/es\/wp-json\/wp\/v2\/posts\/107538\/revisions"}],"predecessor-version":[{"id":107540,"href":"https:\/\/elmetropolitano.com.gt\/es\/wp-json\/wp\/v2\/posts\/107538\/revisions\/107540"}],"wp:featuredmedia":[{"embeddable":true,"href":"https:\/\/elmetropolitano.com.gt\/es\/wp-json\/wp\/v2\/media\/107539"}],"wp:attachment":[{"href":"https:\/\/elmetropolitano.com.gt\/es\/wp-json\/wp\/v2\/media?parent=107538"}],"wp:term":[{"taxonomy":"category","embeddable":true,"href":"https:\/\/elmetropolitano.com.gt\/es\/wp-json\/wp\/v2\/categories?post=107538"},{"taxonomy":"post_tag","embeddable":true,"href":"https:\/\/elmetropolitano.com.gt\/es\/wp-json\/wp\/v2\/tags?post=107538"}],"curies":[{"name":"wp","href":"https:\/\/api.w.org\/{rel}","templated":true}]}}