{"id":107609,"date":"2025-07-21T19:31:47","date_gmt":"2025-07-22T01:31:47","guid":{"rendered":"https:\/\/elmetropolitano.com.gt\/es\/?p=107609"},"modified":"2025-07-21T19:31:48","modified_gmt":"2025-07-22T01:31:48","slug":"joviel-acevedo-reta-al-sistema-judicial-y-protegido-por-el-pacto-de-corruptos-sigue-sus-protestas","status":"publish","type":"post","link":"https:\/\/elmetropolitano.com.gt\/es\/joviel-acevedo-reta-al-sistema-judicial-y-protegido-por-el-pacto-de-corruptos-sigue-sus-protestas\/","title":{"rendered":"Joviel Acevedo reta al sistema judicial y protegido por el \u00abpacto de corruptos\u00bb sigue sus protestas"},"content":{"rendered":"\n<p>Pese a tener ya dos sanciones econ\u00f3micas y certificaci\u00f3n de lo conducente, adem\u00e1s de amparos de la Corte de la Constitucionalidad, CC, para que reinicie las clases, el profesor Joviel Acevedo, protegido por el \u201cpacto de corruptos\u201d, contin\u00faa con sus manifestaciones perjudicando con m\u00e1s de dos meses sin clases a miles de ni\u00f1os en centros educativos del interior del pa\u00eds.<\/p>\n\n\n\n<p>M\u00e1s multas y certificar lo conducente a l\u00edderes<\/p><div class=\"elmet-contenido\" id=\"elmet-115176371\"><div class=\"elmet-adlabel\">Anuncios<\/div><div style=\"margin-top: 20px;margin-right: 20px;margin-bottom: 20px;margin-left: 20px;\" id=\"elmet-771860666\"><a href=\"https:\/\/www.facebook.com\/arrincuanantigua\/\" aria-label=\"cintillo-arrin-cual\"><img loading=\"lazy\" decoding=\"async\" src=\"https:\/\/elmetropolitano.com.gt\/es\/wp-content\/uploads\/2021\/11\/cintillo-arrin-cual-1.jpg\" alt=\"\"  srcset=\"https:\/\/elmetropolitano.com.gt\/es\/wp-content\/uploads\/2021\/11\/cintillo-arrin-cual-1.jpg 750w, https:\/\/elmetropolitano.com.gt\/es\/wp-content\/uploads\/2021\/11\/cintillo-arrin-cual-1-300x36.jpg 300w, https:\/\/elmetropolitano.com.gt\/es\/wp-content\/uploads\/2021\/11\/cintillo-arrin-cual-1-600x72.jpg 600w\" sizes=\"(max-width: 750px) 100vw, 750px\" width=\"750\" height=\"90\"   \/><\/a><\/div><\/div>\n\n\n\n<p>del STEG por rebeld\u00eda de no regresar a clases<\/p>\n\n\n\n<p>Ante el incumplimiento por parte del Comit\u00e9 Ejecutivo Nacional del Sindicato de Trabajadores y Trabajadoras de la Educaci\u00f3n de Guatemala (STEG) de reanudar clases a nivel nacional, el Juzgado Primero Pluripersonal de Trabajo y Previsi\u00f3n Social, constituido en tribunal de amparo, orden\u00f3 certificar lo conducente e imponer multas de cerca de Q4 millones a los dirigentes seccionales y subseccionales de la agrupaci\u00f3n.<\/p>\n\n\n\n<p>La Procuradur\u00eda General de la Naci\u00f3n (PGN) recibi\u00f3 una nueva notificaci\u00f3n a su favor, como parte de una serie de amparos solicitados para restablecer las clases en los centros educativos p\u00fablicos afectados por las asambleas del STEG. Esto, exigiendo la prevalencia del derecho a la educaci\u00f3n de los estudiantes, sin perjuicio del derecho a la manifestaci\u00f3n. Es decir que los maestros puedan seguir manifestando, pero que no abandonen las aulas en su horario laboral, para atender a la ni\u00f1ez y adolescencia guatemalteca, que necesita su formaci\u00f3n acad\u00e9mica.<\/p>\n\n\n\n<p>Todos los sancionados deber\u00e1n hacer el pago ante la Tesorer\u00eda de la Corte de Constitucionalidad, una vez quede en firme la resoluci\u00f3n.<\/p>\n\n\n\n<p>Juzgado se\u00f1ala incumplimiento del STEG<\/p>\n\n\n\n<p>Seg\u00fan la acci\u00f3n constitucional de amparo de esta ocasi\u00f3n, el Comit\u00e9 Ejecutivo Nacional del STEG no present\u00f3 la documentaci\u00f3n solicitada por el \u00f3rgano judicial, que demandaba el restablecimiento de las actividades educativas y la presentaci\u00f3n de pruebas de su cumplimiento.<\/p>\n\n\n\n<p>Hasta el momento, el STEG ha promovido distintas medidas de presi\u00f3n por el pacto colectivo, el cual ha denunciado el Ministerio de Educaci\u00f3n por la confidencialidad que ha impedido revelar su contenido y atender solicitudes de informaci\u00f3n p\u00fablica, y los art\u00edculos, que seg\u00fan la instituci\u00f3n, pertenecen a la rector\u00eda que le pertenece como autoridad.<\/p>\n\n\n\n<p>Parte de las medidas trata del campamento instalado en la Plaza de la Constituci\u00f3n, cuyas champas retiraron agentes de la Polic\u00eda Nacional Civil de los alrededores del Palacio Nacional de la Cultura por denuncias de da\u00f1os al patrimonio.<\/p>\n\n\n\n<p>MP de brazos cruzados<\/p>\n\n\n\n<p>Mientras los tribunales y la Corte de Constitucionalidad, CC, hacen lo suyo, el Ministerio P\u00fablico incumple con su funci\u00f3n y se queda de brazos cruzados mientras miles de ni\u00f1os contin\u00faan sin recibir clases debido a las medidas que el STEG realiza con maestros que todav\u00eda siguen al profesor Joviel Acevedo.<\/p>\n\n\n\n<p>Joviel Acevedo ya hab\u00eda sido despedido por Berger<\/p>\n\n\n\n<p>El profesor Joviel Acevedo, en el gobierno de Oscar Berger, por intermedio de la ministra de Educaci\u00f3n de ese entonces, Mar\u00eda del Carmen Ace\u00f1a, hab\u00eda logrado la destituci\u00f3n de Joviel Acevedo, pero el gobierno de la Unidad Nacional de la Esperanza UNE, no solo lo reinstal\u00f3, sino que empez\u00f3 a negociar con \u00e9l y darle privilegios y poder que continu\u00f3 negociando con los gobiernos restantes de Otto P\u00e9rez, Jimmy Morales y Alejandro Giammattei, dijo el licenciado Rony Linares, analista independiente en entrevista a Hora 15 de Emisoras Unidas.<\/p>\n\n\n\n<p>Mientras tanto el licenciado Oscar Morales, analista pol\u00edtico, penalista y constitucionalista, se\u00f1al\u00f3 que hay una serie de actores fomentando m\u00e1s la crisis en la educaci\u00f3n como actores pol\u00edticos manipulando a su favor y un discurso de Joviel Acevedo que solo solivianta los \u00e1nimos y no uno que busque solucionar la crisis y, por supuesto, la inactividad del MP y las resoluciones de la CC negativas y positivas, dejando un panorama cr\u00edtico pues ya van dos meses sin que los ni\u00f1os reciban clases, dijo el experto.<\/p>\n\n\n\n<p>#STEG&nbsp; &nbsp;#multas&nbsp; #metroredes &nbsp;&nbsp;<a href=\"http:\/\/www.elmetropolitano.com.gt\">www.elmetropolitano.com.gt<\/a>&nbsp; <a href=\"http:\/\/www.metroredes.com\">www.metroredes.com<\/a><\/p>\n\n\n\n<figure class=\"wp-block-gallery has-nested-images columns-default is-cropped wp-block-gallery-1 is-layout-flex wp-block-gallery-is-layout-flex\">\n<figure class=\"wp-block-image size-large\"><img loading=\"lazy\" decoding=\"async\" width=\"583\" height=\"1024\" data-id=\"107614\" src=\"https:\/\/elmetropolitano.com.gt\/es\/wp-content\/uploads\/2025\/07\/GwaAMpuXAAAUOG2-583x1024.jpeg\" alt=\"\" class=\"wp-image-107614\" srcset=\"https:\/\/elmetropolitano.com.gt\/es\/wp-content\/uploads\/2025\/07\/GwaAMpuXAAAUOG2-583x1024.jpeg 583w, https:\/\/elmetropolitano.com.gt\/es\/wp-content\/uploads\/2025\/07\/GwaAMpuXAAAUOG2-171x300.jpeg 171w, https:\/\/elmetropolitano.com.gt\/es\/wp-content\/uploads\/2025\/07\/GwaAMpuXAAAUOG2-768x1348.jpeg 768w, https:\/\/elmetropolitano.com.gt\/es\/wp-content\/uploads\/2025\/07\/GwaAMpuXAAAUOG2-875x1536.jpeg 875w, https:\/\/elmetropolitano.com.gt\/es\/wp-content\/uploads\/2025\/07\/GwaAMpuXAAAUOG2.jpeg 1080w\" sizes=\"auto, (max-width: 583px) 100vw, 583px\" \/><\/figure>\n\n\n\n<figure class=\"wp-block-image size-large\"><img loading=\"lazy\" decoding=\"async\" width=\"576\" height=\"1024\" data-id=\"107615\" src=\"https:\/\/elmetropolitano.com.gt\/es\/wp-content\/uploads\/2025\/07\/GwaAMtVXYAALjKO-576x1024.jpeg\" alt=\"\" class=\"wp-image-107615\" srcset=\"https:\/\/elmetropolitano.com.gt\/es\/wp-content\/uploads\/2025\/07\/GwaAMtVXYAALjKO-576x1024.jpeg 576w, https:\/\/elmetropolitano.com.gt\/es\/wp-content\/uploads\/2025\/07\/GwaAMtVXYAALjKO-169x300.jpeg 169w, https:\/\/elmetropolitano.com.gt\/es\/wp-content\/uploads\/2025\/07\/GwaAMtVXYAALjKO-768x1365.jpeg 768w, https:\/\/elmetropolitano.com.gt\/es\/wp-content\/uploads\/2025\/07\/GwaAMtVXYAALjKO-864x1536.jpeg 864w, https:\/\/elmetropolitano.com.gt\/es\/wp-content\/uploads\/2025\/07\/GwaAMtVXYAALjKO.jpeg 1075w\" sizes=\"auto, (max-width: 576px) 100vw, 576px\" \/><\/figure>\n\n\n\n<figure class=\"wp-block-image size-large\"><img loading=\"lazy\" decoding=\"async\" width=\"679\" height=\"453\" data-id=\"107611\" src=\"https:\/\/elmetropolitano.com.gt\/es\/wp-content\/uploads\/2025\/07\/GwYrhPNWoAAI0Hn-1.jpeg\" alt=\"\" class=\"wp-image-107611\" srcset=\"https:\/\/elmetropolitano.com.gt\/es\/wp-content\/uploads\/2025\/07\/GwYrhPNWoAAI0Hn-1.jpeg 679w, https:\/\/elmetropolitano.com.gt\/es\/wp-content\/uploads\/2025\/07\/GwYrhPNWoAAI0Hn-1-300x200.jpeg 300w\" sizes=\"auto, (max-width: 679px) 100vw, 679px\" \/><\/figure>\n\n\n\n<figure class=\"wp-block-image size-large\"><img loading=\"lazy\" decoding=\"async\" width=\"620\" height=\"680\" data-id=\"107612\" src=\"https:\/\/elmetropolitano.com.gt\/es\/wp-content\/uploads\/2025\/07\/GwZ5TQyW0AAXgom.jpeg\" alt=\"\" class=\"wp-image-107612\" srcset=\"https:\/\/elmetropolitano.com.gt\/es\/wp-content\/uploads\/2025\/07\/GwZ5TQyW0AAXgom.jpeg 620w, https:\/\/elmetropolitano.com.gt\/es\/wp-content\/uploads\/2025\/07\/GwZ5TQyW0AAXgom-274x300.jpeg 274w\" sizes=\"auto, (max-width: 620px) 100vw, 620px\" \/><\/figure>\n\n\n\n<figure class=\"wp-block-image size-large\"><img loading=\"lazy\" decoding=\"async\" width=\"1024\" height=\"512\" data-id=\"107613\" src=\"https:\/\/elmetropolitano.com.gt\/es\/wp-content\/uploads\/2025\/07\/WhatsApp-Image-2025-07-21-at-3.33.26-PM-1140x570-1-1024x512.jpeg\" alt=\"\" class=\"wp-image-107613\" srcset=\"https:\/\/elmetropolitano.com.gt\/es\/wp-content\/uploads\/2025\/07\/WhatsApp-Image-2025-07-21-at-3.33.26-PM-1140x570-1-1024x512.jpeg 1024w, https:\/\/elmetropolitano.com.gt\/es\/wp-content\/uploads\/2025\/07\/WhatsApp-Image-2025-07-21-at-3.33.26-PM-1140x570-1-300x150.jpeg 300w, https:\/\/elmetropolitano.com.gt\/es\/wp-content\/uploads\/2025\/07\/WhatsApp-Image-2025-07-21-at-3.33.26-PM-1140x570-1-768x384.jpeg 768w, https:\/\/elmetropolitano.com.gt\/es\/wp-content\/uploads\/2025\/07\/WhatsApp-Image-2025-07-21-at-3.33.26-PM-1140x570-1.jpeg 1140w\" sizes=\"auto, (max-width: 1024px) 100vw, 1024px\" \/><\/figure>\n<\/figure>\n","protected":false},"excerpt":{"rendered":"<p>Pese a tener ya dos sanciones econ\u00f3micas y certificaci\u00f3n de lo conducente, adem\u00e1s de amparos de la Corte de la Constitucionalidad, CC, para que reinicie las clases, el profesor Joviel Acevedo, protegido por el \u201cpacto de corruptos\u201d, contin\u00faa con sus manifestaciones perjudicando con m\u00e1s de dos meses sin clases a miles de ni\u00f1os en centros <a class=\"read-more\" href=\"https:\/\/elmetropolitano.com.gt\/es\/joviel-acevedo-reta-al-sistema-judicial-y-protegido-por-el-pacto-de-corruptos-sigue-sus-protestas\/\">Leer m\u00e1s<\/a><\/p>\n","protected":false},"author":1,"featured_media":107610,"comment_status":"open","ping_status":"closed","sticky":false,"template":"","format":"standard","meta":{"footnotes":""},"categories":[1],"tags":[],"class_list":["post-107609","post","type-post","status-publish","format-standard","has-post-thumbnail","hentry","category-uncategorized"],"_links":{"self":[{"href":"https:\/\/elmetropolitano.com.gt\/es\/wp-json\/wp\/v2\/posts\/107609","targetHints":{"allow":["GET"]}}],"collection":[{"href":"https:\/\/elmetropolitano.com.gt\/es\/wp-json\/wp\/v2\/posts"}],"about":[{"href":"https:\/\/elmetropolitano.com.gt\/es\/wp-json\/wp\/v2\/types\/post"}],"author":[{"embeddable":true,"href":"https:\/\/elmetropolitano.com.gt\/es\/wp-json\/wp\/v2\/users\/1"}],"replies":[{"embeddable":true,"href":"https:\/\/elmetropolitano.com.gt\/es\/wp-json\/wp\/v2\/comments?post=107609"}],"version-history":[{"count":1,"href":"https:\/\/elmetropolitano.com.gt\/es\/wp-json\/wp\/v2\/posts\/107609\/revisions"}],"predecessor-version":[{"id":107616,"href":"https:\/\/elmetropolitano.com.gt\/es\/wp-json\/wp\/v2\/posts\/107609\/revisions\/107616"}],"wp:featuredmedia":[{"embeddable":true,"href":"https:\/\/elmetropolitano.com.gt\/es\/wp-json\/wp\/v2\/media\/107610"}],"wp:attachment":[{"href":"https:\/\/elmetropolitano.com.gt\/es\/wp-json\/wp\/v2\/media?parent=107609"}],"wp:term":[{"taxonomy":"category","embeddable":true,"href":"https:\/\/elmetropolitano.com.gt\/es\/wp-json\/wp\/v2\/categories?post=107609"},{"taxonomy":"post_tag","embeddable":true,"href":"https:\/\/elmetropolitano.com.gt\/es\/wp-json\/wp\/v2\/tags?post=107609"}],"curies":[{"name":"wp","href":"https:\/\/api.w.org\/{rel}","templated":true}]}}