{"id":107690,"date":"2025-07-23T09:01:36","date_gmt":"2025-07-23T15:01:36","guid":{"rendered":"https:\/\/elmetropolitano.com.gt\/es\/?p=107690"},"modified":"2025-07-23T09:01:36","modified_gmt":"2025-07-23T15:01:36","slug":"plaza-telares-el-primer-centro-comercial-en-latinoamerica-con-doble-certificacion-led","status":"publish","type":"post","link":"https:\/\/elmetropolitano.com.gt\/es\/plaza-telares-el-primer-centro-comercial-en-latinoamerica-con-doble-certificacion-led\/","title":{"rendered":"Plaza Telares, el primer centro comercial en Latinoam\u00e9rica con doble Certificaci\u00f3n Led"},"content":{"rendered":"\n<p><a><\/a>Plaza Telares consolida su liderazgo en sostenibilidad, al recibir la certificaci\u00f3n LEED en operaci\u00f3n y mantenimiento a nivel Platinum, la categor\u00eda m\u00e1s alta otorgada por el Consejo de Edificaci\u00f3n Sostenible de Estados Unidos (USGBC).<\/p>\n\n\n\n<p>Este reconocimiento se suma a la certificaci\u00f3n LEED Core and Shell en nivel Oro, obtenida a inicios del 2025 por su dise\u00f1o y construcci\u00f3n responsable. Con este doble logro, Plaza Telares marca un precedente en Guatemala, al convertirse en el primer centro comercial de latinoam\u00e9rica en obtener certificaciones LEED, tanto en la etapa de construcci\u00f3n como en la de operaci\u00f3n.<\/p><div class=\"elmet-contenido\" id=\"elmet-3580222146\"><div class=\"elmet-adlabel\">Anuncios<\/div><div style=\"margin-top: 20px;margin-right: 20px;margin-bottom: 20px;margin-left: 20px;\" id=\"elmet-4197326505\"><a href=\"https:\/\/www.facebook.com\/arrincuanantigua\/\" aria-label=\"cintillo-arrin-cual\"><img loading=\"lazy\" decoding=\"async\" src=\"https:\/\/elmetropolitano.com.gt\/es\/wp-content\/uploads\/2021\/11\/cintillo-arrin-cual-1.jpg\" alt=\"\"  srcset=\"https:\/\/elmetropolitano.com.gt\/es\/wp-content\/uploads\/2021\/11\/cintillo-arrin-cual-1.jpg 750w, https:\/\/elmetropolitano.com.gt\/es\/wp-content\/uploads\/2021\/11\/cintillo-arrin-cual-1-300x36.jpg 300w, https:\/\/elmetropolitano.com.gt\/es\/wp-content\/uploads\/2021\/11\/cintillo-arrin-cual-1-600x72.jpg 600w\" sizes=\"(max-width: 750px) 100vw, 750px\" width=\"750\" height=\"90\"   \/><\/a><\/div><\/div>\n\n\n\n<p>La certificaci\u00f3n LEED (Liderazgo en Energ\u00eda y Dise\u00f1o Ambiental, por sus siglas en ingl\u00e9s) es un reconocimiento internacional otorgado por USGBC a edificios sostenibles; en lo que respecta a la categor\u00eda operaciones y mantenimiento, es un reconocimiento otorgado a edificios que ya est\u00e1n en funcionamiento y se enfoca en su eficiencia operativa y la gesti\u00f3n sostenible continua de sus recursos.<\/p>\n\n\n\n<p>\u201cPlaza Telares es un espacio que va m\u00e1s all\u00e1 de las compras: fue concebido para ofrecer experiencias memorables, conectar a las personas con sus marcas favoritas y, al mismo tiempo, cuidar del entorno. En l\u00ednea con nuestro compromiso ambiental, hoy celebramos con orgullo la obtenci\u00f3n de una segunda certificaci\u00f3n LEED. En esta ocasi\u00f3n, hemos alcanzado el nivel Platinum en operaci\u00f3n y mantenimiento, convirti\u00e9ndonos en el primer centro comercial en latinoam\u00e9rica en recibir una doble certificaci\u00f3n de este prestigioso est\u00e1ndar internacional\u201d, destac\u00f3 Mar\u00eda Jos\u00e9 Grajeda, gerente de Plaza Telares.<\/p>\n\n\n\n<p>Los edificios con certificaci\u00f3n LEED Platinum generan beneficios integrales que van m\u00e1s all\u00e1 del dise\u00f1o arquitect\u00f3nico. Ofrecen importantes ahorros en costos operativos gracias a la eficiencia en el consumo de energ\u00eda y agua, mejoran la salud y el bienestar de quienes los visitan al proporcionar espacios interiores m\u00e1s saludables y confortables, y fortalecen la imagen institucional al atraer a inquilinos y clientes que valoran la sostenibilidad, elevando as\u00ed su valor en el mercado.<\/p>\n\n\n\n<p>Con esta doble certificaci\u00f3n, Plaza Telares reafirma su compromiso con la promoci\u00f3n de pr\u00e1cticas responsables, impulsando un modelo que equilibra el crecimiento econ\u00f3mico, el respeto por el medioambiente y la calidad de vida de sus visitantes. Este logro tambi\u00e9n contribuye a posicionar a Antigua Guatemala como un referente de sostenibilidad e innovaci\u00f3n en la regi\u00f3n.<\/p>\n\n\n\n<p>Para obtener esta certificaci\u00f3n, Plaza Telares tuvo que acumular 80 puntos o m\u00e1s en la tarjeta de puntuaci\u00f3n LEED. Esta eval\u00faa estrictamente el rendimiento del edificio en \u00e1reas clave como:<\/p>\n\n\n\n<p>\u25cf Eficiencia energ\u00e9tica al usar fuentes renovables y emisiones reducidas.<\/p>\n\n\n\n<p>\u25cf Eficiencia h\u00eddrica al ahorrar y reutilizar agua con captaci\u00f3n de lluvia.<\/p>\n\n\n\n<p>\u25cf Selecci\u00f3n de materiales reciclados de origen local y sostenible.<\/p>\n\n\n\n<p>\u25cf Innovaci\u00f3n en dise\u00f1o que eleva los est\u00e1ndares ambientales, teniendo ventilaci\u00f3n adecuada, iluminaci\u00f3n natural y control de contaminantes.<\/p>\n\n\n\n<p>Esto se traduce en beneficios tangibles como reducci\u00f3n de costos operativos, ambientes m\u00e1s saludables para visitantes y colaboradores, y un mayor valor de mercado.<\/p>\n\n\n\n<p><a href=\"https:\/\/www.facebook.com\/hashtag\/plazatelares?__eep__=6&amp;__cft__[0]=AZW6AZdch6Dgq4d-WhBR_mw8LK2IFIfw906x84cuGUcm3ZPNXXdlyy2Rh12JZPOHhD_bkevsqgPT5ugTXdcQki6FBSSg2qj6njQuKT75aRXJ7iPf_cBuWfh6MXR5wpAx3-rs_0ziyY2kwBIgZY-kzNd2Ry4BYTbOy0LAg07dQoBSNEC-3P_qNtYosAzZy57E298&amp;__tn__=*NK-R\">#plazatelares<\/a><a href=\"https:\/\/www.facebook.com\/hashtag\/antiguaguatemala?__eep__=6&amp;__cft__[0]=AZW6AZdch6Dgq4d-WhBR_mw8LK2IFIfw906x84cuGUcm3ZPNXXdlyy2Rh12JZPOHhD_bkevsqgPT5ugTXdcQki6FBSSg2qj6njQuKT75aRXJ7iPf_cBuWfh6MXR5wpAx3-rs_0ziyY2kwBIgZY-kzNd2Ry4BYTbOy0LAg07dQoBSNEC-3P_qNtYosAzZy57E298&amp;__tn__=*NK-R\">#antiguaguatemala<\/a><\/p>\n\n\n\n<figure class=\"wp-block-gallery has-nested-images columns-default is-cropped wp-block-gallery-1 is-layout-flex wp-block-gallery-is-layout-flex\">\n<figure class=\"wp-block-image size-large\"><img loading=\"lazy\" decoding=\"async\" width=\"1024\" height=\"682\" data-id=\"107693\" src=\"https:\/\/elmetropolitano.com.gt\/es\/wp-content\/uploads\/2025\/07\/520315950_1280333074092773_234844942496599777_n-1-1024x682.jpg\" alt=\"\" class=\"wp-image-107693\" srcset=\"https:\/\/elmetropolitano.com.gt\/es\/wp-content\/uploads\/2025\/07\/520315950_1280333074092773_234844942496599777_n-1-1024x682.jpg 1024w, https:\/\/elmetropolitano.com.gt\/es\/wp-content\/uploads\/2025\/07\/520315950_1280333074092773_234844942496599777_n-1-300x200.jpg 300w, https:\/\/elmetropolitano.com.gt\/es\/wp-content\/uploads\/2025\/07\/520315950_1280333074092773_234844942496599777_n-1-768x512.jpg 768w, https:\/\/elmetropolitano.com.gt\/es\/wp-content\/uploads\/2025\/07\/520315950_1280333074092773_234844942496599777_n-1.jpg 1280w\" sizes=\"auto, (max-width: 1024px) 100vw, 1024px\" \/><\/figure>\n\n\n\n<figure class=\"wp-block-image size-large\"><img loading=\"lazy\" decoding=\"async\" width=\"1024\" height=\"768\" data-id=\"107692\" src=\"https:\/\/elmetropolitano.com.gt\/es\/wp-content\/uploads\/2025\/07\/522450878_1280333084092772_1578284451603330954_n-1024x768.jpg\" alt=\"\" class=\"wp-image-107692\" srcset=\"https:\/\/elmetropolitano.com.gt\/es\/wp-content\/uploads\/2025\/07\/522450878_1280333084092772_1578284451603330954_n-1024x768.jpg 1024w, https:\/\/elmetropolitano.com.gt\/es\/wp-content\/uploads\/2025\/07\/522450878_1280333084092772_1578284451603330954_n-300x225.jpg 300w, https:\/\/elmetropolitano.com.gt\/es\/wp-content\/uploads\/2025\/07\/522450878_1280333084092772_1578284451603330954_n-768x576.jpg 768w, https:\/\/elmetropolitano.com.gt\/es\/wp-content\/uploads\/2025\/07\/522450878_1280333084092772_1578284451603330954_n.jpg 1280w\" sizes=\"auto, (max-width: 1024px) 100vw, 1024px\" \/><\/figure>\n\n\n\n<figure class=\"wp-block-image size-large\"><img loading=\"lazy\" decoding=\"async\" width=\"1024\" height=\"768\" data-id=\"107694\" src=\"https:\/\/elmetropolitano.com.gt\/es\/wp-content\/uploads\/2025\/07\/523919955_1280333144092766_385466794956001536_n-1024x768.jpg\" alt=\"\" class=\"wp-image-107694\" srcset=\"https:\/\/elmetropolitano.com.gt\/es\/wp-content\/uploads\/2025\/07\/523919955_1280333144092766_385466794956001536_n-1024x768.jpg 1024w, https:\/\/elmetropolitano.com.gt\/es\/wp-content\/uploads\/2025\/07\/523919955_1280333144092766_385466794956001536_n-300x225.jpg 300w, https:\/\/elmetropolitano.com.gt\/es\/wp-content\/uploads\/2025\/07\/523919955_1280333144092766_385466794956001536_n-768x576.jpg 768w, https:\/\/elmetropolitano.com.gt\/es\/wp-content\/uploads\/2025\/07\/523919955_1280333144092766_385466794956001536_n.jpg 1280w\" sizes=\"auto, (max-width: 1024px) 100vw, 1024px\" \/><\/figure>\n<\/figure>\n","protected":false},"excerpt":{"rendered":"<p>Plaza Telares consolida su liderazgo en sostenibilidad, al recibir la certificaci\u00f3n LEED en operaci\u00f3n y mantenimiento a nivel Platinum, la categor\u00eda m\u00e1s alta otorgada por el Consejo de Edificaci\u00f3n Sostenible de Estados Unidos (USGBC). Este reconocimiento se suma a la certificaci\u00f3n LEED Core and Shell en nivel Oro, obtenida a inicios del 2025 por su <a class=\"read-more\" href=\"https:\/\/elmetropolitano.com.gt\/es\/plaza-telares-el-primer-centro-comercial-en-latinoamerica-con-doble-certificacion-led\/\">Leer m\u00e1s<\/a><\/p>\n","protected":false},"author":1,"featured_media":107691,"comment_status":"open","ping_status":"closed","sticky":false,"template":"","format":"standard","meta":{"footnotes":""},"categories":[31],"tags":[32],"class_list":["post-107690","post","type-post","status-publish","format-standard","has-post-thumbnail","hentry","category-metroimpulso","tag-metroimpulso"],"_links":{"self":[{"href":"https:\/\/elmetropolitano.com.gt\/es\/wp-json\/wp\/v2\/posts\/107690","targetHints":{"allow":["GET"]}}],"collection":[{"href":"https:\/\/elmetropolitano.com.gt\/es\/wp-json\/wp\/v2\/posts"}],"about":[{"href":"https:\/\/elmetropolitano.com.gt\/es\/wp-json\/wp\/v2\/types\/post"}],"author":[{"embeddable":true,"href":"https:\/\/elmetropolitano.com.gt\/es\/wp-json\/wp\/v2\/users\/1"}],"replies":[{"embeddable":true,"href":"https:\/\/elmetropolitano.com.gt\/es\/wp-json\/wp\/v2\/comments?post=107690"}],"version-history":[{"count":1,"href":"https:\/\/elmetropolitano.com.gt\/es\/wp-json\/wp\/v2\/posts\/107690\/revisions"}],"predecessor-version":[{"id":107695,"href":"https:\/\/elmetropolitano.com.gt\/es\/wp-json\/wp\/v2\/posts\/107690\/revisions\/107695"}],"wp:featuredmedia":[{"embeddable":true,"href":"https:\/\/elmetropolitano.com.gt\/es\/wp-json\/wp\/v2\/media\/107691"}],"wp:attachment":[{"href":"https:\/\/elmetropolitano.com.gt\/es\/wp-json\/wp\/v2\/media?parent=107690"}],"wp:term":[{"taxonomy":"category","embeddable":true,"href":"https:\/\/elmetropolitano.com.gt\/es\/wp-json\/wp\/v2\/categories?post=107690"},{"taxonomy":"post_tag","embeddable":true,"href":"https:\/\/elmetropolitano.com.gt\/es\/wp-json\/wp\/v2\/tags?post=107690"}],"curies":[{"name":"wp","href":"https:\/\/api.w.org\/{rel}","templated":true}]}}