{"id":107725,"date":"2025-07-23T18:08:47","date_gmt":"2025-07-24T00:08:47","guid":{"rendered":"https:\/\/elmetropolitano.com.gt\/es\/?p=107725"},"modified":"2025-07-23T18:08:47","modified_gmt":"2025-07-24T00:08:47","slug":"puerto-barrios-despega-rumbo-al-desarrollo-con-su-futuro-aeropuerto-internacional","status":"publish","type":"post","link":"https:\/\/elmetropolitano.com.gt\/es\/puerto-barrios-despega-rumbo-al-desarrollo-con-su-futuro-aeropuerto-internacional\/","title":{"rendered":"Puerto Barrios despega rumbo al desarrollo con su futuro aeropuerto Internacional"},"content":{"rendered":"\n<p><a><\/a>\u00abLa Perla del Atl\u00e1ntico\u00bb se alista para despegar al futuro. En una jornada estrat\u00e9gica que marca un antes y un despu\u00e9s para el nororiente del pa\u00eds, autoridades locales, representantes de la Direcci\u00f3n General de Aeron\u00e1utica Civil (DGAC) y miembros de la sociedad civil se reunieron en la municipalidad de Puerto Barrios para coordinar acciones clave que impulsen el desarrollo del aeropuerto local hacia est\u00e1ndares internacionales.<\/p>\n\n\n\n<p>El encuentro, encabezado por el gobernador departamental Carlos Tenas y el alcalde municipal Hugo Ren\u00e9 Sarce\u00f1o Orellana, tambi\u00e9n cont\u00f3 con la presencia del comandante de la Brigada de Infanter\u00eda de Marina, Carlos Mata, y de Edwin Gonz\u00e1les, delegado de la DGAC, quienes coincidieron en que la modernizaci\u00f3n aeroportuaria representa una oportunidad hist\u00f3rica para transformar la conectividad a\u00e9rea, el desarrollo tur\u00edstico y la econom\u00eda regional.<\/p><div class=\"elmet-contenido\" id=\"elmet-3503855121\"><div class=\"elmet-adlabel\">Anuncios<\/div><div style=\"margin-top: 20px;margin-right: 20px;margin-bottom: 20px;margin-left: 20px;\" id=\"elmet-4089386816\"><a href=\"https:\/\/www.facebook.com\/arrincuanantigua\/\" aria-label=\"cintillo-arrin-cual\"><img loading=\"lazy\" decoding=\"async\" src=\"https:\/\/elmetropolitano.com.gt\/es\/wp-content\/uploads\/2021\/11\/cintillo-arrin-cual-1.jpg\" alt=\"\"  srcset=\"https:\/\/elmetropolitano.com.gt\/es\/wp-content\/uploads\/2021\/11\/cintillo-arrin-cual-1.jpg 750w, https:\/\/elmetropolitano.com.gt\/es\/wp-content\/uploads\/2021\/11\/cintillo-arrin-cual-1-300x36.jpg 300w, https:\/\/elmetropolitano.com.gt\/es\/wp-content\/uploads\/2021\/11\/cintillo-arrin-cual-1-600x72.jpg 600w\" sizes=\"(max-width: 750px) 100vw, 750px\" width=\"750\" height=\"90\"   \/><\/a><\/div><\/div>\n\n\n\n<p>Uno de los principales logros del encuentro fue la conformaci\u00f3n del Comit\u00e9 Facilitador del Aeropuerto, un ente multisectorial que agrupa a representantes del sector p\u00fablico, privado y sociedad civil. Este comit\u00e9 ser\u00e1 responsable de coordinar esfuerzos, canalizar recursos y supervisar el avance t\u00e9cnico y log\u00edstico del proyecto.<\/p>\n\n\n\n<p>El plan incluye el remozamiento de la torre de control, ampliaci\u00f3n de la terminal, instalaci\u00f3n de ayudas visuales de navegaci\u00f3n a\u00e9rea, as\u00ed como la creaci\u00f3n de un equipo especializado en Servicios de Extinci\u00f3n de Incendios (SEI). Adem\u00e1s, se contempla la contrataci\u00f3n y formaci\u00f3n de personal t\u00e9cnico calificado para operar la terminal con est\u00e1ndares internacionales.<\/p>\n\n\n\n<p>La DGAC y la municipalidad trabajar\u00e1n en estrecha colaboraci\u00f3n para que el nuevo Aeropuerto Internacional de Puerto Barrios sea una realidad en el a\u00f1o 2026, consolidando al municipio como un nuevo polo log\u00edstico en el Caribe guatemalteco.<\/p>\n\n\n\n<p>\u201cEste proyecto no solo abrir\u00e1 las puertas al mundo, sino tambi\u00e9n al desarrollo integral de Puerto Barrios e Izabal\u201d, se\u00f1alaron las autoridades presentes. La inversi\u00f3n en infraestructura a\u00e9rea es vista como un motor de crecimiento tur\u00edstico, comercial y de movilidad para la regi\u00f3n.<\/p>\n\n\n\n<p><a href=\"https:\/\/www.facebook.com\/hashtag\/puertobarrios?__eep__=6&amp;__cft__[0]=AZWXkwOcVjr5L9VxQE9tV2mOjsOsl5kPh6CHn66_PyflJF6EBEQdKqf0_1Gkk8VUkkD3i3OWHNcpL0slVfJKAEmlYxSrT1d5hV3XxbBS7eGNez3_y6sZ2l7v_iJQLnm22HP9YOiA7UCVJ5ELixPYVXAnkEJ8Rf1NA98PBJXjXmOwmJOumWCPWL00nVWlNJYdzTI&amp;__tn__=*NK-R\">#PuertoBarrios<\/a><a href=\"https:\/\/www.facebook.com\/hashtag\/metroredes?__eep__=6&amp;__cft__[0]=AZWXkwOcVjr5L9VxQE9tV2mOjsOsl5kPh6CHn66_PyflJF6EBEQdKqf0_1Gkk8VUkkD3i3OWHNcpL0slVfJKAEmlYxSrT1d5hV3XxbBS7eGNez3_y6sZ2l7v_iJQLnm22HP9YOiA7UCVJ5ELixPYVXAnkEJ8Rf1NA98PBJXjXmOwmJOumWCPWL00nVWlNJYdzTI&amp;__tn__=*NK-R\">#metroredes<\/a><\/p>\n\n\n\n<figure class=\"wp-block-gallery has-nested-images columns-default is-cropped wp-block-gallery-1 is-layout-flex wp-block-gallery-is-layout-flex\">\n<figure class=\"wp-block-image size-large\"><img loading=\"lazy\" decoding=\"async\" width=\"768\" height=\"1024\" data-id=\"107729\" src=\"https:\/\/elmetropolitano.com.gt\/es\/wp-content\/uploads\/2025\/07\/514253860_1280713220721425_3916847576146804409_n-768x1024.jpg\" alt=\"\" class=\"wp-image-107729\" srcset=\"https:\/\/elmetropolitano.com.gt\/es\/wp-content\/uploads\/2025\/07\/514253860_1280713220721425_3916847576146804409_n-768x1024.jpg 768w, https:\/\/elmetropolitano.com.gt\/es\/wp-content\/uploads\/2025\/07\/514253860_1280713220721425_3916847576146804409_n-225x300.jpg 225w, https:\/\/elmetropolitano.com.gt\/es\/wp-content\/uploads\/2025\/07\/514253860_1280713220721425_3916847576146804409_n-1152x1536.jpg 1152w, https:\/\/elmetropolitano.com.gt\/es\/wp-content\/uploads\/2025\/07\/514253860_1280713220721425_3916847576146804409_n.jpg 1200w\" sizes=\"auto, (max-width: 768px) 100vw, 768px\" \/><\/figure>\n\n\n\n<figure class=\"wp-block-image size-large\"><img loading=\"lazy\" decoding=\"async\" width=\"1024\" height=\"655\" data-id=\"107727\" src=\"https:\/\/elmetropolitano.com.gt\/es\/wp-content\/uploads\/2025\/07\/514288523_1280713207388093_7310782971004910306_n-1-1024x655.jpg\" alt=\"\" class=\"wp-image-107727\" srcset=\"https:\/\/elmetropolitano.com.gt\/es\/wp-content\/uploads\/2025\/07\/514288523_1280713207388093_7310782971004910306_n-1-1024x655.jpg 1024w, https:\/\/elmetropolitano.com.gt\/es\/wp-content\/uploads\/2025\/07\/514288523_1280713207388093_7310782971004910306_n-1-300x192.jpg 300w, https:\/\/elmetropolitano.com.gt\/es\/wp-content\/uploads\/2025\/07\/514288523_1280713207388093_7310782971004910306_n-1-768x491.jpg 768w, https:\/\/elmetropolitano.com.gt\/es\/wp-content\/uploads\/2025\/07\/514288523_1280713207388093_7310782971004910306_n-1.jpg 1500w\" sizes=\"auto, (max-width: 1024px) 100vw, 1024px\" \/><\/figure>\n\n\n\n<figure class=\"wp-block-image size-large\"><img loading=\"lazy\" decoding=\"async\" width=\"1024\" height=\"768\" data-id=\"107730\" src=\"https:\/\/elmetropolitano.com.gt\/es\/wp-content\/uploads\/2025\/07\/518252977_1280713260721421_3634552204913421112_n-1024x768.jpg\" alt=\"\" class=\"wp-image-107730\" srcset=\"https:\/\/elmetropolitano.com.gt\/es\/wp-content\/uploads\/2025\/07\/518252977_1280713260721421_3634552204913421112_n-1024x768.jpg 1024w, https:\/\/elmetropolitano.com.gt\/es\/wp-content\/uploads\/2025\/07\/518252977_1280713260721421_3634552204913421112_n-300x225.jpg 300w, https:\/\/elmetropolitano.com.gt\/es\/wp-content\/uploads\/2025\/07\/518252977_1280713260721421_3634552204913421112_n-768x576.jpg 768w, https:\/\/elmetropolitano.com.gt\/es\/wp-content\/uploads\/2025\/07\/518252977_1280713260721421_3634552204913421112_n.jpg 1500w\" sizes=\"auto, (max-width: 1024px) 100vw, 1024px\" \/><\/figure>\n\n\n\n<figure class=\"wp-block-image size-large\"><img loading=\"lazy\" decoding=\"async\" width=\"1024\" height=\"895\" data-id=\"107728\" src=\"https:\/\/elmetropolitano.com.gt\/es\/wp-content\/uploads\/2025\/07\/520543747_1280713287388085_328387838320286505_n-1024x895.jpg\" alt=\"\" class=\"wp-image-107728\" srcset=\"https:\/\/elmetropolitano.com.gt\/es\/wp-content\/uploads\/2025\/07\/520543747_1280713287388085_328387838320286505_n-1024x895.jpg 1024w, https:\/\/elmetropolitano.com.gt\/es\/wp-content\/uploads\/2025\/07\/520543747_1280713287388085_328387838320286505_n-300x262.jpg 300w, https:\/\/elmetropolitano.com.gt\/es\/wp-content\/uploads\/2025\/07\/520543747_1280713287388085_328387838320286505_n-768x671.jpg 768w, https:\/\/elmetropolitano.com.gt\/es\/wp-content\/uploads\/2025\/07\/520543747_1280713287388085_328387838320286505_n.jpg 1500w\" sizes=\"auto, (max-width: 1024px) 100vw, 1024px\" \/><\/figure>\n<\/figure>\n","protected":false},"excerpt":{"rendered":"<p>\u00abLa Perla del Atl\u00e1ntico\u00bb se alista para despegar al futuro. En una jornada estrat\u00e9gica que marca un antes y un despu\u00e9s para el nororiente del pa\u00eds, autoridades locales, representantes de la Direcci\u00f3n General de Aeron\u00e1utica Civil (DGAC) y miembros de la sociedad civil se reunieron en la municipalidad de Puerto Barrios para coordinar acciones clave <a class=\"read-more\" href=\"https:\/\/elmetropolitano.com.gt\/es\/puerto-barrios-despega-rumbo-al-desarrollo-con-su-futuro-aeropuerto-internacional\/\">Leer m\u00e1s<\/a><\/p>\n","protected":false},"author":1,"featured_media":107726,"comment_status":"open","ping_status":"closed","sticky":false,"template":"","format":"standard","meta":{"footnotes":""},"categories":[4],"tags":[13],"class_list":["post-107725","post","type-post","status-publish","format-standard","has-post-thumbnail","hentry","category-departamentales","tag-departamentales"],"_links":{"self":[{"href":"https:\/\/elmetropolitano.com.gt\/es\/wp-json\/wp\/v2\/posts\/107725","targetHints":{"allow":["GET"]}}],"collection":[{"href":"https:\/\/elmetropolitano.com.gt\/es\/wp-json\/wp\/v2\/posts"}],"about":[{"href":"https:\/\/elmetropolitano.com.gt\/es\/wp-json\/wp\/v2\/types\/post"}],"author":[{"embeddable":true,"href":"https:\/\/elmetropolitano.com.gt\/es\/wp-json\/wp\/v2\/users\/1"}],"replies":[{"embeddable":true,"href":"https:\/\/elmetropolitano.com.gt\/es\/wp-json\/wp\/v2\/comments?post=107725"}],"version-history":[{"count":1,"href":"https:\/\/elmetropolitano.com.gt\/es\/wp-json\/wp\/v2\/posts\/107725\/revisions"}],"predecessor-version":[{"id":107731,"href":"https:\/\/elmetropolitano.com.gt\/es\/wp-json\/wp\/v2\/posts\/107725\/revisions\/107731"}],"wp:featuredmedia":[{"embeddable":true,"href":"https:\/\/elmetropolitano.com.gt\/es\/wp-json\/wp\/v2\/media\/107726"}],"wp:attachment":[{"href":"https:\/\/elmetropolitano.com.gt\/es\/wp-json\/wp\/v2\/media?parent=107725"}],"wp:term":[{"taxonomy":"category","embeddable":true,"href":"https:\/\/elmetropolitano.com.gt\/es\/wp-json\/wp\/v2\/categories?post=107725"},{"taxonomy":"post_tag","embeddable":true,"href":"https:\/\/elmetropolitano.com.gt\/es\/wp-json\/wp\/v2\/tags?post=107725"}],"curies":[{"name":"wp","href":"https:\/\/api.w.org\/{rel}","templated":true}]}}