{"id":107806,"date":"2025-07-24T17:31:58","date_gmt":"2025-07-24T23:31:58","guid":{"rendered":"https:\/\/elmetropolitano.com.gt\/es\/?p=107806"},"modified":"2025-07-24T17:31:59","modified_gmt":"2025-07-24T23:31:59","slug":"este-viernes-inicia-expocasa-la-feria-de-la-vivienda-en-forum-majadas","status":"publish","type":"post","link":"https:\/\/elmetropolitano.com.gt\/es\/este-viernes-inicia-expocasa-la-feria-de-la-vivienda-en-forum-majadas\/","title":{"rendered":"Este viernes inicia ExpoCasa la feria de la vivienda en Forum Majadas"},"content":{"rendered":"\n<p><a><\/a>Con el objetivo de atender las grandes necesidades del pa\u00eds y acercar soluciones reales a las familias, la C\u00e1mara Guatemalteca de la Industria de la Construcci\u00f3n (CGC) impulsa una nueva edici\u00f3n de ExpoCasa, la feria de vivienda m\u00e1s relevante de Centroam\u00e9rica. Esta iniciativa se realiza del viernes 25 al domingo 27 de julio en F\u00f3rum Majadas y espera recibir a m\u00e1s de 4,000 guatemaltecos.<\/p>\n\n\n\n<p>La entrada es gratuita para quienes se preregistren en la p\u00e1gina web, como una forma de asegurar que m\u00e1s familias puedan acceder a la informaci\u00f3n, los proyectos y las soluciones habitacionales que ofrece la feria.<\/p><div class=\"elmet-contenido\" id=\"elmet-2668374791\"><div class=\"elmet-adlabel\">Anuncios<\/div><div style=\"margin-top: 20px;margin-right: 20px;margin-bottom: 20px;margin-left: 20px;\" id=\"elmet-1786051212\"><a href=\"https:\/\/www.facebook.com\/arrincuanantigua\/\" aria-label=\"cintillo-arrin-cual\"><img loading=\"lazy\" decoding=\"async\" src=\"https:\/\/elmetropolitano.com.gt\/es\/wp-content\/uploads\/2021\/11\/cintillo-arrin-cual-1.jpg\" alt=\"\"  srcset=\"https:\/\/elmetropolitano.com.gt\/es\/wp-content\/uploads\/2021\/11\/cintillo-arrin-cual-1.jpg 750w, https:\/\/elmetropolitano.com.gt\/es\/wp-content\/uploads\/2021\/11\/cintillo-arrin-cual-1-300x36.jpg 300w, https:\/\/elmetropolitano.com.gt\/es\/wp-content\/uploads\/2021\/11\/cintillo-arrin-cual-1-600x72.jpg 600w\" sizes=\"(max-width: 750px) 100vw, 750px\" width=\"750\" height=\"90\"   \/><\/a><\/div><\/div>\n\n\n\n<p>En un contexto donde el d\u00e9ficit habitacional ha alcanzado los 2.2 millones, iniciativas como ExpoCasa reflejan el compromiso del sector construcci\u00f3n por facilitar el acceso a soluciones habitacionales viables. La feria re\u00fane a desarrolladores inmobiliarios, constructoras en lote propio, bancos, comercializadoras de terrenos urbanizados y al Instituto de Fomento de Hipotecas Aseguradas (FHA), en un esfuerzo coordinado que promueve el financiamiento accesible, la confianza del consumidor y la toma de decisiones informadas. ExpoCasa conecta a quienes buscan un hogar con todo lo necesario para hacerlo posible.<\/p>\n\n\n\n<p>Este a\u00f1o, ExpoCasa dar\u00e1 un giro de 180 grados: adem\u00e1s de ofrecer m\u00e1s de 70 proyectos habitacionales y 45 empresas expositoras, se traslada por primera vez a F\u00f3rum Majadas con una propuesta centrada en la experiencia familiar. M\u00fasica en vivo, actividades recreativas y espacios dise\u00f1ados para grandes y peque\u00f1os acompa\u00f1ar\u00e1n la exhibici\u00f3n de proyectos, convirtiendo la feria en un espacio integral donde el proceso de encontrar vivienda tambi\u00e9n puede vivirse de forma m\u00e1s cercana y significativa.<\/p>\n\n\n\n<p>Porque en la realidad guatemalteca, el camino hacia una vivienda no se recorre en solitario: es una decisi\u00f3n que se toma en familia y que transforma vidas. \u201cEn esa misma l\u00ednea, la continuidad de ExpoCasa, que este a\u00f1o celebra su vig\u00e9sima primera edici\u00f3n, demuestra la dedicaci\u00f3n del sector por facilitar soluciones habitacionales m\u00e1s accesibles, adaptables y acordes con la realidad nacional\u201d, se\u00f1al\u00f3 el presidente de la C\u00e1mara Guatemalteca de la Industria de la Construcci\u00f3n, el Ing. Luis Castellanos.<\/p>\n\n\n\n<p>La visi\u00f3n detr\u00e1s de la iniciativa se enmarca en una apuesta m\u00e1s amplia del sector por impulsar el desarrollo del pa\u00eds desde distintos frentes,abordando as\u00ed, desaf\u00edos estructurales. ExpoCasa es una invitaci\u00f3n a construir futuro. Para las familias que sue\u00f1an con un hogar propio, para los j\u00f3venes que buscan su primera inversi\u00f3n, y para todos los que creen en una Guatemala con m\u00e1s oportunidades.<\/p>\n\n\n\n<p><a href=\"https:\/\/www.facebook.com\/hashtag\/expocasa?__eep__=6&amp;__cft__[0]=AZUEhZSGanVWFzVG0djA6TfIjpJVARzZGzUFAykXVXF8baWZ9uaHSm81GhZkyhizxKgKqgQDGVQ6qGFbq8gLU9dut2XrgTuu3CMn0NHOF1O8yyGkaIjqRCIvG4aKPTDLB9jbj2qfWKv30Uo3Yb5_ZNUXiPCUuqW3bU8ntYNuJYDO2JupwiHexsCTFG07_PFysvE&amp;__tn__=*NK-R\">#expocasa<\/a><a href=\"https:\/\/www.facebook.com\/hashtag\/elfinancierogt?__eep__=6&amp;__cft__[0]=AZUEhZSGanVWFzVG0djA6TfIjpJVARzZGzUFAykXVXF8baWZ9uaHSm81GhZkyhizxKgKqgQDGVQ6qGFbq8gLU9dut2XrgTuu3CMn0NHOF1O8yyGkaIjqRCIvG4aKPTDLB9jbj2qfWKv30Uo3Yb5_ZNUXiPCUuqW3bU8ntYNuJYDO2JupwiHexsCTFG07_PFysvE&amp;__tn__=*NK-R\">#elfinancierogt<\/a><\/p>\n","protected":false},"excerpt":{"rendered":"<p>Con el objetivo de atender las grandes necesidades del pa\u00eds y acercar soluciones reales a las familias, la C\u00e1mara Guatemalteca de la Industria de la Construcci\u00f3n (CGC) impulsa una nueva edici\u00f3n de ExpoCasa, la feria de vivienda m\u00e1s relevante de Centroam\u00e9rica. Esta iniciativa se realiza del viernes 25 al domingo 27 de julio en F\u00f3rum <a class=\"read-more\" href=\"https:\/\/elmetropolitano.com.gt\/es\/este-viernes-inicia-expocasa-la-feria-de-la-vivienda-en-forum-majadas\/\">Leer m\u00e1s<\/a><\/p>\n","protected":false},"author":1,"featured_media":107807,"comment_status":"open","ping_status":"closed","sticky":false,"template":"","format":"standard","meta":{"footnotes":""},"categories":[31],"tags":[32],"class_list":["post-107806","post","type-post","status-publish","format-standard","has-post-thumbnail","hentry","category-metroimpulso","tag-metroimpulso"],"_links":{"self":[{"href":"https:\/\/elmetropolitano.com.gt\/es\/wp-json\/wp\/v2\/posts\/107806","targetHints":{"allow":["GET"]}}],"collection":[{"href":"https:\/\/elmetropolitano.com.gt\/es\/wp-json\/wp\/v2\/posts"}],"about":[{"href":"https:\/\/elmetropolitano.com.gt\/es\/wp-json\/wp\/v2\/types\/post"}],"author":[{"embeddable":true,"href":"https:\/\/elmetropolitano.com.gt\/es\/wp-json\/wp\/v2\/users\/1"}],"replies":[{"embeddable":true,"href":"https:\/\/elmetropolitano.com.gt\/es\/wp-json\/wp\/v2\/comments?post=107806"}],"version-history":[{"count":1,"href":"https:\/\/elmetropolitano.com.gt\/es\/wp-json\/wp\/v2\/posts\/107806\/revisions"}],"predecessor-version":[{"id":107808,"href":"https:\/\/elmetropolitano.com.gt\/es\/wp-json\/wp\/v2\/posts\/107806\/revisions\/107808"}],"wp:featuredmedia":[{"embeddable":true,"href":"https:\/\/elmetropolitano.com.gt\/es\/wp-json\/wp\/v2\/media\/107807"}],"wp:attachment":[{"href":"https:\/\/elmetropolitano.com.gt\/es\/wp-json\/wp\/v2\/media?parent=107806"}],"wp:term":[{"taxonomy":"category","embeddable":true,"href":"https:\/\/elmetropolitano.com.gt\/es\/wp-json\/wp\/v2\/categories?post=107806"},{"taxonomy":"post_tag","embeddable":true,"href":"https:\/\/elmetropolitano.com.gt\/es\/wp-json\/wp\/v2\/tags?post=107806"}],"curies":[{"name":"wp","href":"https:\/\/api.w.org\/{rel}","templated":true}]}}