{"id":107888,"date":"2025-07-26T10:39:25","date_gmt":"2025-07-26T16:39:25","guid":{"rendered":"https:\/\/elmetropolitano.com.gt\/es\/?p=107888"},"modified":"2025-07-26T10:39:26","modified_gmt":"2025-07-26T16:39:26","slug":"abre-la-expocasa-en-forum-majadas","status":"publish","type":"post","link":"https:\/\/elmetropolitano.com.gt\/es\/abre-la-expocasa-en-forum-majadas\/","title":{"rendered":"Abre la ExpoCasa en F\u00f3rum Majadas"},"content":{"rendered":"\n<p><a><\/a>Con el objetivo de atender las grandes necesidades del pa\u00eds y acercar soluciones reales a las familias, la C\u00e1mara Guatemalteca de la Industria de la Construcci\u00f3n (CGC) impulsa una nueva edici\u00f3n de ExpoCasa, la feria de vivienda m\u00e1s relevante de Centroam\u00e9rica.<\/p>\n\n\n\n<p>Esta iniciativa se realiza desde hoy aldomingo 27 de julio en F\u00f3rum Majadas y espera recibir a m\u00e1s de 5,000 guatemaltecos.<\/p><div class=\"elmet-contenido\" id=\"elmet-3619253800\"><div class=\"elmet-adlabel\">Anuncios<\/div><div style=\"margin-top: 20px;margin-right: 20px;margin-bottom: 20px;margin-left: 20px;\" id=\"elmet-10353668\"><a href=\"https:\/\/www.facebook.com\/arrincuanantigua\/\" aria-label=\"cintillo-arrin-cual\"><img loading=\"lazy\" decoding=\"async\" src=\"https:\/\/elmetropolitano.com.gt\/es\/wp-content\/uploads\/2021\/11\/cintillo-arrin-cual-1.jpg\" alt=\"\"  srcset=\"https:\/\/elmetropolitano.com.gt\/es\/wp-content\/uploads\/2021\/11\/cintillo-arrin-cual-1.jpg 750w, https:\/\/elmetropolitano.com.gt\/es\/wp-content\/uploads\/2021\/11\/cintillo-arrin-cual-1-300x36.jpg 300w, https:\/\/elmetropolitano.com.gt\/es\/wp-content\/uploads\/2021\/11\/cintillo-arrin-cual-1-600x72.jpg 600w\" sizes=\"(max-width: 750px) 100vw, 750px\" width=\"750\" height=\"90\"   \/><\/a><\/div><\/div>\n\n\n\n<p>La entrada es gratuita<\/p>\n\n\n\n<p>para quienes se pre registren en la p\u00e1gina web, como una forma de asegurar que m\u00e1s<\/p>\n\n\n\n<p>familias puedan acceder a la informaci\u00f3n, los proyectos y las soluciones habitacionales que ofrece la feria.<\/p>\n\n\n\n<p>En un contexto donde el d\u00e9ficit habitacional ha alcanzado los 2.2 millones, iniciativas como ExpoCasa reflejan el compromiso del sector construcci\u00f3n por facilitar el acceso a soluciones habitacionales viables.<\/p>\n\n\n\n<p>La feria re\u00fane a desarrolladores inmobiliarios, constructoras en lote<\/p>\n\n\n\n<p>propio, bancos, comercializadoras de terrenos urbanizados y al Instituto de Fomento de Hipotecas Aseguradas (FHA), en un esfuerzo coordinado que promueve el financiamiento accesible, la confianza del consumidor y la toma de decisiones informadas.<\/p>\n\n\n\n<p>ExpoCasa conecta a quienes buscan un hogar con todo lo necesario para hacerlo posible.<\/p>\n\n\n\n<p>Este a\u00f1o, ExpoCasa di\u00f3 un giro de 180 grados: adem\u00e1s de ofrecer m\u00e1s de 70 proyectos habitacionales y 45 empresas expositoras, se traslad\u00f3 por primera vez a F\u00f3rum Majadas con una propuesta centrada en la experiencia familiar.<\/p>\n\n\n\n<p>M\u00fasica en vivo, actividades recreativas y espacios dise\u00f1ados para grandes y peque\u00f1os acompa\u00f1ar\u00e1n la exhibici\u00f3n de<\/p>\n\n\n\n<p>proyectos, convirtiendo la feria en un espacio integral donde el proceso de encontrar vivienda tambi\u00e9n puede vivirse de forma m\u00e1s cercana y significativa.<\/p>\n\n\n\n<p>Durante el acto de inauguraci\u00f3n estuvieron presentes el presidente de la C\u00e1mara<\/p>\n\n\n\n<p>Guatemalteca de la Industria de la Construcci\u00f3n, el Ing. Luis Castellanos; el vicepresidente de la C\u00e1mara Guatemalteca de la Industria de la Construcci\u00f3n y presidente de ANACOVI, el Lic. Juan Pablo Estrada; el Ing. Jorge Mario Figueroa, miembro de Junta Directiva de ambas<\/p>\n\n\n\n<p>instituciones y director del Comit\u00e9 Organizador de ExpoCasa; as\u00ed como el alcalde de la Ciudad de Guatemala, Ricardo Qui\u00f1\u00f3nez.<\/p>\n\n\n\n<p>En sus intervenciones, resaltaron que<\/p>\n\n\n\n<p>iniciativas como ExpoCasa evidencian el potencial de la cooperaci\u00f3n entre el sector p\u00fablico y el privado para generar soluciones reales a las necesidades del pa\u00eds.<\/p>\n\n\n\n<p>Coincidieron en que el acceso a la vivienda no es solo un reto social, sino tambi\u00e9n una oportunidad concreta para dinamizar la econom\u00eda, impulsar el desarrollo y transformar el futuro de miles de<\/p>\n\n\n\n<p>familias guatemaltecas.<\/p>\n\n\n\n<p>Porque en la realidad guatemalteca, el camino hacia una vivienda no se recorre en solitario: es una decisi\u00f3n que se toma en familia y que transforma vidas.<\/p>\n\n\n\n<p>\u201cEn esa misma l\u00ednea, la continuidad de ExpoCasa, que este a\u00f1o celebra su vig\u00e9sima primera edici\u00f3n, demuestra la<\/p>\n\n\n\n<p>dedicaci\u00f3n del sector por facilitar soluciones habitacionales m\u00e1s accesibles, adaptables y acordes con la realidad nacional\u201d se\u00f1al\u00f3 el presidente de la C\u00e1mara Guatemalteca de la Industria de la Construcci\u00f3n, el Ing. Luis Castellanos.<\/p>\n\n\n\n<p>La visi\u00f3n detr\u00e1s de la iniciativa se enmarca en una apuesta m\u00e1s amplia del sector por<\/p>\n\n\n\n<p>impulsar el desarrollo del pa\u00eds desde distintos frentes, abordando as\u00ed, desaf\u00edos<\/p>\n\n\n\n<p>estructurales. ExpoCasa es una invitaci\u00f3n a construir futuro. Para las familias que sue\u00f1an con un hogar propio, para los j\u00f3venes que buscan su primera inversi\u00f3n, y para todos los que creen en una Guatemala con m\u00e1s oportunidades.<\/p>\n\n\n\n<p><a href=\"https:\/\/www.facebook.com\/hashtag\/expocasa?__eep__=6&amp;__cft__[0]=AZVeL5C1Gjsim-3RsELZi9Bnsc3ovO4X8LErMD428f5_q_N9g3OzhoPS0er9rOHrEb5hjHxB9DP4AA707ZTA5w0gwDfV4pVjppk9bdZ6Sbt71jUTmRtEcq6wHsnZD9BuE0e3qoH9UvrE2vYS0dUcQ4-9DU8EY4wPffU8h64gyR3pLavEPwnoh2G-BpByX8yAeDE&amp;__tn__=*NK-R\">#expocasa<\/a><a href=\"https:\/\/www.facebook.com\/hashtag\/forummajadas?__eep__=6&amp;__cft__[0]=AZVeL5C1Gjsim-3RsELZi9Bnsc3ovO4X8LErMD428f5_q_N9g3OzhoPS0er9rOHrEb5hjHxB9DP4AA707ZTA5w0gwDfV4pVjppk9bdZ6Sbt71jUTmRtEcq6wHsnZD9BuE0e3qoH9UvrE2vYS0dUcQ4-9DU8EY4wPffU8h64gyR3pLavEPwnoh2G-BpByX8yAeDE&amp;__tn__=*NK-R\">#ForumMajadas<\/a><a href=\"https:\/\/www.facebook.com\/hashtag\/metroredes?__eep__=6&amp;__cft__[0]=AZVeL5C1Gjsim-3RsELZi9Bnsc3ovO4X8LErMD428f5_q_N9g3OzhoPS0er9rOHrEb5hjHxB9DP4AA707ZTA5w0gwDfV4pVjppk9bdZ6Sbt71jUTmRtEcq6wHsnZD9BuE0e3qoH9UvrE2vYS0dUcQ4-9DU8EY4wPffU8h64gyR3pLavEPwnoh2G-BpByX8yAeDE&amp;__tn__=*NK-R\">#metroredes<\/a><a href=\"https:\/\/www.facebook.com\/hashtag\/elfinancierogt?__eep__=6&amp;__cft__[0]=AZVeL5C1Gjsim-3RsELZi9Bnsc3ovO4X8LErMD428f5_q_N9g3OzhoPS0er9rOHrEb5hjHxB9DP4AA707ZTA5w0gwDfV4pVjppk9bdZ6Sbt71jUTmRtEcq6wHsnZD9BuE0e3qoH9UvrE2vYS0dUcQ4-9DU8EY4wPffU8h64gyR3pLavEPwnoh2G-BpByX8yAeDE&amp;__tn__=*NK-R\">#elfinancierogt<\/a><a href=\"https:\/\/www.facebook.com\/hashtag\/casaparatodos?__eep__=6&amp;__cft__[0]=AZVeL5C1Gjsim-3RsELZi9Bnsc3ovO4X8LErMD428f5_q_N9g3OzhoPS0er9rOHrEb5hjHxB9DP4AA707ZTA5w0gwDfV4pVjppk9bdZ6Sbt71jUTmRtEcq6wHsnZD9BuE0e3qoH9UvrE2vYS0dUcQ4-9DU8EY4wPffU8h64gyR3pLavEPwnoh2G-BpByX8yAeDE&amp;__tn__=*NK-R\">#casaparatodos<\/a><\/p>\n\n\n\n<figure class=\"wp-block-gallery has-nested-images columns-default is-cropped wp-block-gallery-1 is-layout-flex wp-block-gallery-is-layout-flex\">\n<figure class=\"wp-block-image size-large\"><img loading=\"lazy\" decoding=\"async\" width=\"1024\" height=\"682\" data-id=\"107892\" src=\"https:\/\/elmetropolitano.com.gt\/es\/wp-content\/uploads\/2025\/07\/514255426_1282444367214977_8217999841109823459_n-1024x682.jpg\" alt=\"\" class=\"wp-image-107892\" srcset=\"https:\/\/elmetropolitano.com.gt\/es\/wp-content\/uploads\/2025\/07\/514255426_1282444367214977_8217999841109823459_n-1024x682.jpg 1024w, https:\/\/elmetropolitano.com.gt\/es\/wp-content\/uploads\/2025\/07\/514255426_1282444367214977_8217999841109823459_n-300x200.jpg 300w, https:\/\/elmetropolitano.com.gt\/es\/wp-content\/uploads\/2025\/07\/514255426_1282444367214977_8217999841109823459_n-768x512.jpg 768w, https:\/\/elmetropolitano.com.gt\/es\/wp-content\/uploads\/2025\/07\/514255426_1282444367214977_8217999841109823459_n-1536x1023.jpg 1536w, https:\/\/elmetropolitano.com.gt\/es\/wp-content\/uploads\/2025\/07\/514255426_1282444367214977_8217999841109823459_n.jpg 1600w\" sizes=\"auto, (max-width: 1024px) 100vw, 1024px\" \/><\/figure>\n\n\n\n<figure class=\"wp-block-image size-large\"><img loading=\"lazy\" decoding=\"async\" width=\"1024\" height=\"682\" data-id=\"107890\" src=\"https:\/\/elmetropolitano.com.gt\/es\/wp-content\/uploads\/2025\/07\/522647945_1282444330548314_6011273256720409474_n-1-1024x682.jpg\" alt=\"\" class=\"wp-image-107890\" srcset=\"https:\/\/elmetropolitano.com.gt\/es\/wp-content\/uploads\/2025\/07\/522647945_1282444330548314_6011273256720409474_n-1-1024x682.jpg 1024w, https:\/\/elmetropolitano.com.gt\/es\/wp-content\/uploads\/2025\/07\/522647945_1282444330548314_6011273256720409474_n-1-300x200.jpg 300w, https:\/\/elmetropolitano.com.gt\/es\/wp-content\/uploads\/2025\/07\/522647945_1282444330548314_6011273256720409474_n-1-768x512.jpg 768w, https:\/\/elmetropolitano.com.gt\/es\/wp-content\/uploads\/2025\/07\/522647945_1282444330548314_6011273256720409474_n-1-1536x1023.jpg 1536w, https:\/\/elmetropolitano.com.gt\/es\/wp-content\/uploads\/2025\/07\/522647945_1282444330548314_6011273256720409474_n-1.jpg 1600w\" sizes=\"auto, (max-width: 1024px) 100vw, 1024px\" \/><\/figure>\n\n\n\n<figure class=\"wp-block-image size-large\"><img loading=\"lazy\" decoding=\"async\" width=\"1024\" height=\"682\" data-id=\"107891\" src=\"https:\/\/elmetropolitano.com.gt\/es\/wp-content\/uploads\/2025\/07\/524934522_1282444333881647_8769649861812892333_n-1024x682.jpg\" alt=\"\" class=\"wp-image-107891\" srcset=\"https:\/\/elmetropolitano.com.gt\/es\/wp-content\/uploads\/2025\/07\/524934522_1282444333881647_8769649861812892333_n-1024x682.jpg 1024w, https:\/\/elmetropolitano.com.gt\/es\/wp-content\/uploads\/2025\/07\/524934522_1282444333881647_8769649861812892333_n-300x200.jpg 300w, https:\/\/elmetropolitano.com.gt\/es\/wp-content\/uploads\/2025\/07\/524934522_1282444333881647_8769649861812892333_n-768x512.jpg 768w, https:\/\/elmetropolitano.com.gt\/es\/wp-content\/uploads\/2025\/07\/524934522_1282444333881647_8769649861812892333_n-1536x1023.jpg 1536w, https:\/\/elmetropolitano.com.gt\/es\/wp-content\/uploads\/2025\/07\/524934522_1282444333881647_8769649861812892333_n.jpg 1600w\" sizes=\"auto, (max-width: 1024px) 100vw, 1024px\" \/><\/figure>\n<\/figure>\n","protected":false},"excerpt":{"rendered":"<p>Con el objetivo de atender las grandes necesidades del pa\u00eds y acercar soluciones reales a las familias, la C\u00e1mara Guatemalteca de la Industria de la Construcci\u00f3n (CGC) impulsa una nueva edici\u00f3n de ExpoCasa, la feria de vivienda m\u00e1s relevante de Centroam\u00e9rica. Esta iniciativa se realiza desde hoy aldomingo 27 de julio en F\u00f3rum Majadas y <a class=\"read-more\" href=\"https:\/\/elmetropolitano.com.gt\/es\/abre-la-expocasa-en-forum-majadas\/\">Leer m\u00e1s<\/a><\/p>\n","protected":false},"author":1,"featured_media":107889,"comment_status":"open","ping_status":"closed","sticky":false,"template":"","format":"standard","meta":{"footnotes":""},"categories":[31],"tags":[32],"class_list":["post-107888","post","type-post","status-publish","format-standard","has-post-thumbnail","hentry","category-metroimpulso","tag-metroimpulso"],"_links":{"self":[{"href":"https:\/\/elmetropolitano.com.gt\/es\/wp-json\/wp\/v2\/posts\/107888","targetHints":{"allow":["GET"]}}],"collection":[{"href":"https:\/\/elmetropolitano.com.gt\/es\/wp-json\/wp\/v2\/posts"}],"about":[{"href":"https:\/\/elmetropolitano.com.gt\/es\/wp-json\/wp\/v2\/types\/post"}],"author":[{"embeddable":true,"href":"https:\/\/elmetropolitano.com.gt\/es\/wp-json\/wp\/v2\/users\/1"}],"replies":[{"embeddable":true,"href":"https:\/\/elmetropolitano.com.gt\/es\/wp-json\/wp\/v2\/comments?post=107888"}],"version-history":[{"count":1,"href":"https:\/\/elmetropolitano.com.gt\/es\/wp-json\/wp\/v2\/posts\/107888\/revisions"}],"predecessor-version":[{"id":107893,"href":"https:\/\/elmetropolitano.com.gt\/es\/wp-json\/wp\/v2\/posts\/107888\/revisions\/107893"}],"wp:featuredmedia":[{"embeddable":true,"href":"https:\/\/elmetropolitano.com.gt\/es\/wp-json\/wp\/v2\/media\/107889"}],"wp:attachment":[{"href":"https:\/\/elmetropolitano.com.gt\/es\/wp-json\/wp\/v2\/media?parent=107888"}],"wp:term":[{"taxonomy":"category","embeddable":true,"href":"https:\/\/elmetropolitano.com.gt\/es\/wp-json\/wp\/v2\/categories?post=107888"},{"taxonomy":"post_tag","embeddable":true,"href":"https:\/\/elmetropolitano.com.gt\/es\/wp-json\/wp\/v2\/tags?post=107888"}],"curies":[{"name":"wp","href":"https:\/\/api.w.org\/{rel}","templated":true}]}}