{"id":107894,"date":"2025-07-26T10:41:00","date_gmt":"2025-07-26T16:41:00","guid":{"rendered":"https:\/\/elmetropolitano.com.gt\/es\/?p=107894"},"modified":"2025-07-26T10:41:01","modified_gmt":"2025-07-26T16:41:01","slug":"mejoraran-infraestructura-del-puesto-de-salud-de-ribaco-en-purulha-baja-verapaz","status":"publish","type":"post","link":"https:\/\/elmetropolitano.com.gt\/es\/mejoraran-infraestructura-del-puesto-de-salud-de-ribaco-en-purulha-baja-verapaz\/","title":{"rendered":"Mejorar\u00e1n infraestructura del Puesto de Salud de Ribac\u00f3, en Purulh\u00e1, Baja Verapaz"},"content":{"rendered":"\n<p>Como parte del compromiso del Gobierno de Bernardo Ar\u00e9valo por asegurar atenci\u00f3n m\u00e9dica en espacios adecuados, el Ministerio de Comunicaciones, Infraestructura y Vivienda (CIV), por medio de la Unidad de Construcci\u00f3n de Edificios del Estado (UCEE), realiz\u00f3 una jornada de evaluaci\u00f3n t\u00e9cnica en el Puesto de Salud de Ribac\u00f3, en el municipio de Purulh\u00e1, Baja Verapaz.<\/p>\n\n\n\n<p>La inspecci\u00f3n, liderada por ingenieros y arquitectos especializados, incluy\u00f3 mediciones topogr\u00e1ficas y estudios del entorno f\u00edsico para verificar la viabilidad de instalar m\u00f3dulos prefabricados que mejoren de inmediato la infraestructura sanitaria de la comunidad.<\/p><div class=\"elmet-contenido\" id=\"elmet-816113408\"><div class=\"elmet-adlabel\">Anuncios<\/div><div style=\"margin-top: 20px;margin-right: 20px;margin-bottom: 20px;margin-left: 20px;\" id=\"elmet-1606485649\"><a href=\"https:\/\/www.facebook.com\/arrincuanantigua\/\" aria-label=\"cintillo-arrin-cual\"><img loading=\"lazy\" decoding=\"async\" src=\"https:\/\/elmetropolitano.com.gt\/es\/wp-content\/uploads\/2021\/11\/cintillo-arrin-cual-1.jpg\" alt=\"\"  srcset=\"https:\/\/elmetropolitano.com.gt\/es\/wp-content\/uploads\/2021\/11\/cintillo-arrin-cual-1.jpg 750w, https:\/\/elmetropolitano.com.gt\/es\/wp-content\/uploads\/2021\/11\/cintillo-arrin-cual-1-300x36.jpg 300w, https:\/\/elmetropolitano.com.gt\/es\/wp-content\/uploads\/2021\/11\/cintillo-arrin-cual-1-600x72.jpg 600w\" sizes=\"(max-width: 750px) 100vw, 750px\" width=\"750\" height=\"90\"   \/><\/a><\/div><\/div>\n\n\n\n<p>Estas estructuras temporales buscan garantizar espacios limpios, seguros y funcionales para la atenci\u00f3n m\u00e9dica b\u00e1sica, especialmente en \u00e1reas rurales que enfrentan condiciones de emergencia o alta vulnerabilidad.<\/p>\n\n\n\n<p>Con este tipo de intervenciones, se asegura la continuidad de los servicios de salud mientras se gestiona una soluci\u00f3n permanente.<\/p>\n\n\n\n<p>La UCEE reafirma as\u00ed su compromiso con el desarrollo social y la equidad en el acceso a servicios esenciales. A trav\u00e9s de soluciones innovadoras, el Gobierno de Guatemala contin\u00faa fortaleciendo la infraestructura p\u00fablica en beneficio directo de miles de guatemaltecas y guatemaltecos.<\/p>\n\n\n\n<p><a href=\"https:\/\/www.facebook.com\/hashtag\/ucee?__eep__=6&amp;__cft__[0]=AZU3YUgERNhtZ04FbjzWWcLu19YApRyocnFhAavNJE4dO1PJyMYNxIvZjkrvttE7BziUUt7B8B3j-RStfxk6LHXn37GqWGTn9YZV_XxsLg9dZ8ryg_ppt9_Pq5sphXwrL7VPvybvfygiWUox8EdF8q8rHrGPrxWyXfgYmS-TKMek_ItcLTIBviovVrSR8yfuYh0&amp;__tn__=*NK-R\">#Ucee<\/a><a href=\"https:\/\/www.facebook.com\/hashtag\/saludparatodos?__eep__=6&amp;__cft__[0]=AZU3YUgERNhtZ04FbjzWWcLu19YApRyocnFhAavNJE4dO1PJyMYNxIvZjkrvttE7BziUUt7B8B3j-RStfxk6LHXn37GqWGTn9YZV_XxsLg9dZ8ryg_ppt9_Pq5sphXwrL7VPvybvfygiWUox8EdF8q8rHrGPrxWyXfgYmS-TKMek_ItcLTIBviovVrSR8yfuYh0&amp;__tn__=*NK-R\">#SaludParaTodos<\/a><a href=\"https:\/\/www.facebook.com\/hashtag\/purulha?__eep__=6&amp;__cft__[0]=AZU3YUgERNhtZ04FbjzWWcLu19YApRyocnFhAavNJE4dO1PJyMYNxIvZjkrvttE7BziUUt7B8B3j-RStfxk6LHXn37GqWGTn9YZV_XxsLg9dZ8ryg_ppt9_Pq5sphXwrL7VPvybvfygiWUox8EdF8q8rHrGPrxWyXfgYmS-TKMek_ItcLTIBviovVrSR8yfuYh0&amp;__tn__=*NK-R\">#Purulha<\/a><a href=\"https:\/\/www.facebook.com\/hashtag\/civ?__eep__=6&amp;__cft__[0]=AZU3YUgERNhtZ04FbjzWWcLu19YApRyocnFhAavNJE4dO1PJyMYNxIvZjkrvttE7BziUUt7B8B3j-RStfxk6LHXn37GqWGTn9YZV_XxsLg9dZ8ryg_ppt9_Pq5sphXwrL7VPvybvfygiWUox8EdF8q8rHrGPrxWyXfgYmS-TKMek_ItcLTIBviovVrSR8yfuYh0&amp;__tn__=*NK-R\">#CIV<\/a><\/p>\n","protected":false},"excerpt":{"rendered":"<p>Como parte del compromiso del Gobierno de Bernardo Ar\u00e9valo por asegurar atenci\u00f3n m\u00e9dica en espacios adecuados, el Ministerio de Comunicaciones, Infraestructura y Vivienda (CIV), por medio de la Unidad de Construcci\u00f3n de Edificios del Estado (UCEE), realiz\u00f3 una jornada de evaluaci\u00f3n t\u00e9cnica en el Puesto de Salud de Ribac\u00f3, en el municipio de Purulh\u00e1, Baja <a class=\"read-more\" href=\"https:\/\/elmetropolitano.com.gt\/es\/mejoraran-infraestructura-del-puesto-de-salud-de-ribaco-en-purulha-baja-verapaz\/\">Leer m\u00e1s<\/a><\/p>\n","protected":false},"author":1,"featured_media":107895,"comment_status":"open","ping_status":"closed","sticky":false,"template":"","format":"standard","meta":{"footnotes":""},"categories":[4],"tags":[13],"class_list":["post-107894","post","type-post","status-publish","format-standard","has-post-thumbnail","hentry","category-departamentales","tag-departamentales"],"_links":{"self":[{"href":"https:\/\/elmetropolitano.com.gt\/es\/wp-json\/wp\/v2\/posts\/107894","targetHints":{"allow":["GET"]}}],"collection":[{"href":"https:\/\/elmetropolitano.com.gt\/es\/wp-json\/wp\/v2\/posts"}],"about":[{"href":"https:\/\/elmetropolitano.com.gt\/es\/wp-json\/wp\/v2\/types\/post"}],"author":[{"embeddable":true,"href":"https:\/\/elmetropolitano.com.gt\/es\/wp-json\/wp\/v2\/users\/1"}],"replies":[{"embeddable":true,"href":"https:\/\/elmetropolitano.com.gt\/es\/wp-json\/wp\/v2\/comments?post=107894"}],"version-history":[{"count":1,"href":"https:\/\/elmetropolitano.com.gt\/es\/wp-json\/wp\/v2\/posts\/107894\/revisions"}],"predecessor-version":[{"id":107896,"href":"https:\/\/elmetropolitano.com.gt\/es\/wp-json\/wp\/v2\/posts\/107894\/revisions\/107896"}],"wp:featuredmedia":[{"embeddable":true,"href":"https:\/\/elmetropolitano.com.gt\/es\/wp-json\/wp\/v2\/media\/107895"}],"wp:attachment":[{"href":"https:\/\/elmetropolitano.com.gt\/es\/wp-json\/wp\/v2\/media?parent=107894"}],"wp:term":[{"taxonomy":"category","embeddable":true,"href":"https:\/\/elmetropolitano.com.gt\/es\/wp-json\/wp\/v2\/categories?post=107894"},{"taxonomy":"post_tag","embeddable":true,"href":"https:\/\/elmetropolitano.com.gt\/es\/wp-json\/wp\/v2\/tags?post=107894"}],"curies":[{"name":"wp","href":"https:\/\/api.w.org\/{rel}","templated":true}]}}