{"id":107912,"date":"2025-07-26T10:50:12","date_gmt":"2025-07-26T16:50:12","guid":{"rendered":"https:\/\/elmetropolitano.com.gt\/es\/?p=107912"},"modified":"2025-07-26T10:50:12","modified_gmt":"2025-07-26T16:50:12","slug":"sicarios-dan-muerte-a-tres-estudiantes-en-pleno-parque-de-flores-costa-cuca","status":"publish","type":"post","link":"https:\/\/elmetropolitano.com.gt\/es\/sicarios-dan-muerte-a-tres-estudiantes-en-pleno-parque-de-flores-costa-cuca\/","title":{"rendered":"Sicarios dan muerte a tres estudiantes en pleno parque de Flores Costa Cuca"},"content":{"rendered":"\n<p><a><\/a>Este viernes se ti\u00f1\u00f3 de sangre en el parque central del municipio de Flores Costa Cuca, Quetzaltenango, luego que tres estudiantes del instituto de Educaci\u00f3n B\u00e1sica por Cooperativa Kjell Eugenio Laugerud Garc\u00eda. fueran brutalmente asesinados mientras se encontraban en las bancas de dicho parque.<\/p>\n\n\n\n<p>A pesar de que el lugar se ubica a escasos metros de la municipalidad y es una zona altamente transitada, los sicarios actuaron con total frialdad y sin temor alguno, ejecutando a sus v\u00edctimas a plena luz del d\u00eda y ante la mirada de varios testigos.<\/p><div class=\"elmet-contenido\" id=\"elmet-1823398491\"><div class=\"elmet-adlabel\">Anuncios<\/div><div style=\"margin-top: 20px;margin-right: 20px;margin-bottom: 20px;margin-left: 20px;\" id=\"elmet-2989996426\"><a href=\"https:\/\/www.facebook.com\/arrincuanantigua\/\" aria-label=\"cintillo-arrin-cual\"><img loading=\"lazy\" decoding=\"async\" src=\"https:\/\/elmetropolitano.com.gt\/es\/wp-content\/uploads\/2021\/11\/cintillo-arrin-cual-1.jpg\" alt=\"\"  srcset=\"https:\/\/elmetropolitano.com.gt\/es\/wp-content\/uploads\/2021\/11\/cintillo-arrin-cual-1.jpg 750w, https:\/\/elmetropolitano.com.gt\/es\/wp-content\/uploads\/2021\/11\/cintillo-arrin-cual-1-300x36.jpg 300w, https:\/\/elmetropolitano.com.gt\/es\/wp-content\/uploads\/2021\/11\/cintillo-arrin-cual-1-600x72.jpg 600w\" sizes=\"(max-width: 750px) 100vw, 750px\" width=\"750\" height=\"90\"   \/><\/a><\/div><\/div>\n\n\n\n<p>Los estudiantes asesinatos fueron identificados como Saul Antonio L\u00f3pez, de 19 a\u00f1os, Melvin Castellanos Lop\u00e9z, de 14 a\u00f1os y Carlos Miguel Tema, de 14 a\u00f1os todos originarios de Flores Costa Cuca.<\/p>\n\n\n\n<p>Este violento ataque ha generado consternaci\u00f3n y no puede quedar impune, se solicita a las autoridades correspondientes investigar de inmediato \u00e9ste hecho vil y cobarde.<\/p>\n\n\n\n<p><a href=\"https:\/\/www.facebook.com\/hashtag\/violencia?__eep__=6&amp;__cft__[0]=AZXtdNxAK51-QyoLG7dFFoFdP4eobY_6hAC8DpjCjJCpf3TDE-7SUy8wGUWe5JhSQUa6-Fnc8mt2hY3-6QWWvfpbDovvxr2JpVv5ijWtq4fi1uoJTgv8SquhMC6U8YBHq_C8h9oYvECvw6zxT5Ilebx5k0_w7pWd9tKCQYfkrvvCfPEtheJS6IxAECdW_C83X8M&amp;__tn__=*NK-R\">#Violencia<\/a><a href=\"https:\/\/www.facebook.com\/hashtag\/florescostacuca?__eep__=6&amp;__cft__[0]=AZXtdNxAK51-QyoLG7dFFoFdP4eobY_6hAC8DpjCjJCpf3TDE-7SUy8wGUWe5JhSQUa6-Fnc8mt2hY3-6QWWvfpbDovvxr2JpVv5ijWtq4fi1uoJTgv8SquhMC6U8YBHq_C8h9oYvECvw6zxT5Ilebx5k0_w7pWd9tKCQYfkrvvCfPEtheJS6IxAECdW_C83X8M&amp;__tn__=*NK-R\">#FloresCostaCuca<\/a><\/p>\n\n\n\n<figure class=\"wp-block-gallery has-nested-images columns-default is-cropped wp-block-gallery-1 is-layout-flex wp-block-gallery-is-layout-flex\">\n<figure class=\"wp-block-image size-large\"><img loading=\"lazy\" decoding=\"async\" width=\"1024\" height=\"1024\" data-id=\"107916\" src=\"https:\/\/elmetropolitano.com.gt\/es\/wp-content\/uploads\/2025\/07\/523421860_1282606587198755_2100476666028582826_n-1024x1024.jpg\" alt=\"\" class=\"wp-image-107916\" srcset=\"https:\/\/elmetropolitano.com.gt\/es\/wp-content\/uploads\/2025\/07\/523421860_1282606587198755_2100476666028582826_n-1024x1024.jpg 1024w, https:\/\/elmetropolitano.com.gt\/es\/wp-content\/uploads\/2025\/07\/523421860_1282606587198755_2100476666028582826_n-300x300.jpg 300w, https:\/\/elmetropolitano.com.gt\/es\/wp-content\/uploads\/2025\/07\/523421860_1282606587198755_2100476666028582826_n-150x150.jpg 150w, https:\/\/elmetropolitano.com.gt\/es\/wp-content\/uploads\/2025\/07\/523421860_1282606587198755_2100476666028582826_n-768x768.jpg 768w, https:\/\/elmetropolitano.com.gt\/es\/wp-content\/uploads\/2025\/07\/523421860_1282606587198755_2100476666028582826_n-1536x1536.jpg 1536w, https:\/\/elmetropolitano.com.gt\/es\/wp-content\/uploads\/2025\/07\/523421860_1282606587198755_2100476666028582826_n.jpg 2048w\" sizes=\"auto, (max-width: 1024px) 100vw, 1024px\" \/><\/figure>\n\n\n\n<figure class=\"wp-block-image size-large\"><img loading=\"lazy\" decoding=\"async\" width=\"940\" height=\"480\" data-id=\"107914\" src=\"https:\/\/elmetropolitano.com.gt\/es\/wp-content\/uploads\/2025\/07\/524045880_1282606413865439_5365392649484640376_n-1.jpg\" alt=\"\" class=\"wp-image-107914\" srcset=\"https:\/\/elmetropolitano.com.gt\/es\/wp-content\/uploads\/2025\/07\/524045880_1282606413865439_5365392649484640376_n-1.jpg 940w, https:\/\/elmetropolitano.com.gt\/es\/wp-content\/uploads\/2025\/07\/524045880_1282606413865439_5365392649484640376_n-1-300x153.jpg 300w, https:\/\/elmetropolitano.com.gt\/es\/wp-content\/uploads\/2025\/07\/524045880_1282606413865439_5365392649484640376_n-1-768x392.jpg 768w\" sizes=\"auto, (max-width: 940px) 100vw, 940px\" \/><\/figure>\n\n\n\n<figure class=\"wp-block-image size-large\"><img loading=\"lazy\" decoding=\"async\" width=\"1009\" height=\"611\" data-id=\"107915\" src=\"https:\/\/elmetropolitano.com.gt\/es\/wp-content\/uploads\/2025\/07\/524363948_1282606497198764_6770773978643433613_n-1.jpg\" alt=\"\" class=\"wp-image-107915\" srcset=\"https:\/\/elmetropolitano.com.gt\/es\/wp-content\/uploads\/2025\/07\/524363948_1282606497198764_6770773978643433613_n-1.jpg 1009w, https:\/\/elmetropolitano.com.gt\/es\/wp-content\/uploads\/2025\/07\/524363948_1282606497198764_6770773978643433613_n-1-300x182.jpg 300w, https:\/\/elmetropolitano.com.gt\/es\/wp-content\/uploads\/2025\/07\/524363948_1282606497198764_6770773978643433613_n-1-768x465.jpg 768w\" sizes=\"auto, (max-width: 1009px) 100vw, 1009px\" \/><\/figure>\n<\/figure>\n","protected":false},"excerpt":{"rendered":"<p>Este viernes se ti\u00f1\u00f3 de sangre en el parque central del municipio de Flores Costa Cuca, Quetzaltenango, luego que tres estudiantes del instituto de Educaci\u00f3n B\u00e1sica por Cooperativa Kjell Eugenio Laugerud Garc\u00eda. fueran brutalmente asesinados mientras se encontraban en las bancas de dicho parque. A pesar de que el lugar se ubica a escasos metros <a class=\"read-more\" href=\"https:\/\/elmetropolitano.com.gt\/es\/sicarios-dan-muerte-a-tres-estudiantes-en-pleno-parque-de-flores-costa-cuca\/\">Leer m\u00e1s<\/a><\/p>\n","protected":false},"author":1,"featured_media":107913,"comment_status":"open","ping_status":"closed","sticky":false,"template":"","format":"standard","meta":{"footnotes":""},"categories":[4],"tags":[13],"class_list":["post-107912","post","type-post","status-publish","format-standard","has-post-thumbnail","hentry","category-departamentales","tag-departamentales"],"_links":{"self":[{"href":"https:\/\/elmetropolitano.com.gt\/es\/wp-json\/wp\/v2\/posts\/107912","targetHints":{"allow":["GET"]}}],"collection":[{"href":"https:\/\/elmetropolitano.com.gt\/es\/wp-json\/wp\/v2\/posts"}],"about":[{"href":"https:\/\/elmetropolitano.com.gt\/es\/wp-json\/wp\/v2\/types\/post"}],"author":[{"embeddable":true,"href":"https:\/\/elmetropolitano.com.gt\/es\/wp-json\/wp\/v2\/users\/1"}],"replies":[{"embeddable":true,"href":"https:\/\/elmetropolitano.com.gt\/es\/wp-json\/wp\/v2\/comments?post=107912"}],"version-history":[{"count":1,"href":"https:\/\/elmetropolitano.com.gt\/es\/wp-json\/wp\/v2\/posts\/107912\/revisions"}],"predecessor-version":[{"id":107917,"href":"https:\/\/elmetropolitano.com.gt\/es\/wp-json\/wp\/v2\/posts\/107912\/revisions\/107917"}],"wp:featuredmedia":[{"embeddable":true,"href":"https:\/\/elmetropolitano.com.gt\/es\/wp-json\/wp\/v2\/media\/107913"}],"wp:attachment":[{"href":"https:\/\/elmetropolitano.com.gt\/es\/wp-json\/wp\/v2\/media?parent=107912"}],"wp:term":[{"taxonomy":"category","embeddable":true,"href":"https:\/\/elmetropolitano.com.gt\/es\/wp-json\/wp\/v2\/categories?post=107912"},{"taxonomy":"post_tag","embeddable":true,"href":"https:\/\/elmetropolitano.com.gt\/es\/wp-json\/wp\/v2\/tags?post=107912"}],"curies":[{"name":"wp","href":"https:\/\/api.w.org\/{rel}","templated":true}]}}