{"id":107945,"date":"2025-07-26T20:18:44","date_gmt":"2025-07-27T02:18:44","guid":{"rendered":"https:\/\/elmetropolitano.com.gt\/es\/?p=107945"},"modified":"2025-07-26T20:18:44","modified_gmt":"2025-07-27T02:18:44","slug":"mas-de-1500-vehiculos-diarios-beneficiados-con-trabajos-en-el-puente-chixoy","status":"publish","type":"post","link":"https:\/\/elmetropolitano.com.gt\/es\/mas-de-1500-vehiculos-diarios-beneficiados-con-trabajos-en-el-puente-chixoy\/","title":{"rendered":"M\u00e1s de 1,500 veh\u00edculos diarios beneficiados con trabajos en el puente Chixoy"},"content":{"rendered":"\n<p><a><\/a>Personal t\u00e9cnico y operativo de la Zona Vial 7 de la Direcci\u00f3n General de Caminos (DGC) llev\u00f3 a cabo trabajos de reparaci\u00f3n de planchas en el puente Chixoy, con el objetivo de reforzar la seguridad vial y mejorar las condiciones de tr\u00e1nsito para los usuarios.<\/p>\n\n\n\n<p>Este puente, ubicado en el kil\u00f3metro 229 de la Ruta Nacional 7W, es una de las principales v\u00edas de conexi\u00f3n entre los municipios de San Crist\u00f3bal Verapaz, en Alta Verapaz, y Chicam\u00e1n, Quich\u00e9.<\/p><div class=\"elmet-contenido\" id=\"elmet-2662405218\"><div class=\"elmet-adlabel\">Anuncios<\/div><div style=\"margin-top: 20px;margin-right: 20px;margin-bottom: 20px;margin-left: 20px;\" id=\"elmet-3084743780\"><a href=\"https:\/\/www.facebook.com\/arrincuanantigua\/\" aria-label=\"cintillo-arrin-cual\"><img loading=\"lazy\" decoding=\"async\" src=\"https:\/\/elmetropolitano.com.gt\/es\/wp-content\/uploads\/2021\/11\/cintillo-arrin-cual-1.jpg\" alt=\"\"  srcset=\"https:\/\/elmetropolitano.com.gt\/es\/wp-content\/uploads\/2021\/11\/cintillo-arrin-cual-1.jpg 750w, https:\/\/elmetropolitano.com.gt\/es\/wp-content\/uploads\/2021\/11\/cintillo-arrin-cual-1-300x36.jpg 300w, https:\/\/elmetropolitano.com.gt\/es\/wp-content\/uploads\/2021\/11\/cintillo-arrin-cual-1-600x72.jpg 600w\" sizes=\"(max-width: 750px) 100vw, 750px\" width=\"750\" height=\"90\"   \/><\/a><\/div><\/div>\n\n\n\n<p>De acuerdo con datos de COVIAL, por esta estructura circulan m\u00e1s de 1,500 veh\u00edculos diariamente, lo que la convierte en un paso fundamental para el comercio, el transporte p\u00fablico y la movilidad comunitaria en el norte del pa\u00eds.<\/p>\n\n\n\n<p>Las reparaciones realizadas forman parte de las acciones contempladas en el Plan Conecta 2025, que prioriza el mantenimiento y mejoramiento de la infraestructura vial nacional, incluyendo carreteras, caminos y puentes.<\/p>\n\n\n\n<p>Con este tipo de intervenciones, el Ministerio de Comunicaciones, Infraestructura y Vivienda (CIV) garantiza una red vial funcional, segura y eficiente, que impulse el desarrollo regional y el bienestar de la poblaci\u00f3n guatemalteca.<\/p>\n\n\n\n<p><a href=\"https:\/\/www.facebook.com\/hashtag\/civ?__eep__=6&amp;__cft__[0]=AZUtpS7J_OeQZWwU31EYOD_OcdABnG9ZYJlMUFX8MtuvE6fH5x_ZBAlh8q63_4kOp-CpeLTKmCT1vllc9Tt0nmjQvnUW845v8sHvUem5WaWodTW-oKh3--CDISwz4D3ey9dk1kU3XhwA9JRe6EoCD3b56RGIrMmyJZIHIOIema2hpWBwQLQdTVU8yuEFXK5PwOg&amp;__tn__=*NK-R\">#CIV<\/a><a href=\"https:\/\/www.facebook.com\/hashtag\/covial?__eep__=6&amp;__cft__[0]=AZUtpS7J_OeQZWwU31EYOD_OcdABnG9ZYJlMUFX8MtuvE6fH5x_ZBAlh8q63_4kOp-CpeLTKmCT1vllc9Tt0nmjQvnUW845v8sHvUem5WaWodTW-oKh3--CDISwz4D3ey9dk1kU3XhwA9JRe6EoCD3b56RGIrMmyJZIHIOIema2hpWBwQLQdTVU8yuEFXK5PwOg&amp;__tn__=*NK-R\">#Covial<\/a><a href=\"https:\/\/www.facebook.com\/hashtag\/metroredes?__eep__=6&amp;__cft__[0]=AZUtpS7J_OeQZWwU31EYOD_OcdABnG9ZYJlMUFX8MtuvE6fH5x_ZBAlh8q63_4kOp-CpeLTKmCT1vllc9Tt0nmjQvnUW845v8sHvUem5WaWodTW-oKh3--CDISwz4D3ey9dk1kU3XhwA9JRe6EoCD3b56RGIrMmyJZIHIOIema2hpWBwQLQdTVU8yuEFXK5PwOg&amp;__tn__=*NK-R\">#metroredes<\/a><\/p>\n\n\n\n<figure class=\"wp-block-gallery has-nested-images columns-default is-cropped wp-block-gallery-1 is-layout-flex wp-block-gallery-is-layout-flex\">\n<figure class=\"wp-block-image size-large\"><img loading=\"lazy\" decoding=\"async\" width=\"768\" height=\"1024\" data-id=\"107948\" src=\"https:\/\/elmetropolitano.com.gt\/es\/wp-content\/uploads\/2025\/07\/514366016_1283303807129033_983038393729541403_n-768x1024.jpg\" alt=\"\" class=\"wp-image-107948\" srcset=\"https:\/\/elmetropolitano.com.gt\/es\/wp-content\/uploads\/2025\/07\/514366016_1283303807129033_983038393729541403_n-768x1024.jpg 768w, https:\/\/elmetropolitano.com.gt\/es\/wp-content\/uploads\/2025\/07\/514366016_1283303807129033_983038393729541403_n-225x300.jpg 225w, https:\/\/elmetropolitano.com.gt\/es\/wp-content\/uploads\/2025\/07\/514366016_1283303807129033_983038393729541403_n.jpg 960w\" sizes=\"auto, (max-width: 768px) 100vw, 768px\" \/><\/figure>\n\n\n\n<figure class=\"wp-block-image size-large\"><img loading=\"lazy\" decoding=\"async\" width=\"768\" height=\"1024\" data-id=\"107947\" src=\"https:\/\/elmetropolitano.com.gt\/es\/wp-content\/uploads\/2025\/07\/519536954_1283303763795704_87933305619435333_n-768x1024.jpg\" alt=\"\" class=\"wp-image-107947\" srcset=\"https:\/\/elmetropolitano.com.gt\/es\/wp-content\/uploads\/2025\/07\/519536954_1283303763795704_87933305619435333_n-768x1024.jpg 768w, https:\/\/elmetropolitano.com.gt\/es\/wp-content\/uploads\/2025\/07\/519536954_1283303763795704_87933305619435333_n-225x300.jpg 225w, https:\/\/elmetropolitano.com.gt\/es\/wp-content\/uploads\/2025\/07\/519536954_1283303763795704_87933305619435333_n.jpg 960w\" sizes=\"auto, (max-width: 768px) 100vw, 768px\" \/><\/figure>\n\n\n\n<figure class=\"wp-block-image size-large\"><img loading=\"lazy\" decoding=\"async\" width=\"768\" height=\"1024\" data-id=\"107950\" src=\"https:\/\/elmetropolitano.com.gt\/es\/wp-content\/uploads\/2025\/07\/522684944_1283303767129037_2080761336865221526_n-1-1-768x1024.jpg\" alt=\"\" class=\"wp-image-107950\" srcset=\"https:\/\/elmetropolitano.com.gt\/es\/wp-content\/uploads\/2025\/07\/522684944_1283303767129037_2080761336865221526_n-1-1-768x1024.jpg 768w, https:\/\/elmetropolitano.com.gt\/es\/wp-content\/uploads\/2025\/07\/522684944_1283303767129037_2080761336865221526_n-1-1-225x300.jpg 225w, https:\/\/elmetropolitano.com.gt\/es\/wp-content\/uploads\/2025\/07\/522684944_1283303767129037_2080761336865221526_n-1-1.jpg 960w\" sizes=\"auto, (max-width: 768px) 100vw, 768px\" \/><\/figure>\n\n\n\n<figure class=\"wp-block-image size-large\"><img loading=\"lazy\" decoding=\"async\" width=\"768\" height=\"1024\" data-id=\"107949\" src=\"https:\/\/elmetropolitano.com.gt\/es\/wp-content\/uploads\/2025\/07\/525064664_1283303793795701_600857340767275622_n-768x1024.jpg\" alt=\"\" class=\"wp-image-107949\" srcset=\"https:\/\/elmetropolitano.com.gt\/es\/wp-content\/uploads\/2025\/07\/525064664_1283303793795701_600857340767275622_n-768x1024.jpg 768w, https:\/\/elmetropolitano.com.gt\/es\/wp-content\/uploads\/2025\/07\/525064664_1283303793795701_600857340767275622_n-225x300.jpg 225w, https:\/\/elmetropolitano.com.gt\/es\/wp-content\/uploads\/2025\/07\/525064664_1283303793795701_600857340767275622_n.jpg 960w\" sizes=\"auto, (max-width: 768px) 100vw, 768px\" \/><\/figure>\n<\/figure>\n","protected":false},"excerpt":{"rendered":"<p>Personal t\u00e9cnico y operativo de la Zona Vial 7 de la Direcci\u00f3n General de Caminos (DGC) llev\u00f3 a cabo trabajos de reparaci\u00f3n de planchas en el puente Chixoy, con el objetivo de reforzar la seguridad vial y mejorar las condiciones de tr\u00e1nsito para los usuarios. Este puente, ubicado en el kil\u00f3metro 229 de la Ruta <a class=\"read-more\" href=\"https:\/\/elmetropolitano.com.gt\/es\/mas-de-1500-vehiculos-diarios-beneficiados-con-trabajos-en-el-puente-chixoy\/\">Leer m\u00e1s<\/a><\/p>\n","protected":false},"author":1,"featured_media":107946,"comment_status":"open","ping_status":"closed","sticky":false,"template":"","format":"standard","meta":{"footnotes":""},"categories":[4],"tags":[13],"class_list":["post-107945","post","type-post","status-publish","format-standard","has-post-thumbnail","hentry","category-departamentales","tag-departamentales"],"_links":{"self":[{"href":"https:\/\/elmetropolitano.com.gt\/es\/wp-json\/wp\/v2\/posts\/107945","targetHints":{"allow":["GET"]}}],"collection":[{"href":"https:\/\/elmetropolitano.com.gt\/es\/wp-json\/wp\/v2\/posts"}],"about":[{"href":"https:\/\/elmetropolitano.com.gt\/es\/wp-json\/wp\/v2\/types\/post"}],"author":[{"embeddable":true,"href":"https:\/\/elmetropolitano.com.gt\/es\/wp-json\/wp\/v2\/users\/1"}],"replies":[{"embeddable":true,"href":"https:\/\/elmetropolitano.com.gt\/es\/wp-json\/wp\/v2\/comments?post=107945"}],"version-history":[{"count":1,"href":"https:\/\/elmetropolitano.com.gt\/es\/wp-json\/wp\/v2\/posts\/107945\/revisions"}],"predecessor-version":[{"id":107951,"href":"https:\/\/elmetropolitano.com.gt\/es\/wp-json\/wp\/v2\/posts\/107945\/revisions\/107951"}],"wp:featuredmedia":[{"embeddable":true,"href":"https:\/\/elmetropolitano.com.gt\/es\/wp-json\/wp\/v2\/media\/107946"}],"wp:attachment":[{"href":"https:\/\/elmetropolitano.com.gt\/es\/wp-json\/wp\/v2\/media?parent=107945"}],"wp:term":[{"taxonomy":"category","embeddable":true,"href":"https:\/\/elmetropolitano.com.gt\/es\/wp-json\/wp\/v2\/categories?post=107945"},{"taxonomy":"post_tag","embeddable":true,"href":"https:\/\/elmetropolitano.com.gt\/es\/wp-json\/wp\/v2\/tags?post=107945"}],"curies":[{"name":"wp","href":"https:\/\/api.w.org\/{rel}","templated":true}]}}