{"id":107982,"date":"2025-07-27T22:13:31","date_gmt":"2025-07-28T04:13:31","guid":{"rendered":"https:\/\/elmetropolitano.com.gt\/es\/?p=107982"},"modified":"2025-07-27T22:13:32","modified_gmt":"2025-07-28T04:13:32","slug":"el-bus-del-deportivo-malacateco-se-accidento","status":"publish","type":"post","link":"https:\/\/elmetropolitano.com.gt\/es\/el-bus-del-deportivo-malacateco-se-accidento\/","title":{"rendered":"El Bus del deportivo Malacateco se accident\u00f3"},"content":{"rendered":"\n<p><a><\/a>El bus que transportaba a los jugadores, cuerpo t\u00e9cnico y dem\u00e1s integrantes del Deportivo Malacateco sufri\u00f3 anoche un accidente de tr\u00e1nsito mientras regresaban hacia el municipio de Malacat\u00e1n, San Marcos desde jutiapa.<\/p>\n\n\n\n<p>De manera preliminar y extraoficial, se informa que tanto el piloto como los ocupantes del veh\u00edculo resultaron con golpes leves. Afortunadamente, no se reportan heridos de gravedad.<\/p><div class=\"elmet-contenido\" id=\"elmet-228460966\"><div class=\"elmet-adlabel\">Anuncios<\/div><div style=\"margin-top: 20px;margin-right: 20px;margin-bottom: 20px;margin-left: 20px;\" id=\"elmet-3538726333\"><a href=\"https:\/\/www.facebook.com\/arrincuanantigua\/\" aria-label=\"cintillo-arrin-cual\"><img loading=\"lazy\" decoding=\"async\" src=\"https:\/\/elmetropolitano.com.gt\/es\/wp-content\/uploads\/2021\/11\/cintillo-arrin-cual-1.jpg\" alt=\"\"  srcset=\"https:\/\/elmetropolitano.com.gt\/es\/wp-content\/uploads\/2021\/11\/cintillo-arrin-cual-1.jpg 750w, https:\/\/elmetropolitano.com.gt\/es\/wp-content\/uploads\/2021\/11\/cintillo-arrin-cual-1-300x36.jpg 300w, https:\/\/elmetropolitano.com.gt\/es\/wp-content\/uploads\/2021\/11\/cintillo-arrin-cual-1-600x72.jpg 600w\" sizes=\"(max-width: 750px) 100vw, 750px\" width=\"750\" height=\"90\"   \/><\/a><\/div><\/div>\n\n\n\n<p>Las autoridades y cuerpos de socorro acudieron al lugar para brindar asistencia y determinar las causas del percance.<\/p>\n\n\n\n<p><a href=\"https:\/\/www.facebook.com\/hashtag\/deportivomalacateco?__eep__=6&amp;__cft__[0]=AZX9mh6cRmW-b66xKiMB2TT1ezdaE4Uc3cFcIMpnFGWht2gYC9d6YbMfC4jie3axXCMta4qAGll8Nkb97n5ulph5-CGlHZSfuTKEmzvZfpfLrXnxI6Fi7k0Pev3apb5rAwyXBTayp3yxZv0hjcUJMMrxfXnwF-vIkB_vM5zsLRXbfZTfuOwz8KGz4oYWsD9V1uk&amp;__tn__=*NK-R\">#DeportivoMalacateco<\/a><a href=\"https:\/\/www.facebook.com\/hashtag\/malacat%C3%A1n?__eep__=6&amp;__cft__[0]=AZX9mh6cRmW-b66xKiMB2TT1ezdaE4Uc3cFcIMpnFGWht2gYC9d6YbMfC4jie3axXCMta4qAGll8Nkb97n5ulph5-CGlHZSfuTKEmzvZfpfLrXnxI6Fi7k0Pev3apb5rAwyXBTayp3yxZv0hjcUJMMrxfXnwF-vIkB_vM5zsLRXbfZTfuOwz8KGz4oYWsD9V1uk&amp;__tn__=*NK-R\">#Malacat\u00e1n<\/a><a href=\"https:\/\/www.facebook.com\/hashtag\/sanmarcos?__eep__=6&amp;__cft__[0]=AZX9mh6cRmW-b66xKiMB2TT1ezdaE4Uc3cFcIMpnFGWht2gYC9d6YbMfC4jie3axXCMta4qAGll8Nkb97n5ulph5-CGlHZSfuTKEmzvZfpfLrXnxI6Fi7k0Pev3apb5rAwyXBTayp3yxZv0hjcUJMMrxfXnwF-vIkB_vM5zsLRXbfZTfuOwz8KGz4oYWsD9V1uk&amp;__tn__=*NK-R\">#SanMarcos<\/a><a href=\"https:\/\/www.facebook.com\/hashtag\/futbol?__eep__=6&amp;__cft__[0]=AZX9mh6cRmW-b66xKiMB2TT1ezdaE4Uc3cFcIMpnFGWht2gYC9d6YbMfC4jie3axXCMta4qAGll8Nkb97n5ulph5-CGlHZSfuTKEmzvZfpfLrXnxI6Fi7k0Pev3apb5rAwyXBTayp3yxZv0hjcUJMMrxfXnwF-vIkB_vM5zsLRXbfZTfuOwz8KGz4oYWsD9V1uk&amp;__tn__=*NK-R\">#futbol<\/a><\/p>\n\n\n\n<figure class=\"wp-block-gallery has-nested-images columns-default is-cropped wp-block-gallery-1 is-layout-flex wp-block-gallery-is-layout-flex\">\n<figure class=\"wp-block-image size-large\"><img loading=\"lazy\" decoding=\"async\" width=\"768\" height=\"1024\" data-id=\"107984\" src=\"https:\/\/elmetropolitano.com.gt\/es\/wp-content\/uploads\/2025\/07\/518117558_1283799673746113_1047793979664405826_n-1-768x1024.jpg\" alt=\"\" class=\"wp-image-107984\" srcset=\"https:\/\/elmetropolitano.com.gt\/es\/wp-content\/uploads\/2025\/07\/518117558_1283799673746113_1047793979664405826_n-1-768x1024.jpg 768w, https:\/\/elmetropolitano.com.gt\/es\/wp-content\/uploads\/2025\/07\/518117558_1283799673746113_1047793979664405826_n-1-225x300.jpg 225w, https:\/\/elmetropolitano.com.gt\/es\/wp-content\/uploads\/2025\/07\/518117558_1283799673746113_1047793979664405826_n-1.jpg 810w\" sizes=\"auto, (max-width: 768px) 100vw, 768px\" \/><\/figure>\n\n\n\n<figure class=\"wp-block-image size-large\"><img loading=\"lazy\" decoding=\"async\" width=\"461\" height=\"1024\" data-id=\"107985\" src=\"https:\/\/elmetropolitano.com.gt\/es\/wp-content\/uploads\/2025\/07\/524232403_1283798520412895_8171415125721407814_n-461x1024.jpg\" alt=\"\" class=\"wp-image-107985\" srcset=\"https:\/\/elmetropolitano.com.gt\/es\/wp-content\/uploads\/2025\/07\/524232403_1283798520412895_8171415125721407814_n-461x1024.jpg 461w, https:\/\/elmetropolitano.com.gt\/es\/wp-content\/uploads\/2025\/07\/524232403_1283798520412895_8171415125721407814_n-135x300.jpg 135w, https:\/\/elmetropolitano.com.gt\/es\/wp-content\/uploads\/2025\/07\/524232403_1283798520412895_8171415125721407814_n.jpg 640w\" sizes=\"auto, (max-width: 461px) 100vw, 461px\" \/><\/figure>\n\n\n\n<figure class=\"wp-block-image size-large\"><img loading=\"lazy\" decoding=\"async\" width=\"768\" height=\"1024\" data-id=\"107986\" src=\"https:\/\/elmetropolitano.com.gt\/es\/wp-content\/uploads\/2025\/07\/524990691_1283799670412780_7269302950610564168_n-768x1024.jpg\" alt=\"\" class=\"wp-image-107986\" srcset=\"https:\/\/elmetropolitano.com.gt\/es\/wp-content\/uploads\/2025\/07\/524990691_1283799670412780_7269302950610564168_n-768x1024.jpg 768w, https:\/\/elmetropolitano.com.gt\/es\/wp-content\/uploads\/2025\/07\/524990691_1283799670412780_7269302950610564168_n-225x300.jpg 225w, https:\/\/elmetropolitano.com.gt\/es\/wp-content\/uploads\/2025\/07\/524990691_1283799670412780_7269302950610564168_n.jpg 810w\" sizes=\"auto, (max-width: 768px) 100vw, 768px\" \/><\/figure>\n<\/figure>\n","protected":false},"excerpt":{"rendered":"<p>El bus que transportaba a los jugadores, cuerpo t\u00e9cnico y dem\u00e1s integrantes del Deportivo Malacateco sufri\u00f3 anoche un accidente de tr\u00e1nsito mientras regresaban hacia el municipio de Malacat\u00e1n, San Marcos desde jutiapa. De manera preliminar y extraoficial, se informa que tanto el piloto como los ocupantes del veh\u00edculo resultaron con golpes leves. Afortunadamente, no se <a class=\"read-more\" href=\"https:\/\/elmetropolitano.com.gt\/es\/el-bus-del-deportivo-malacateco-se-accidento\/\">Leer m\u00e1s<\/a><\/p>\n","protected":false},"author":1,"featured_media":107983,"comment_status":"open","ping_status":"closed","sticky":false,"template":"","format":"standard","meta":{"footnotes":""},"categories":[4],"tags":[13],"class_list":["post-107982","post","type-post","status-publish","format-standard","has-post-thumbnail","hentry","category-departamentales","tag-departamentales"],"_links":{"self":[{"href":"https:\/\/elmetropolitano.com.gt\/es\/wp-json\/wp\/v2\/posts\/107982","targetHints":{"allow":["GET"]}}],"collection":[{"href":"https:\/\/elmetropolitano.com.gt\/es\/wp-json\/wp\/v2\/posts"}],"about":[{"href":"https:\/\/elmetropolitano.com.gt\/es\/wp-json\/wp\/v2\/types\/post"}],"author":[{"embeddable":true,"href":"https:\/\/elmetropolitano.com.gt\/es\/wp-json\/wp\/v2\/users\/1"}],"replies":[{"embeddable":true,"href":"https:\/\/elmetropolitano.com.gt\/es\/wp-json\/wp\/v2\/comments?post=107982"}],"version-history":[{"count":1,"href":"https:\/\/elmetropolitano.com.gt\/es\/wp-json\/wp\/v2\/posts\/107982\/revisions"}],"predecessor-version":[{"id":107987,"href":"https:\/\/elmetropolitano.com.gt\/es\/wp-json\/wp\/v2\/posts\/107982\/revisions\/107987"}],"wp:featuredmedia":[{"embeddable":true,"href":"https:\/\/elmetropolitano.com.gt\/es\/wp-json\/wp\/v2\/media\/107983"}],"wp:attachment":[{"href":"https:\/\/elmetropolitano.com.gt\/es\/wp-json\/wp\/v2\/media?parent=107982"}],"wp:term":[{"taxonomy":"category","embeddable":true,"href":"https:\/\/elmetropolitano.com.gt\/es\/wp-json\/wp\/v2\/categories?post=107982"},{"taxonomy":"post_tag","embeddable":true,"href":"https:\/\/elmetropolitano.com.gt\/es\/wp-json\/wp\/v2\/tags?post=107982"}],"curies":[{"name":"wp","href":"https:\/\/api.w.org\/{rel}","templated":true}]}}