{"id":108015,"date":"2025-07-27T22:22:45","date_gmt":"2025-07-28T04:22:45","guid":{"rendered":"https:\/\/elmetropolitano.com.gt\/es\/?p=108015"},"modified":"2025-07-27T22:22:45","modified_gmt":"2025-07-28T04:22:45","slug":"juventud-al-volante-del-cambio-provial-impulsa-la-formacion-de-lideres-civicos-en-seguridad-vial","status":"publish","type":"post","link":"https:\/\/elmetropolitano.com.gt\/es\/juventud-al-volante-del-cambio-provial-impulsa-la-formacion-de-lideres-civicos-en-seguridad-vial\/","title":{"rendered":"Juventud al volante del cambio! PROVIAL impulsa la formaci\u00f3n de l\u00edderes c\u00edvicos en seguridad vial"},"content":{"rendered":"\n<p><a><\/a>Con el firme prop\u00f3sito de sembrar conciencia y cosechar responsabilidad ciudadana, PROVIAL particip\u00f3 activamente en la tercera sesi\u00f3n ordinaria de la Junta Directiva Nacional de Servicio C\u00edvico, que se desarroll\u00f3 este jueves en el Sal\u00f3n Mayor del Ministerio de Gobernaci\u00f3n. El evento reuni\u00f3 a autoridades comprometidas con el fortalecimiento del servicio c\u00edvico como una herramienta de transformaci\u00f3n social, enfocada esta vez en la promoci\u00f3n de la seguridad vial.<\/p>\n\n\n\n<p>La jornada cont\u00f3 con la destacada participaci\u00f3n del Viceministro de Transporte del Ministerio de Comunicaciones, Infraestructura y Vivienda -CIV-, Fernando Suriano, el Director de PROVIAL, Brigadier General Wilner Gald\u00e1mez, y representantes de diversas instituciones que conforman esta Junta Directiva Nacional. La presencia interinstitucional reafirma el compromiso conjunto por construir una cultura de respeto y prevenci\u00f3n en las carreteras del pa\u00eds.<\/p><div class=\"elmet-contenido\" id=\"elmet-3201901965\"><div class=\"elmet-adlabel\">Anuncios<\/div><div style=\"margin-top: 20px;margin-right: 20px;margin-bottom: 20px;margin-left: 20px;\" id=\"elmet-2234273091\"><a href=\"https:\/\/www.facebook.com\/arrincuanantigua\/\" aria-label=\"cintillo-arrin-cual\"><img loading=\"lazy\" decoding=\"async\" src=\"https:\/\/elmetropolitano.com.gt\/es\/wp-content\/uploads\/2021\/11\/cintillo-arrin-cual-1.jpg\" alt=\"\"  srcset=\"https:\/\/elmetropolitano.com.gt\/es\/wp-content\/uploads\/2021\/11\/cintillo-arrin-cual-1.jpg 750w, https:\/\/elmetropolitano.com.gt\/es\/wp-content\/uploads\/2021\/11\/cintillo-arrin-cual-1-300x36.jpg 300w, https:\/\/elmetropolitano.com.gt\/es\/wp-content\/uploads\/2021\/11\/cintillo-arrin-cual-1-600x72.jpg 600w\" sizes=\"(max-width: 750px) 100vw, 750px\" width=\"750\" height=\"90\"   \/><\/a><\/div><\/div>\n\n\n\n<p>Durante la sesi\u00f3n se socializaron avances institucionales, acciones ya ejecutadas y una hoja de ruta clara para los meses venideros. Se abordaron temas estrat\u00e9gicos como el fortalecimiento del seguimiento en los 22 departamentos del pa\u00eds, a trav\u00e9s de juntas locales, capacitaciones presenciales, mesas t\u00e9cnicas y espacios de an\u00e1lisis interinstitucional.<\/p>\n\n\n\n<p>Uno de los proyectos m\u00e1s destacados es el de \u201cServidores C\u00edvicos por la Seguridad Vial 2025 \u2013 Segunda Fase\u201d, implementado en el municipio de Sanarate, El Progreso, donde j\u00f3venes guatemaltecos reciben formaci\u00f3n especializada en legislaci\u00f3n y reglamento de tr\u00e1nsito, interpretaci\u00f3n de se\u00f1ales viales, protocolos de actuaci\u00f3n ante hechos de tr\u00e1nsito y, sobre todo, en valores esenciales como la empat\u00eda, el respeto y la responsabilidad en la v\u00eda p\u00fablica.<\/p>\n\n\n\n<p>Este programa no solo prepara t\u00e9cnicamente a los participantes, sino que tambi\u00e9n los convierte en agentes multiplicadores de buenas pr\u00e1cticas en sus comunidades. Se fomenta en ellos una vocaci\u00f3n de servicio y liderazgo, impulsando su participaci\u00f3n activa en la construcci\u00f3n de un entorno vial m\u00e1s seguro y ordenado para todos.<\/p>\n\n\n\n<p>Desde PROVIAL, reafirmamos nuestra misi\u00f3n de educar, acompa\u00f1ar y empoderar a la juventud guatemalteca que desea aportar al pa\u00eds con acciones concretas y solidarias. Creemos firmemente que una ciudadan\u00eda informada es clave para prevenir incidentes viales y salvar vidas.<\/p>\n\n\n\n<p>Porque cuando los j\u00f3venes toman la v\u00eda del civismo, el pa\u00eds avanza con mayor seguridad.<\/p>\n\n\n\n<p><a href=\"https:\/\/www.facebook.com\/hashtag\/provial?__eep__=6&amp;__cft__[0]=AZWPFWT7WojWr_fOPIwIL4p1O3tyNcKV44Qu-5CMFSBL0ye8V2B9dQfoVLPKPzAuysGpWKFEOICW0aKF5tkTzPmtevBEMYS45tEvJmkFhFN1038f8R8W6rA4r0t1o6TP9ynD4WS7r7GUbEn8IP3VeaOKEt7tQmD3G5ZDwKq79pHS5bymURMBmrsweveOh-5xVfE&amp;__tn__=*NK-R\">#ProVial<\/a><a href=\"https:\/\/www.facebook.com\/hashtag\/metroredes?__eep__=6&amp;__cft__[0]=AZWPFWT7WojWr_fOPIwIL4p1O3tyNcKV44Qu-5CMFSBL0ye8V2B9dQfoVLPKPzAuysGpWKFEOICW0aKF5tkTzPmtevBEMYS45tEvJmkFhFN1038f8R8W6rA4r0t1o6TP9ynD4WS7r7GUbEn8IP3VeaOKEt7tQmD3G5ZDwKq79pHS5bymURMBmrsweveOh-5xVfE&amp;__tn__=*NK-R\">#metroredes<\/a><\/p>\n\n\n\n<figure class=\"wp-block-gallery has-nested-images columns-default is-cropped wp-block-gallery-1 is-layout-flex wp-block-gallery-is-layout-flex\">\n<figure class=\"wp-block-image size-large\"><img loading=\"lazy\" decoding=\"async\" width=\"1024\" height=\"608\" data-id=\"108018\" src=\"https:\/\/elmetropolitano.com.gt\/es\/wp-content\/uploads\/2025\/07\/514253354_1284103653715715_7465557958312949334_n-1-1024x608.jpg\" alt=\"\" class=\"wp-image-108018\" srcset=\"https:\/\/elmetropolitano.com.gt\/es\/wp-content\/uploads\/2025\/07\/514253354_1284103653715715_7465557958312949334_n-1-1024x608.jpg 1024w, https:\/\/elmetropolitano.com.gt\/es\/wp-content\/uploads\/2025\/07\/514253354_1284103653715715_7465557958312949334_n-1-300x178.jpg 300w, https:\/\/elmetropolitano.com.gt\/es\/wp-content\/uploads\/2025\/07\/514253354_1284103653715715_7465557958312949334_n-1-768x456.jpg 768w, https:\/\/elmetropolitano.com.gt\/es\/wp-content\/uploads\/2025\/07\/514253354_1284103653715715_7465557958312949334_n-1.jpg 1500w\" sizes=\"auto, (max-width: 1024px) 100vw, 1024px\" \/><\/figure>\n\n\n\n<figure class=\"wp-block-image size-large\"><img loading=\"lazy\" decoding=\"async\" width=\"837\" height=\"1024\" data-id=\"108019\" src=\"https:\/\/elmetropolitano.com.gt\/es\/wp-content\/uploads\/2025\/07\/524812028_1284103693715711_2313697563354450259_n-837x1024.jpg\" alt=\"\" class=\"wp-image-108019\" srcset=\"https:\/\/elmetropolitano.com.gt\/es\/wp-content\/uploads\/2025\/07\/524812028_1284103693715711_2313697563354450259_n-837x1024.jpg 837w, https:\/\/elmetropolitano.com.gt\/es\/wp-content\/uploads\/2025\/07\/524812028_1284103693715711_2313697563354450259_n-245x300.jpg 245w, https:\/\/elmetropolitano.com.gt\/es\/wp-content\/uploads\/2025\/07\/524812028_1284103693715711_2313697563354450259_n-768x939.jpg 768w, https:\/\/elmetropolitano.com.gt\/es\/wp-content\/uploads\/2025\/07\/524812028_1284103693715711_2313697563354450259_n-1256x1536.jpg 1256w, https:\/\/elmetropolitano.com.gt\/es\/wp-content\/uploads\/2025\/07\/524812028_1284103693715711_2313697563354450259_n.jpg 1308w\" sizes=\"auto, (max-width: 837px) 100vw, 837px\" \/><\/figure>\n\n\n\n<figure class=\"wp-block-image size-large\"><img loading=\"lazy\" decoding=\"async\" width=\"1024\" height=\"664\" data-id=\"108020\" src=\"https:\/\/elmetropolitano.com.gt\/es\/wp-content\/uploads\/2025\/07\/524932044_1284103687049045_550061390206320268_n-1024x664.jpg\" alt=\"\" class=\"wp-image-108020\" srcset=\"https:\/\/elmetropolitano.com.gt\/es\/wp-content\/uploads\/2025\/07\/524932044_1284103687049045_550061390206320268_n-1024x664.jpg 1024w, https:\/\/elmetropolitano.com.gt\/es\/wp-content\/uploads\/2025\/07\/524932044_1284103687049045_550061390206320268_n-300x195.jpg 300w, https:\/\/elmetropolitano.com.gt\/es\/wp-content\/uploads\/2025\/07\/524932044_1284103687049045_550061390206320268_n-768x498.jpg 768w, https:\/\/elmetropolitano.com.gt\/es\/wp-content\/uploads\/2025\/07\/524932044_1284103687049045_550061390206320268_n.jpg 1500w\" sizes=\"auto, (max-width: 1024px) 100vw, 1024px\" \/><\/figure>\n\n\n\n<figure class=\"wp-block-image size-large\"><img loading=\"lazy\" decoding=\"async\" width=\"1024\" height=\"689\" data-id=\"108017\" src=\"https:\/\/elmetropolitano.com.gt\/es\/wp-content\/uploads\/2025\/07\/524990085_1284103650382382_9118131316466763848_n-1024x689.jpg\" alt=\"\" class=\"wp-image-108017\" srcset=\"https:\/\/elmetropolitano.com.gt\/es\/wp-content\/uploads\/2025\/07\/524990085_1284103650382382_9118131316466763848_n-1024x689.jpg 1024w, https:\/\/elmetropolitano.com.gt\/es\/wp-content\/uploads\/2025\/07\/524990085_1284103650382382_9118131316466763848_n-300x202.jpg 300w, https:\/\/elmetropolitano.com.gt\/es\/wp-content\/uploads\/2025\/07\/524990085_1284103650382382_9118131316466763848_n-768x517.jpg 768w, https:\/\/elmetropolitano.com.gt\/es\/wp-content\/uploads\/2025\/07\/524990085_1284103650382382_9118131316466763848_n.jpg 1500w\" sizes=\"auto, (max-width: 1024px) 100vw, 1024px\" \/><\/figure>\n<\/figure>\n","protected":false},"excerpt":{"rendered":"<p>Con el firme prop\u00f3sito de sembrar conciencia y cosechar responsabilidad ciudadana, PROVIAL particip\u00f3 activamente en la tercera sesi\u00f3n ordinaria de la Junta Directiva Nacional de Servicio C\u00edvico, que se desarroll\u00f3 este jueves en el Sal\u00f3n Mayor del Ministerio de Gobernaci\u00f3n. El evento reuni\u00f3 a autoridades comprometidas con el fortalecimiento del servicio c\u00edvico como una herramienta <a class=\"read-more\" href=\"https:\/\/elmetropolitano.com.gt\/es\/juventud-al-volante-del-cambio-provial-impulsa-la-formacion-de-lideres-civicos-en-seguridad-vial\/\">Leer m\u00e1s<\/a><\/p>\n","protected":false},"author":1,"featured_media":108016,"comment_status":"open","ping_status":"closed","sticky":false,"template":"","format":"standard","meta":{"footnotes":""},"categories":[2],"tags":[12],"class_list":["post-108015","post","type-post","status-publish","format-standard","has-post-thumbnail","hentry","category-nacionales","tag-nacionales"],"_links":{"self":[{"href":"https:\/\/elmetropolitano.com.gt\/es\/wp-json\/wp\/v2\/posts\/108015","targetHints":{"allow":["GET"]}}],"collection":[{"href":"https:\/\/elmetropolitano.com.gt\/es\/wp-json\/wp\/v2\/posts"}],"about":[{"href":"https:\/\/elmetropolitano.com.gt\/es\/wp-json\/wp\/v2\/types\/post"}],"author":[{"embeddable":true,"href":"https:\/\/elmetropolitano.com.gt\/es\/wp-json\/wp\/v2\/users\/1"}],"replies":[{"embeddable":true,"href":"https:\/\/elmetropolitano.com.gt\/es\/wp-json\/wp\/v2\/comments?post=108015"}],"version-history":[{"count":1,"href":"https:\/\/elmetropolitano.com.gt\/es\/wp-json\/wp\/v2\/posts\/108015\/revisions"}],"predecessor-version":[{"id":108021,"href":"https:\/\/elmetropolitano.com.gt\/es\/wp-json\/wp\/v2\/posts\/108015\/revisions\/108021"}],"wp:featuredmedia":[{"embeddable":true,"href":"https:\/\/elmetropolitano.com.gt\/es\/wp-json\/wp\/v2\/media\/108016"}],"wp:attachment":[{"href":"https:\/\/elmetropolitano.com.gt\/es\/wp-json\/wp\/v2\/media?parent=108015"}],"wp:term":[{"taxonomy":"category","embeddable":true,"href":"https:\/\/elmetropolitano.com.gt\/es\/wp-json\/wp\/v2\/categories?post=108015"},{"taxonomy":"post_tag","embeddable":true,"href":"https:\/\/elmetropolitano.com.gt\/es\/wp-json\/wp\/v2\/tags?post=108015"}],"curies":[{"name":"wp","href":"https:\/\/api.w.org\/{rel}","templated":true}]}}