{"id":108040,"date":"2025-07-27T22:28:33","date_gmt":"2025-07-28T04:28:33","guid":{"rendered":"https:\/\/elmetropolitano.com.gt\/es\/?p=108040"},"modified":"2025-07-27T22:28:34","modified_gmt":"2025-07-28T04:28:34","slug":"un-paso-mas-hacia-la-modernizacion-ministro-visita-a-las-nuevas-instalaciones-de-la-direccion-general-de-transporte-dgt","status":"publish","type":"post","link":"https:\/\/elmetropolitano.com.gt\/es\/un-paso-mas-hacia-la-modernizacion-ministro-visita-a-las-nuevas-instalaciones-de-la-direccion-general-de-transporte-dgt\/","title":{"rendered":"Un paso m\u00e1s hacia la modernizaci\u00f3n: Ministro visita a las nuevas instalaciones de la Direcci\u00f3n General de Transporte DGT"},"content":{"rendered":"\n<p><a><\/a>El futuro del transporte en Guatemala comienza a tomar forma en las nuevas instalaciones de la Direcci\u00f3n General de Transportes (DGT), un espacio dise\u00f1ado para optimizar la gesti\u00f3n, la movilidad y la seguridad vial en el pa\u00eds. En una jornada que marc\u00f3 el inicio de una nueva era para la DGT, el Ministro de Comunicaciones, Infraestructura y Vivienda, Miguel Angel D\u00edaz, junto al Viceministro de Transportes, Fernando Suriano, recorrieron las instalaciones para constatar los avances en el proceso de modernizaci\u00f3n institucional.<\/p>\n\n\n\n<p>Durante su visita, los funcionarios destacaron los progresos alcanzados en la infraestructura, que incorpora nuevas tecnolog\u00edas para mejorar la eficiencia en la gesti\u00f3n del transporte.<\/p><div class=\"elmet-contenido\" id=\"elmet-3574573227\"><div class=\"elmet-adlabel\">Anuncios<\/div><div style=\"margin-top: 20px;margin-right: 20px;margin-bottom: 20px;margin-left: 20px;\" id=\"elmet-3532883543\"><a href=\"https:\/\/www.facebook.com\/arrincuanantigua\/\" aria-label=\"cintillo-arrin-cual\"><img loading=\"lazy\" decoding=\"async\" src=\"https:\/\/elmetropolitano.com.gt\/es\/wp-content\/uploads\/2021\/11\/cintillo-arrin-cual-1.jpg\" alt=\"\"  srcset=\"https:\/\/elmetropolitano.com.gt\/es\/wp-content\/uploads\/2021\/11\/cintillo-arrin-cual-1.jpg 750w, https:\/\/elmetropolitano.com.gt\/es\/wp-content\/uploads\/2021\/11\/cintillo-arrin-cual-1-300x36.jpg 300w, https:\/\/elmetropolitano.com.gt\/es\/wp-content\/uploads\/2021\/11\/cintillo-arrin-cual-1-600x72.jpg 600w\" sizes=\"(max-width: 750px) 100vw, 750px\" width=\"750\" height=\"90\"   \/><\/a><\/div><\/div>\n\n\n\n<p>\u201cEstas instalaciones representan un paso fundamental en nuestra misi\u00f3n de mejorar la seguridad vial y la movilidad en el pa\u00eds\u00bb, coment\u00f3 el ministro D\u00edaz, subrayando la relevancia de contar con un entorno moderno y funcional que apoye la labor de la DGT.<\/p>\n\n\n\n<p>Por su parte, el Viceministro Suriano resalt\u00f3 la importancia de seguir avanzando en la implementaci\u00f3n de sistemas y procesos m\u00e1s eficientes. \u00abNuestro objetivo es garantizar que los guatemaltecos reciban un servicio de transporte m\u00e1s \u00e1gil, seguro y efectivo. Este es solo el comienzo de un proceso que continuar\u00e1 impulsando el desarrollo de la infraestructura vial\u00bb, afirm\u00f3 Suriano.<\/p>\n\n\n\n<p>La visita tambi\u00e9n permiti\u00f3 identificar \u00e1reas de mejora y reafirmar el compromiso de la DGT con la excelencia en la gesti\u00f3n del transporte. Este avance se alinea con los objetivos del Plan Conecta del Ministerio de Comunicaciones, que busca fortalecer la infraestructura y los servicios p\u00fablicos para garantizar un desarrollo integral y sostenible en todo el pa\u00eds.<\/p>\n\n\n\n<p>Con cada paso hacia la modernizaci\u00f3n, Guatemala se acerca m\u00e1s a un futuro donde la eficiencia, la seguridad y la movilidad sean una realidad para todos.<\/p>\n\n\n\n<p><a href=\"https:\/\/www.facebook.com\/hashtag\/metroredes?__eep__=6&amp;__cft__[0]=AZU-pw1PsaopwMoUfhMa23aluwm9yO5ZPSB5lgySPjuAO4cMRtXqxMbzEsh8eB_3xCC8vrscbU7ExhHAMuU5uFCJK-ZQrTUSd804dvm5s5b8DQefB8kDAY_PdTdgQUhTTkO_nwKDd4PpAk1DfExkz4IAOShFZCf6Q6G6GvUcpo78N7LOOJxNXbLzQ09h16i7vRc&amp;__tn__=*NK-R\">#Metroredes<\/a><a href=\"https:\/\/www.facebook.com\/hashtag\/dgt?__eep__=6&amp;__cft__[0]=AZU-pw1PsaopwMoUfhMa23aluwm9yO5ZPSB5lgySPjuAO4cMRtXqxMbzEsh8eB_3xCC8vrscbU7ExhHAMuU5uFCJK-ZQrTUSd804dvm5s5b8DQefB8kDAY_PdTdgQUhTTkO_nwKDd4PpAk1DfExkz4IAOShFZCf6Q6G6GvUcpo78N7LOOJxNXbLzQ09h16i7vRc&amp;__tn__=*NK-R\">#DGT<\/a><a href=\"https:\/\/www.facebook.com\/hashtag\/planconecta?__eep__=6&amp;__cft__[0]=AZU-pw1PsaopwMoUfhMa23aluwm9yO5ZPSB5lgySPjuAO4cMRtXqxMbzEsh8eB_3xCC8vrscbU7ExhHAMuU5uFCJK-ZQrTUSd804dvm5s5b8DQefB8kDAY_PdTdgQUhTTkO_nwKDd4PpAk1DfExkz4IAOShFZCf6Q6G6GvUcpo78N7LOOJxNXbLzQ09h16i7vRc&amp;__tn__=*NK-R\">#PlanConecta<\/a><a href=\"https:\/\/www.facebook.com\/hashtag\/civ?__eep__=6&amp;__cft__[0]=AZU-pw1PsaopwMoUfhMa23aluwm9yO5ZPSB5lgySPjuAO4cMRtXqxMbzEsh8eB_3xCC8vrscbU7ExhHAMuU5uFCJK-ZQrTUSd804dvm5s5b8DQefB8kDAY_PdTdgQUhTTkO_nwKDd4PpAk1DfExkz4IAOShFZCf6Q6G6GvUcpo78N7LOOJxNXbLzQ09h16i7vRc&amp;__tn__=*NK-R\">#CIV<\/a><\/p>\n\n\n\n<figure class=\"wp-block-gallery has-nested-images columns-default is-cropped wp-block-gallery-1 is-layout-flex wp-block-gallery-is-layout-flex\">\n<figure class=\"wp-block-image size-large\"><img loading=\"lazy\" decoding=\"async\" width=\"1024\" height=\"683\" data-id=\"108045\" src=\"https:\/\/elmetropolitano.com.gt\/es\/wp-content\/uploads\/2025\/07\/514414633_1284237810368966_4569532423100282306_n-1-1024x683.jpg\" alt=\"\" class=\"wp-image-108045\" srcset=\"https:\/\/elmetropolitano.com.gt\/es\/wp-content\/uploads\/2025\/07\/514414633_1284237810368966_4569532423100282306_n-1-1024x683.jpg 1024w, https:\/\/elmetropolitano.com.gt\/es\/wp-content\/uploads\/2025\/07\/514414633_1284237810368966_4569532423100282306_n-1-300x200.jpg 300w, https:\/\/elmetropolitano.com.gt\/es\/wp-content\/uploads\/2025\/07\/514414633_1284237810368966_4569532423100282306_n-1-768x512.jpg 768w, https:\/\/elmetropolitano.com.gt\/es\/wp-content\/uploads\/2025\/07\/514414633_1284237810368966_4569532423100282306_n-1-1536x1024.jpg 1536w, https:\/\/elmetropolitano.com.gt\/es\/wp-content\/uploads\/2025\/07\/514414633_1284237810368966_4569532423100282306_n-1.jpg 1600w\" sizes=\"auto, (max-width: 1024px) 100vw, 1024px\" \/><\/figure>\n\n\n\n<figure class=\"wp-block-image size-large\"><img loading=\"lazy\" decoding=\"async\" width=\"1024\" height=\"683\" data-id=\"108044\" src=\"https:\/\/elmetropolitano.com.gt\/es\/wp-content\/uploads\/2025\/07\/515068663_1284237823702298_710777055072630155_n-1024x683.jpg\" alt=\"\" class=\"wp-image-108044\" srcset=\"https:\/\/elmetropolitano.com.gt\/es\/wp-content\/uploads\/2025\/07\/515068663_1284237823702298_710777055072630155_n-1024x683.jpg 1024w, https:\/\/elmetropolitano.com.gt\/es\/wp-content\/uploads\/2025\/07\/515068663_1284237823702298_710777055072630155_n-300x200.jpg 300w, https:\/\/elmetropolitano.com.gt\/es\/wp-content\/uploads\/2025\/07\/515068663_1284237823702298_710777055072630155_n-768x512.jpg 768w, https:\/\/elmetropolitano.com.gt\/es\/wp-content\/uploads\/2025\/07\/515068663_1284237823702298_710777055072630155_n-1536x1024.jpg 1536w, https:\/\/elmetropolitano.com.gt\/es\/wp-content\/uploads\/2025\/07\/515068663_1284237823702298_710777055072630155_n.jpg 1600w\" sizes=\"auto, (max-width: 1024px) 100vw, 1024px\" \/><\/figure>\n\n\n\n<figure class=\"wp-block-image size-large\"><img loading=\"lazy\" decoding=\"async\" width=\"1024\" height=\"683\" data-id=\"108043\" src=\"https:\/\/elmetropolitano.com.gt\/es\/wp-content\/uploads\/2025\/07\/524870723_1284237830368964_1257182751122841131_n-1024x683.jpg\" alt=\"\" class=\"wp-image-108043\" srcset=\"https:\/\/elmetropolitano.com.gt\/es\/wp-content\/uploads\/2025\/07\/524870723_1284237830368964_1257182751122841131_n-1024x683.jpg 1024w, https:\/\/elmetropolitano.com.gt\/es\/wp-content\/uploads\/2025\/07\/524870723_1284237830368964_1257182751122841131_n-300x200.jpg 300w, https:\/\/elmetropolitano.com.gt\/es\/wp-content\/uploads\/2025\/07\/524870723_1284237830368964_1257182751122841131_n-768x512.jpg 768w, https:\/\/elmetropolitano.com.gt\/es\/wp-content\/uploads\/2025\/07\/524870723_1284237830368964_1257182751122841131_n-1536x1024.jpg 1536w, https:\/\/elmetropolitano.com.gt\/es\/wp-content\/uploads\/2025\/07\/524870723_1284237830368964_1257182751122841131_n.jpg 1600w\" sizes=\"auto, (max-width: 1024px) 100vw, 1024px\" \/><\/figure>\n\n\n\n<figure class=\"wp-block-image size-large\"><img loading=\"lazy\" decoding=\"async\" width=\"1024\" height=\"683\" data-id=\"108042\" src=\"https:\/\/elmetropolitano.com.gt\/es\/wp-content\/uploads\/2025\/07\/524919087_1284237807035633_29858648530496037_n-1024x683.jpg\" alt=\"\" class=\"wp-image-108042\" srcset=\"https:\/\/elmetropolitano.com.gt\/es\/wp-content\/uploads\/2025\/07\/524919087_1284237807035633_29858648530496037_n-1024x683.jpg 1024w, https:\/\/elmetropolitano.com.gt\/es\/wp-content\/uploads\/2025\/07\/524919087_1284237807035633_29858648530496037_n-300x200.jpg 300w, https:\/\/elmetropolitano.com.gt\/es\/wp-content\/uploads\/2025\/07\/524919087_1284237807035633_29858648530496037_n-768x512.jpg 768w, https:\/\/elmetropolitano.com.gt\/es\/wp-content\/uploads\/2025\/07\/524919087_1284237807035633_29858648530496037_n.jpg 1500w\" sizes=\"auto, (max-width: 1024px) 100vw, 1024px\" \/><\/figure>\n<\/figure>\n","protected":false},"excerpt":{"rendered":"<p>El futuro del transporte en Guatemala comienza a tomar forma en las nuevas instalaciones de la Direcci\u00f3n General de Transportes (DGT), un espacio dise\u00f1ado para optimizar la gesti\u00f3n, la movilidad y la seguridad vial en el pa\u00eds. En una jornada que marc\u00f3 el inicio de una nueva era para la DGT, el Ministro de Comunicaciones, <a class=\"read-more\" href=\"https:\/\/elmetropolitano.com.gt\/es\/un-paso-mas-hacia-la-modernizacion-ministro-visita-a-las-nuevas-instalaciones-de-la-direccion-general-de-transporte-dgt\/\">Leer m\u00e1s<\/a><\/p>\n","protected":false},"author":1,"featured_media":108041,"comment_status":"open","ping_status":"closed","sticky":false,"template":"","format":"standard","meta":{"footnotes":""},"categories":[2],"tags":[12],"class_list":["post-108040","post","type-post","status-publish","format-standard","has-post-thumbnail","hentry","category-nacionales","tag-nacionales"],"_links":{"self":[{"href":"https:\/\/elmetropolitano.com.gt\/es\/wp-json\/wp\/v2\/posts\/108040","targetHints":{"allow":["GET"]}}],"collection":[{"href":"https:\/\/elmetropolitano.com.gt\/es\/wp-json\/wp\/v2\/posts"}],"about":[{"href":"https:\/\/elmetropolitano.com.gt\/es\/wp-json\/wp\/v2\/types\/post"}],"author":[{"embeddable":true,"href":"https:\/\/elmetropolitano.com.gt\/es\/wp-json\/wp\/v2\/users\/1"}],"replies":[{"embeddable":true,"href":"https:\/\/elmetropolitano.com.gt\/es\/wp-json\/wp\/v2\/comments?post=108040"}],"version-history":[{"count":1,"href":"https:\/\/elmetropolitano.com.gt\/es\/wp-json\/wp\/v2\/posts\/108040\/revisions"}],"predecessor-version":[{"id":108046,"href":"https:\/\/elmetropolitano.com.gt\/es\/wp-json\/wp\/v2\/posts\/108040\/revisions\/108046"}],"wp:featuredmedia":[{"embeddable":true,"href":"https:\/\/elmetropolitano.com.gt\/es\/wp-json\/wp\/v2\/media\/108041"}],"wp:attachment":[{"href":"https:\/\/elmetropolitano.com.gt\/es\/wp-json\/wp\/v2\/media?parent=108040"}],"wp:term":[{"taxonomy":"category","embeddable":true,"href":"https:\/\/elmetropolitano.com.gt\/es\/wp-json\/wp\/v2\/categories?post=108040"},{"taxonomy":"post_tag","embeddable":true,"href":"https:\/\/elmetropolitano.com.gt\/es\/wp-json\/wp\/v2\/tags?post=108040"}],"curies":[{"name":"wp","href":"https:\/\/api.w.org\/{rel}","templated":true}]}}