{"id":108047,"date":"2025-07-27T22:29:34","date_gmt":"2025-07-28T04:29:34","guid":{"rendered":"https:\/\/elmetropolitano.com.gt\/es\/?p=108047"},"modified":"2025-07-27T22:29:35","modified_gmt":"2025-07-28T04:29:35","slug":"violencia-imparable-en-retalhuleu-ataque-armado-deja-tres-fallecidos-en-canton-los-patos","status":"publish","type":"post","link":"https:\/\/elmetropolitano.com.gt\/es\/violencia-imparable-en-retalhuleu-ataque-armado-deja-tres-fallecidos-en-canton-los-patos\/","title":{"rendered":"Violencia imparable en Retalhuleu, ataque armado deja tres fallecidos en Cant\u00f3n Los Patos"},"content":{"rendered":"\n<p><a><\/a>Est\u00e1 noche de domingo sicarios asesinaron a tres j\u00f3venes dos de ellos hermanos en el Cant\u00f3n Los Patos, zona 4 de Retalhuleu.<\/p>\n\n\n\n<p>Las v\u00edctimas fueron identificadas como H\u00e9ctor Guinac, William Guinac y Wilmer Ram\u00edrez, quienes se encontraban conversando en la v\u00eda p\u00fablica cuando fueron sorprendidos por dos sicarios que se conduc\u00edan en una motocicleta tipo Pulsar. Sin mediar palabra, los atacantes abrieron fuego a quemarropa.<\/p><div class=\"elmet-contenido\" id=\"elmet-3295675383\"><div class=\"elmet-adlabel\">Anuncios<\/div><div style=\"margin-top: 20px;margin-right: 20px;margin-bottom: 20px;margin-left: 20px;\" id=\"elmet-3789754605\"><a href=\"https:\/\/www.facebook.com\/arrincuanantigua\/\" aria-label=\"cintillo-arrin-cual\"><img loading=\"lazy\" decoding=\"async\" src=\"https:\/\/elmetropolitano.com.gt\/es\/wp-content\/uploads\/2021\/11\/cintillo-arrin-cual-1.jpg\" alt=\"\"  srcset=\"https:\/\/elmetropolitano.com.gt\/es\/wp-content\/uploads\/2021\/11\/cintillo-arrin-cual-1.jpg 750w, https:\/\/elmetropolitano.com.gt\/es\/wp-content\/uploads\/2021\/11\/cintillo-arrin-cual-1-300x36.jpg 300w, https:\/\/elmetropolitano.com.gt\/es\/wp-content\/uploads\/2021\/11\/cintillo-arrin-cual-1-600x72.jpg 600w\" sizes=\"(max-width: 750px) 100vw, 750px\" width=\"750\" height=\"90\"   \/><\/a><\/div><\/div>\n\n\n\n<p>Seg\u00fan testigos, uno de los hombres intent\u00f3 escapar corriendo, pero las balas lo alcanzaron a pocos metros, provoc\u00e1ndole la muerte inmediata. Los cuerpos de socorro llegaron r\u00e1pidamente al lugar, pero lamentablemente, ya nada pudieron hacer: los tres hombres ya no presentaban signos vitales.<\/p>\n\n\n\n<p>Es evidente que la Polic\u00eda Nacional Civil PNC debe redoblar sus planes de seguridad en el departamento de Retalhuleu o el<\/p>\n\n\n\n<p>Ministro de gobernaci\u00f3n Francisco Jim\u00e9nez los cambios que sean necesario en la comisar\u00eda 34 del departamento ante la inoperancia de sus jefes<\/p>\n\n\n\n<p>El pasado fin de semana se llev\u00f3 a cabo una masacre y esta noche asesinas a tres, si no act\u00faan pronto hacen planes de prevenci\u00f3n y operativos en zonas rojas de Retalhuleu seguir\u00e1 increment\u00e1ndose los ataques<\/p>\n\n\n\n<p><a href=\"https:\/\/www.facebook.com\/hashtag\/violencia?__eep__=6&amp;__cft__[0]=AZUUqWK0aS6Gu735vDSGd6IJVmfOGP1b-K0JS5j_s5OBI1ghczJmkFHmnNXLpfkFi7h4geOzWdBGVCD7yPeKnW8HYPhFFNFZVOqNR6qHCDIvxKk84OK4GvbJFFBOAvTCkuerE4S3-N0Ad7xD5gsukRL3oRM97XaK8-6OFjH2qDAO4uuktPcb5pzgTZmPaQ1EyHemeaTMe9OTXHv6o637JMoi9VgHxu3N0INink194YWReQ&amp;__tn__=*NK-y-R\">#Violencia<\/a><a href=\"https:\/\/www.facebook.com\/hashtag\/retalhuleu?__eep__=6&amp;__cft__[0]=AZUUqWK0aS6Gu735vDSGd6IJVmfOGP1b-K0JS5j_s5OBI1ghczJmkFHmnNXLpfkFi7h4geOzWdBGVCD7yPeKnW8HYPhFFNFZVOqNR6qHCDIvxKk84OK4GvbJFFBOAvTCkuerE4S3-N0Ad7xD5gsukRL3oRM97XaK8-6OFjH2qDAO4uuktPcb5pzgTZmPaQ1EyHemeaTMe9OTXHv6o637JMoi9VgHxu3N0INink194YWReQ&amp;__tn__=*NK-y-R\">#Retalhuleu<\/a><a href=\"https:\/\/www.facebook.com\/hashtag\/pncdeguatemala?__eep__=6&amp;__cft__[0]=AZUUqWK0aS6Gu735vDSGd6IJVmfOGP1b-K0JS5j_s5OBI1ghczJmkFHmnNXLpfkFi7h4geOzWdBGVCD7yPeKnW8HYPhFFNFZVOqNR6qHCDIvxKk84OK4GvbJFFBOAvTCkuerE4S3-N0Ad7xD5gsukRL3oRM97XaK8-6OFjH2qDAO4uuktPcb5pzgTZmPaQ1EyHemeaTMe9OTXHv6o637JMoi9VgHxu3N0INink194YWReQ&amp;__tn__=*NK-y-R\">#PNCdeGuatemala<\/a><\/p>\n","protected":false},"excerpt":{"rendered":"<p>Est\u00e1 noche de domingo sicarios asesinaron a tres j\u00f3venes dos de ellos hermanos en el Cant\u00f3n Los Patos, zona 4 de Retalhuleu. Las v\u00edctimas fueron identificadas como H\u00e9ctor Guinac, William Guinac y Wilmer Ram\u00edrez, quienes se encontraban conversando en la v\u00eda p\u00fablica cuando fueron sorprendidos por dos sicarios que se conduc\u00edan en una motocicleta tipo <a class=\"read-more\" href=\"https:\/\/elmetropolitano.com.gt\/es\/violencia-imparable-en-retalhuleu-ataque-armado-deja-tres-fallecidos-en-canton-los-patos\/\">Leer m\u00e1s<\/a><\/p>\n","protected":false},"author":1,"featured_media":108048,"comment_status":"open","ping_status":"closed","sticky":false,"template":"","format":"standard","meta":{"footnotes":""},"categories":[4],"tags":[13],"class_list":["post-108047","post","type-post","status-publish","format-standard","has-post-thumbnail","hentry","category-departamentales","tag-departamentales"],"_links":{"self":[{"href":"https:\/\/elmetropolitano.com.gt\/es\/wp-json\/wp\/v2\/posts\/108047","targetHints":{"allow":["GET"]}}],"collection":[{"href":"https:\/\/elmetropolitano.com.gt\/es\/wp-json\/wp\/v2\/posts"}],"about":[{"href":"https:\/\/elmetropolitano.com.gt\/es\/wp-json\/wp\/v2\/types\/post"}],"author":[{"embeddable":true,"href":"https:\/\/elmetropolitano.com.gt\/es\/wp-json\/wp\/v2\/users\/1"}],"replies":[{"embeddable":true,"href":"https:\/\/elmetropolitano.com.gt\/es\/wp-json\/wp\/v2\/comments?post=108047"}],"version-history":[{"count":1,"href":"https:\/\/elmetropolitano.com.gt\/es\/wp-json\/wp\/v2\/posts\/108047\/revisions"}],"predecessor-version":[{"id":108049,"href":"https:\/\/elmetropolitano.com.gt\/es\/wp-json\/wp\/v2\/posts\/108047\/revisions\/108049"}],"wp:featuredmedia":[{"embeddable":true,"href":"https:\/\/elmetropolitano.com.gt\/es\/wp-json\/wp\/v2\/media\/108048"}],"wp:attachment":[{"href":"https:\/\/elmetropolitano.com.gt\/es\/wp-json\/wp\/v2\/media?parent=108047"}],"wp:term":[{"taxonomy":"category","embeddable":true,"href":"https:\/\/elmetropolitano.com.gt\/es\/wp-json\/wp\/v2\/categories?post=108047"},{"taxonomy":"post_tag","embeddable":true,"href":"https:\/\/elmetropolitano.com.gt\/es\/wp-json\/wp\/v2\/tags?post=108047"}],"curies":[{"name":"wp","href":"https:\/\/api.w.org\/{rel}","templated":true}]}}