{"id":108050,"date":"2025-07-27T22:30:40","date_gmt":"2025-07-28T04:30:40","guid":{"rendered":"https:\/\/elmetropolitano.com.gt\/es\/?p=108050"},"modified":"2025-07-27T22:30:41","modified_gmt":"2025-07-28T04:30:41","slug":"gobierno-presentara-iniciativa-de-ley-antilavado-para-enfrentar-al-crimen-organizado","status":"publish","type":"post","link":"https:\/\/elmetropolitano.com.gt\/es\/gobierno-presentara-iniciativa-de-ley-antilavado-para-enfrentar-al-crimen-organizado\/","title":{"rendered":"Gobierno presentar\u00e1 iniciativa de ley antilavado para enfrentar al crimen organizado"},"content":{"rendered":"\n<p><a><\/a>Este domingo, el presidente Bernardo Ar\u00e9valo anunci\u00f3 a trav\u00e9s de un mensaje publicado en sus redes sociales, la pr\u00f3xima presentaci\u00f3n de una nueva iniciativa de ley enfocada en combatir directamente el lavado de dinero.<\/p>\n\n\n\n<p>\u201cNuestro pa\u00eds debe elegir un camino: estar del lado del trabajador honrado o del crimen organizado. Este Gobierno ya eligi\u00f3\u201d expres\u00f3 en su mensaje el<\/p><div class=\"elmet-contenido\" id=\"elmet-2626465875\"><div class=\"elmet-adlabel\">Anuncios<\/div><div style=\"margin-top: 20px;margin-right: 20px;margin-bottom: 20px;margin-left: 20px;\" id=\"elmet-13772288\"><a href=\"https:\/\/www.facebook.com\/arrincuanantigua\/\" aria-label=\"cintillo-arrin-cual\"><img loading=\"lazy\" decoding=\"async\" src=\"https:\/\/elmetropolitano.com.gt\/es\/wp-content\/uploads\/2021\/11\/cintillo-arrin-cual-1.jpg\" alt=\"\"  srcset=\"https:\/\/elmetropolitano.com.gt\/es\/wp-content\/uploads\/2021\/11\/cintillo-arrin-cual-1.jpg 750w, https:\/\/elmetropolitano.com.gt\/es\/wp-content\/uploads\/2021\/11\/cintillo-arrin-cual-1-300x36.jpg 300w, https:\/\/elmetropolitano.com.gt\/es\/wp-content\/uploads\/2021\/11\/cintillo-arrin-cual-1-600x72.jpg 600w\" sizes=\"(max-width: 750px) 100vw, 750px\" width=\"750\" height=\"90\"   \/><\/a><\/div><\/div>\n\n\n\n<p>Mandatario<\/p>\n\n\n\n<p>Durante un video compartido en su cuenta oficial, Ar\u00e9valo explic\u00f3 que esta nueva ley antilavado no es una propuesta m\u00e1s, sino una herramienta estrat\u00e9gica para atacar uno de los pilares del narcotr\u00e1fico.<\/p>\n\n\n\n<p>No hay narcotr\u00e1fico sin lavado de dinero, advirti\u00f3, remarcando que la iniciativa buscar\u00e1 desarticular las finanzas de las redes criminales que operan en el pa\u00eds.<\/p>\n\n\n\n<p>Cada quetzal proveniente de actividades il\u00edcitas, se\u00f1al\u00f3, termina fortaleciendo a estructuras delictivas, da\u00f1ando instituciones y afectando a la poblaci\u00f3n.<\/p>\n\n\n\n<p>El Presidente explic\u00f3 que uno de los grandes objetivos de la ley es proteger la econom\u00eda nacional. Asegur\u00f3 que, al frenar el lavado de dinero, no solo se combate el crimen, sino que se incentiva el crecimiento econ\u00f3mico y la atracci\u00f3n de inversiones legales.<\/p>\n\n\n\n<p>En ese sentido, destac\u00f3 que, en el primer trimestre del a\u00f1o, Guatemala logr\u00f3 captar m\u00e1s de 450 millones de d\u00f3lares en inversi\u00f3n extranjera, lo cual representa un incremento de m\u00e1s del 15 % respecto al mismo per\u00edodo del a\u00f1o anterior.<\/p>\n\n\n\n<p>Riesgos si la ley no se aprueba a tiempo<\/p>\n\n\n\n<p>M\u00e1s all\u00e1 del impacto interno, Ar\u00e9valo advirti\u00f3 sobre las consecuencias que podr\u00eda enfrentar el pa\u00eds en caso de que la legislaci\u00f3n no sea aprobada este a\u00f1o.<\/p>\n\n\n\n<p>Entre las m\u00e1s graves, mencion\u00f3 el riesgo de que Guatemala sea incluida en la llamada lista gris del Grupo de Acci\u00f3n Financiera Internacional (GAFI), lo que generar\u00eda complicaciones serias en el sistema financiero. Esto afectar\u00eda desde las remesas hasta las operaciones bancarias internacionales, aumentando costos y dificultando el acceso a financiamiento.<\/p>\n\n\n\n<p>De manera directa, el presidente exhort\u00f3 al Congreso de la Rep\u00fablica a tratar la iniciativa con urgencia una vez finalizado el receso parlamentario. Dijo confiar en que los diputados comprender\u00e1n la importancia de esta ley para el futuro del pa\u00eds. Tambi\u00e9n hizo un llamado amplio a todos los sectores: sociedad civil, empresarios, sistema financiero y comunidad internacional, a sumarse al esfuerzo por una Guatemala m\u00e1s segura y pr\u00f3spera.<\/p>\n\n\n\n<p>Finalmente, Ar\u00e9valo reafirm\u00f3 su compromiso con el pueblo guatemalteco y con el mandato recibido en las urnas. Asegur\u00f3 que su Gobierno seguir\u00e1 tomando decisiones firmes para enfrentar el crimen organizado y defender a las familias trabajadoras.<\/p>\n\n\n\n<p>\u201cConf\u00edo en nuestro pueblo, que es digno y est\u00e1 dispuesto a trabajar por una Guatemala de bienestar y desarrollo equitativo\u201d indic\u00f3 finalmente el Presidente Bernardo Ar\u00e9valo<\/p>\n\n\n\n<p>Cuando se presente esta ley pronto los guatemaltecos veremos qui\u00e9nes son los diputados que est\u00e1n a favor de un pa\u00eds libre de lavado de dinero o a favor del narcotrafico internacional<\/p>\n\n\n\n<p><a href=\"https:\/\/www.facebook.com\/hashtag\/metroredes?__eep__=6&amp;__cft__[0]=AZUVmUEKVx_Z78U8BOBJqm5e08mslK5-I4AOh_AntSP8ApzVSmZ3RWw9vdXk8Oz20a8-7M3ptwNFJGvFGVQBJQ_hTXgtkeE2bsR2zVhHDaJc_3H8DOOgLqPTeqfc7uNFc26Lh2dT2hNpk6AB-L-9d5Olu_bB8IdT3RQMyeNwtKw9Rh881Fa9TM-XMvI5MZY7LGg&amp;__tn__=*NK-R\">#metroredes<\/a><a href=\"https:\/\/www.facebook.com\/hashtag\/elfinancierogt?__eep__=6&amp;__cft__[0]=AZUVmUEKVx_Z78U8BOBJqm5e08mslK5-I4AOh_AntSP8ApzVSmZ3RWw9vdXk8Oz20a8-7M3ptwNFJGvFGVQBJQ_hTXgtkeE2bsR2zVhHDaJc_3H8DOOgLqPTeqfc7uNFc26Lh2dT2hNpk6AB-L-9d5Olu_bB8IdT3RQMyeNwtKw9Rh881Fa9TM-XMvI5MZY7LGg&amp;__tn__=*NK-R\">#elfinancierogt<\/a><a href=\"https:\/\/www.facebook.com\/hashtag\/leyantilavado?__eep__=6&amp;__cft__[0]=AZUVmUEKVx_Z78U8BOBJqm5e08mslK5-I4AOh_AntSP8ApzVSmZ3RWw9vdXk8Oz20a8-7M3ptwNFJGvFGVQBJQ_hTXgtkeE2bsR2zVhHDaJc_3H8DOOgLqPTeqfc7uNFc26Lh2dT2hNpk6AB-L-9d5Olu_bB8IdT3RQMyeNwtKw9Rh881Fa9TM-XMvI5MZY7LGg&amp;__tn__=*NK-R\">#LeyAntilavado<\/a><a href=\"https:\/\/www.facebook.com\/hashtag\/lavadodedinero?__eep__=6&amp;__cft__[0]=AZUVmUEKVx_Z78U8BOBJqm5e08mslK5-I4AOh_AntSP8ApzVSmZ3RWw9vdXk8Oz20a8-7M3ptwNFJGvFGVQBJQ_hTXgtkeE2bsR2zVhHDaJc_3H8DOOgLqPTeqfc7uNFc26Lh2dT2hNpk6AB-L-9d5Olu_bB8IdT3RQMyeNwtKw9Rh881Fa9TM-XMvI5MZY7LGg&amp;__tn__=*NK-R\">#lavadodedinero<\/a><a href=\"https:\/\/www.facebook.com\/hashtag\/bernardoarevalo?__eep__=6&amp;__cft__[0]=AZUVmUEKVx_Z78U8BOBJqm5e08mslK5-I4AOh_AntSP8ApzVSmZ3RWw9vdXk8Oz20a8-7M3ptwNFJGvFGVQBJQ_hTXgtkeE2bsR2zVhHDaJc_3H8DOOgLqPTeqfc7uNFc26Lh2dT2hNpk6AB-L-9d5Olu_bB8IdT3RQMyeNwtKw9Rh881Fa9TM-XMvI5MZY7LGg&amp;__tn__=*NK-R\">#bernardoarevalo<\/a><\/p>\n","protected":false},"excerpt":{"rendered":"<p>Este domingo, el presidente Bernardo Ar\u00e9valo anunci\u00f3 a trav\u00e9s de un mensaje publicado en sus redes sociales, la pr\u00f3xima presentaci\u00f3n de una nueva iniciativa de ley enfocada en combatir directamente el lavado de dinero. \u201cNuestro pa\u00eds debe elegir un camino: estar del lado del trabajador honrado o del crimen organizado. Este Gobierno ya eligi\u00f3\u201d expres\u00f3 <a class=\"read-more\" href=\"https:\/\/elmetropolitano.com.gt\/es\/gobierno-presentara-iniciativa-de-ley-antilavado-para-enfrentar-al-crimen-organizado\/\">Leer m\u00e1s<\/a><\/p>\n","protected":false},"author":1,"featured_media":108051,"comment_status":"open","ping_status":"closed","sticky":false,"template":"","format":"standard","meta":{"footnotes":""},"categories":[2],"tags":[12],"class_list":["post-108050","post","type-post","status-publish","format-standard","has-post-thumbnail","hentry","category-nacionales","tag-nacionales"],"_links":{"self":[{"href":"https:\/\/elmetropolitano.com.gt\/es\/wp-json\/wp\/v2\/posts\/108050","targetHints":{"allow":["GET"]}}],"collection":[{"href":"https:\/\/elmetropolitano.com.gt\/es\/wp-json\/wp\/v2\/posts"}],"about":[{"href":"https:\/\/elmetropolitano.com.gt\/es\/wp-json\/wp\/v2\/types\/post"}],"author":[{"embeddable":true,"href":"https:\/\/elmetropolitano.com.gt\/es\/wp-json\/wp\/v2\/users\/1"}],"replies":[{"embeddable":true,"href":"https:\/\/elmetropolitano.com.gt\/es\/wp-json\/wp\/v2\/comments?post=108050"}],"version-history":[{"count":1,"href":"https:\/\/elmetropolitano.com.gt\/es\/wp-json\/wp\/v2\/posts\/108050\/revisions"}],"predecessor-version":[{"id":108052,"href":"https:\/\/elmetropolitano.com.gt\/es\/wp-json\/wp\/v2\/posts\/108050\/revisions\/108052"}],"wp:featuredmedia":[{"embeddable":true,"href":"https:\/\/elmetropolitano.com.gt\/es\/wp-json\/wp\/v2\/media\/108051"}],"wp:attachment":[{"href":"https:\/\/elmetropolitano.com.gt\/es\/wp-json\/wp\/v2\/media?parent=108050"}],"wp:term":[{"taxonomy":"category","embeddable":true,"href":"https:\/\/elmetropolitano.com.gt\/es\/wp-json\/wp\/v2\/categories?post=108050"},{"taxonomy":"post_tag","embeddable":true,"href":"https:\/\/elmetropolitano.com.gt\/es\/wp-json\/wp\/v2\/tags?post=108050"}],"curies":[{"name":"wp","href":"https:\/\/api.w.org\/{rel}","templated":true}]}}