{"id":108053,"date":"2025-07-28T10:32:59","date_gmt":"2025-07-28T16:32:59","guid":{"rendered":"https:\/\/elmetropolitano.com.gt\/es\/?p=108053"},"modified":"2025-07-28T10:33:00","modified_gmt":"2025-07-28T16:33:00","slug":"solo-tres-dias-le-duro-la-libertad-a-el-frijol-y-regresa-a-prision-por-extorsion","status":"publish","type":"post","link":"https:\/\/elmetropolitano.com.gt\/es\/solo-tres-dias-le-duro-la-libertad-a-el-frijol-y-regresa-a-prision-por-extorsion\/","title":{"rendered":"Solo tres d\u00edas le dur\u00f3 la libertad a \u201cEl Frijol\u201d y regresa a prisi\u00f3n por extorsi\u00f3n"},"content":{"rendered":"\n<p><a><\/a>Investigadores de la DIPANDA, delegaci\u00f3n Quetzaltenango, capturaron a Walter Roberto Cortez Mej\u00eda, de 31 a\u00f1os, alias \u00abEl Frijol\u00bb, acusado del delito de extorsi\u00f3n en forma continuada, tan solo 72 horas despu\u00e9s de haber recobrado su libertad.<\/p>\n\n\n\n<p>La detenci\u00f3n se llev\u00f3 a cabo en la v\u00eda p\u00fablica de la lotificaci\u00f3n El Naranjo, sector XXVIII, San Sebasti\u00e1n, Retalhuleu. La orden fue emitida por un juzgado de Coatepeque el pasado 4 de julio de 2025.<\/p><div class=\"elmet-contenido\" id=\"elmet-2938124544\"><div class=\"elmet-adlabel\">Anuncios<\/div><div style=\"margin-top: 20px;margin-right: 20px;margin-bottom: 20px;margin-left: 20px;\" id=\"elmet-1142954150\"><a href=\"https:\/\/www.facebook.com\/arrincuanantigua\/\" aria-label=\"cintillo-arrin-cual\"><img loading=\"lazy\" decoding=\"async\" src=\"https:\/\/elmetropolitano.com.gt\/es\/wp-content\/uploads\/2021\/11\/cintillo-arrin-cual-1.jpg\" alt=\"\"  srcset=\"https:\/\/elmetropolitano.com.gt\/es\/wp-content\/uploads\/2021\/11\/cintillo-arrin-cual-1.jpg 750w, https:\/\/elmetropolitano.com.gt\/es\/wp-content\/uploads\/2021\/11\/cintillo-arrin-cual-1-300x36.jpg 300w, https:\/\/elmetropolitano.com.gt\/es\/wp-content\/uploads\/2021\/11\/cintillo-arrin-cual-1-600x72.jpg 600w\" sizes=\"(max-width: 750px) 100vw, 750px\" width=\"750\" height=\"90\"   \/><\/a><\/div><\/div>\n\n\n\n<p>Este caso evidencia la reincidencia y los desaf\u00edos que enfrentan la PNC en la lucha contra el crimen organizado y ante un sistema de investigacion y judicial con falencias que no extra\u00f1e que los jueces lo dejen libre.<\/p>\n\n\n\n<p><a href=\"https:\/\/www.facebook.com\/hashtag\/pncdeguatemala?__eep__=6&amp;__cft__[0]=AZUM3mez-Et-7MXjvkCRbSbOUegNV9YbObAWBB3eOtWrb5IunzIkhJ7H3TKPeRhIfw5N2UKfwcV8jWTUCPPKlnqscUuRZ55GMjD72AboUw4k9eiTs89LQkpkyZODNdGxgmit9yhzhgy9A9aYTRmWJ1WxSAXloo43ie0Pg8zj-dHtO2LYbesIHculLrWmmPbECcM&amp;__tn__=*NK-R\">#PNCdeGuatemala<\/a><a href=\"https:\/\/www.facebook.com\/hashtag\/extorsi%C3%B3n?__eep__=6&amp;__cft__[0]=AZUM3mez-Et-7MXjvkCRbSbOUegNV9YbObAWBB3eOtWrb5IunzIkhJ7H3TKPeRhIfw5N2UKfwcV8jWTUCPPKlnqscUuRZ55GMjD72AboUw4k9eiTs89LQkpkyZODNdGxgmit9yhzhgy9A9aYTRmWJ1WxSAXloo43ie0Pg8zj-dHtO2LYbesIHculLrWmmPbECcM&amp;__tn__=*NK-R\">#Extorsi\u00f3n<\/a><a href=\"https:\/\/www.facebook.com\/hashtag\/retalhuleu?__eep__=6&amp;__cft__[0]=AZUM3mez-Et-7MXjvkCRbSbOUegNV9YbObAWBB3eOtWrb5IunzIkhJ7H3TKPeRhIfw5N2UKfwcV8jWTUCPPKlnqscUuRZ55GMjD72AboUw4k9eiTs89LQkpkyZODNdGxgmit9yhzhgy9A9aYTRmWJ1WxSAXloo43ie0Pg8zj-dHtO2LYbesIHculLrWmmPbECcM&amp;__tn__=*NK-R\">#Retalhuleu<\/a><a href=\"https:\/\/www.facebook.com\/hashtag\/dipanda?__eep__=6&amp;__cft__[0]=AZUM3mez-Et-7MXjvkCRbSbOUegNV9YbObAWBB3eOtWrb5IunzIkhJ7H3TKPeRhIfw5N2UKfwcV8jWTUCPPKlnqscUuRZ55GMjD72AboUw4k9eiTs89LQkpkyZODNdGxgmit9yhzhgy9A9aYTRmWJ1WxSAXloo43ie0Pg8zj-dHtO2LYbesIHculLrWmmPbECcM&amp;__tn__=*NK-R\">#DIPANDA<\/a><a href=\"https:\/\/www.facebook.com\/hashtag\/ministeriodegobernaci%C3%B3n?__eep__=6&amp;__cft__[0]=AZUM3mez-Et-7MXjvkCRbSbOUegNV9YbObAWBB3eOtWrb5IunzIkhJ7H3TKPeRhIfw5N2UKfwcV8jWTUCPPKlnqscUuRZ55GMjD72AboUw4k9eiTs89LQkpkyZODNdGxgmit9yhzhgy9A9aYTRmWJ1WxSAXloo43ie0Pg8zj-dHtO2LYbesIHculLrWmmPbECcM&amp;__tn__=*NK-R\">#MinisterioDeGobernaci\u00f3n<\/a><\/p>\n","protected":false},"excerpt":{"rendered":"<p>Investigadores de la DIPANDA, delegaci\u00f3n Quetzaltenango, capturaron a Walter Roberto Cortez Mej\u00eda, de 31 a\u00f1os, alias \u00abEl Frijol\u00bb, acusado del delito de extorsi\u00f3n en forma continuada, tan solo 72 horas despu\u00e9s de haber recobrado su libertad. La detenci\u00f3n se llev\u00f3 a cabo en la v\u00eda p\u00fablica de la lotificaci\u00f3n El Naranjo, sector XXVIII, San Sebasti\u00e1n, <a class=\"read-more\" href=\"https:\/\/elmetropolitano.com.gt\/es\/solo-tres-dias-le-duro-la-libertad-a-el-frijol-y-regresa-a-prision-por-extorsion\/\">Leer m\u00e1s<\/a><\/p>\n","protected":false},"author":1,"featured_media":108054,"comment_status":"open","ping_status":"closed","sticky":false,"template":"","format":"standard","meta":{"footnotes":""},"categories":[4],"tags":[13],"class_list":["post-108053","post","type-post","status-publish","format-standard","has-post-thumbnail","hentry","category-departamentales","tag-departamentales"],"_links":{"self":[{"href":"https:\/\/elmetropolitano.com.gt\/es\/wp-json\/wp\/v2\/posts\/108053","targetHints":{"allow":["GET"]}}],"collection":[{"href":"https:\/\/elmetropolitano.com.gt\/es\/wp-json\/wp\/v2\/posts"}],"about":[{"href":"https:\/\/elmetropolitano.com.gt\/es\/wp-json\/wp\/v2\/types\/post"}],"author":[{"embeddable":true,"href":"https:\/\/elmetropolitano.com.gt\/es\/wp-json\/wp\/v2\/users\/1"}],"replies":[{"embeddable":true,"href":"https:\/\/elmetropolitano.com.gt\/es\/wp-json\/wp\/v2\/comments?post=108053"}],"version-history":[{"count":1,"href":"https:\/\/elmetropolitano.com.gt\/es\/wp-json\/wp\/v2\/posts\/108053\/revisions"}],"predecessor-version":[{"id":108055,"href":"https:\/\/elmetropolitano.com.gt\/es\/wp-json\/wp\/v2\/posts\/108053\/revisions\/108055"}],"wp:featuredmedia":[{"embeddable":true,"href":"https:\/\/elmetropolitano.com.gt\/es\/wp-json\/wp\/v2\/media\/108054"}],"wp:attachment":[{"href":"https:\/\/elmetropolitano.com.gt\/es\/wp-json\/wp\/v2\/media?parent=108053"}],"wp:term":[{"taxonomy":"category","embeddable":true,"href":"https:\/\/elmetropolitano.com.gt\/es\/wp-json\/wp\/v2\/categories?post=108053"},{"taxonomy":"post_tag","embeddable":true,"href":"https:\/\/elmetropolitano.com.gt\/es\/wp-json\/wp\/v2\/tags?post=108053"}],"curies":[{"name":"wp","href":"https:\/\/api.w.org\/{rel}","templated":true}]}}