{"id":108100,"date":"2025-07-28T16:01:00","date_gmt":"2025-07-28T22:01:00","guid":{"rendered":"https:\/\/elmetropolitano.com.gt\/es\/?p=108100"},"modified":"2025-07-28T16:01:01","modified_gmt":"2025-07-28T22:01:01","slug":"diputado-rivera-de-victoria-urge-que-la-comision-de-finanzas-emita-dictamen-favorable-a-ley-que-trasladaria-a-27-mil-maestros-a-renglon-011","status":"publish","type":"post","link":"https:\/\/elmetropolitano.com.gt\/es\/diputado-rivera-de-victoria-urge-que-la-comision-de-finanzas-emita-dictamen-favorable-a-ley-que-trasladaria-a-27-mil-maestros-a-renglon-011\/","title":{"rendered":"Diputado Rivera de Victoria: Urge que la Comisi\u00f3n de Finanzas emita dictamen favorable a Ley que trasladar\u00eda a 27 mil maestros a rengl\u00f3n 011"},"content":{"rendered":"\n<p><a><\/a>El diputado del Partido Victoria Juan Carlos Rivera a enviado una carta abierta al Presidente de la Comisi\u00f3n de finanzas el ex ministro de finanzas del nefasto gobierno de Jimmy Morales el diputado Julio H\u00e9ctor Estrada para que se emita dictamen favorable a la iniciativa de Ley que trasladar\u00eda a m\u00e1s de 27 mil maestros contratados temporalmente al Rengl\u00f3n 011<\/p>\n\n\n\n<p>\u201cEsta medida no es un gasto, es una inversi\u00f3n estrat\u00e9gica en educaci\u00f3n, que fortalece la gobernabilidad, la calidad docente y la paz social\u201d expresa el diputado Rivera<\/p><div class=\"elmet-contenido\" id=\"elmet-4255889627\"><div class=\"elmet-adlabel\">Anuncios<\/div><div style=\"margin-top: 20px;margin-right: 20px;margin-bottom: 20px;margin-left: 20px;\" id=\"elmet-631604403\"><a href=\"https:\/\/www.facebook.com\/arrincuanantigua\/\" aria-label=\"cintillo-arrin-cual\"><img loading=\"lazy\" decoding=\"async\" src=\"https:\/\/elmetropolitano.com.gt\/es\/wp-content\/uploads\/2021\/11\/cintillo-arrin-cual-1.jpg\" alt=\"\"  srcset=\"https:\/\/elmetropolitano.com.gt\/es\/wp-content\/uploads\/2021\/11\/cintillo-arrin-cual-1.jpg 750w, https:\/\/elmetropolitano.com.gt\/es\/wp-content\/uploads\/2021\/11\/cintillo-arrin-cual-1-300x36.jpg 300w, https:\/\/elmetropolitano.com.gt\/es\/wp-content\/uploads\/2021\/11\/cintillo-arrin-cual-1-600x72.jpg 600w\" sizes=\"(max-width: 750px) 100vw, 750px\" width=\"750\" height=\"90\"   \/><\/a><\/div><\/div>\n\n\n\n<p>Llama la atenci\u00f3n que estos temas de importancia nacional no le interesa impulsar al presidente de la comisi\u00f3n el diputado de Cabal. julio Hector Estrada pese a que est\u00e1 en dicha comisi\u00f3n desde el 6 de Febrero del presente a\u00f1o.<\/p>\n\n\n\n<p><img loading=\"lazy\" decoding=\"async\" height=\"16\" width=\"16\" alt=\"\ud83d\udcce\" src=\"https:\/\/static.xx.fbcdn.net\/images\/emoji.php\/v9\/tae\/1\/16\/1f4ce.png\"> Puede leer la carta completa\u2026.<\/p>\n\n\n\n<p>Ciudad de Guatemala, 28 de julio de 2025<\/p>\n\n\n\n<p>Honorable Comisi\u00f3n de Finanzas P\u00fablicas y Moneda<\/p>\n\n\n\n<p>Congreso de la Rep\u00fablica de Guatemala<\/p>\n\n\n\n<p>Se\u00f1or presidente y distinguidos diputados miembros de la Comisi\u00f3n:<\/p>\n\n\n\n<p>\u00a1Un llamado respetuoso y urgente a favor<\/p>\n\n\n\n<p>de nuestros maestros!<\/p>\n\n\n\n<p>Me dirijo a ustedes con respeto y firmeza, en mi calidad de Diputado Ponente de la Iniciativa de Ley No. 5790, que propone la aprobaci\u00f3n de la \u00abLey para que Maestros Contratados por el MINEDUC en forma temporal bajo los renglones 021, 022 y 031, sean trasladados y contratados en el Rengl\u00f3n 011\u00bb<\/p>\n\n\n\n<p>Esta iniciativa fue presentada el 6 de febrero de 2024, con el objetivo de dignificar la labor de miles de docentes que, a pesar de no contar con estabilidad laboral, cumplen su trabajo con compromiso, responsabilidad y muchas veces con mayor entrega que aquellos que ya gozan de derechos plenos. Un paso necesario para fortalecer la educaci\u00f3n y la estabilidad nacional.<\/p>\n\n\n\n<p>Es urgente brindar certeza jur\u00eddica a estos maestros que durante a\u00f1os han servido a nuestra ni\u00f1ez bajo condiciones inestables. No se trata de privilegios, se trata de justicia.<\/p>\n\n\n\n<p>Respaldar esta iniciativa no es un gasto, es una inversi\u00f3n social estrat\u00e9gica. Al garantizar plazas estables, reducimos el conflicto educativo, mejoramos la calidad de ense\u00f1anza y fortalecemos la paz social. El maestro es la base de la transformaci\u00f3n nacional.<\/p>\n\n\n\n<p>Hoy, m\u00e1s de 27,000 docentes siguen esperando que esta Comisi\u00f3n emita un dictamen favorable. Ellos son el pilar de la educaci\u00f3n p\u00fablica y, por ende, del futuro del pa\u00eds.<\/p>\n\n\n\n<p>Evitemos m\u00e1s atrasos en el sistema educativo, cada d\u00eda de clases perdido por conflictos, paros o protestas tiene un costo irreparable para Guatemala. El capital humano de nuestra naci\u00f3n est\u00e1 en juego, y no podemos seguir postergando soluciones justas.<\/p>\n\n\n\n<p>La estabilidad de los docentes es una herramienta para garantizar gobernabilidad, calidad educativa y desarrollo social. Superemos el clientelismo con legalidad y m\u00e9rito, la falta de plazas permanentes ha sido usada como una herramienta de control pol\u00edtico.<\/p>\n\n\n\n<p>Esta iniciativa propone una via legal, transparente y basada en el m\u00e9rito, que le devuelva al Estado la rector\u00eda sobre la contrataci\u00f3n docente y rompa con pr\u00e1cticas que han frenado la verdadera reforma educativa.<\/p>\n\n\n\n<p>Por todo lo expuesto, solicito respetuosamente a esta Honorable Comisi\u00f3n que priorice el estudio y la emisi\u00f3n del dictamen favorable de la Iniciativa 5790. El futuro de la educaci\u00f3n no puede seguir esperando. Hoy, m\u00e1s que nunca, necesitamos demostrar al pueblo que s\u00ed se puede legislar con justicia, visi\u00f3n y compromiso.<\/p>\n\n\n\n<p>Juan Carlos Rivera Estevez<\/p>\n\n\n\n<p>Diputado al Congreso de la Rep\u00fablica<\/p>\n\n\n\n<p>Bancada Victoria.<\/p>\n\n\n\n<p><a href=\"https:\/\/www.facebook.com\/hashtag\/metroredes?__eep__=6&amp;__cft__[0]=AZUG7eevNk9WP74Gp6uZ34i6mrAXJBrmNrZpjvISbEhIAZEqTl9DR3WUhdUz-t9h2E-suXhSPjw9sFz2nikkIyBaqNw6-wn_Pv2StIG3DrubpXgafywqlLEzW-BnShFsfmhXiZ_KxFvUeYzcsrsY8-rr&amp;__tn__=*NK-R\">#metroredes<\/a><a href=\"https:\/\/www.facebook.com\/hashtag\/elmetropolitano?__eep__=6&amp;__cft__[0]=AZUG7eevNk9WP74Gp6uZ34i6mrAXJBrmNrZpjvISbEhIAZEqTl9DR3WUhdUz-t9h2E-suXhSPjw9sFz2nikkIyBaqNw6-wn_Pv2StIG3DrubpXgafywqlLEzW-BnShFsfmhXiZ_KxFvUeYzcsrsY8-rr&amp;__tn__=*NK-R\">#Elmetropolitano<\/a><\/p>\n\n\n\n<p><a href=\"https:\/\/www.facebook.com\/hashtag\/educaci%C3%B3nconjusticia?__eep__=6&amp;__cft__[0]=AZUG7eevNk9WP74Gp6uZ34i6mrAXJBrmNrZpjvISbEhIAZEqTl9DR3WUhdUz-t9h2E-suXhSPjw9sFz2nikkIyBaqNw6-wn_Pv2StIG3DrubpXgafywqlLEzW-BnShFsfmhXiZ_KxFvUeYzcsrsY8-rr&amp;__tn__=*NK-R\">#Educaci\u00f3nConJusticia<\/a><a href=\"https:\/\/www.facebook.com\/hashtag\/iniciativa5790?__eep__=6&amp;__cft__[0]=AZUG7eevNk9WP74Gp6uZ34i6mrAXJBrmNrZpjvISbEhIAZEqTl9DR3WUhdUz-t9h2E-suXhSPjw9sFz2nikkIyBaqNw6-wn_Pv2StIG3DrubpXgafywqlLEzW-BnShFsfmhXiZ_KxFvUeYzcsrsY8-rr&amp;__tn__=*NK-R\">#Iniciativa5790<\/a><a href=\"https:\/\/www.facebook.com\/hashtag\/congresogt?__eep__=6&amp;__cft__[0]=AZUG7eevNk9WP74Gp6uZ34i6mrAXJBrmNrZpjvISbEhIAZEqTl9DR3WUhdUz-t9h2E-suXhSPjw9sFz2nikkIyBaqNw6-wn_Pv2StIG3DrubpXgafywqlLEzW-BnShFsfmhXiZ_KxFvUeYzcsrsY8-rr&amp;__tn__=*NK-R\">#CongresoGT<\/a><a href=\"https:\/\/www.facebook.com\/hashtag\/juancarlosriveraestevez?__eep__=6&amp;__cft__[0]=AZUG7eevNk9WP74Gp6uZ34i6mrAXJBrmNrZpjvISbEhIAZEqTl9DR3WUhdUz-t9h2E-suXhSPjw9sFz2nikkIyBaqNw6-wn_Pv2StIG3DrubpXgafywqlLEzW-BnShFsfmhXiZ_KxFvUeYzcsrsY8-rr&amp;__tn__=*NK-R\">#JuanCarlosRiveraEstevez<\/a><a href=\"https:\/\/www.facebook.com\/hashtag\/bancadavictoria?__eep__=6&amp;__cft__[0]=AZUG7eevNk9WP74Gp6uZ34i6mrAXJBrmNrZpjvISbEhIAZEqTl9DR3WUhdUz-t9h2E-suXhSPjw9sFz2nikkIyBaqNw6-wn_Pv2StIG3DrubpXgafywqlLEzW-BnShFsfmhXiZ_KxFvUeYzcsrsY8-rr&amp;__tn__=*NK-R\">#BancadaVictoria<\/a><a href=\"https:\/\/www.facebook.com\/hashtag\/huelgamagisterial?__eep__=6&amp;__cft__[0]=AZUG7eevNk9WP74Gp6uZ34i6mrAXJBrmNrZpjvISbEhIAZEqTl9DR3WUhdUz-t9h2E-suXhSPjw9sFz2nikkIyBaqNw6-wn_Pv2StIG3DrubpXgafywqlLEzW-BnShFsfmhXiZ_KxFvUeYzcsrsY8-rr&amp;__tn__=*NK-R\">#HuelgaMagisterial<\/a><\/p>\n\n\n\n<figure class=\"wp-block-gallery has-nested-images columns-default is-cropped wp-block-gallery-1 is-layout-flex wp-block-gallery-is-layout-flex\">\n<figure class=\"wp-block-image size-large\"><img loading=\"lazy\" decoding=\"async\" width=\"682\" height=\"1024\" data-id=\"108102\" src=\"https:\/\/elmetropolitano.com.gt\/es\/wp-content\/uploads\/2025\/07\/515017941_1284840943641986_1288564948260683178_n-1-682x1024.jpg\" alt=\"\" class=\"wp-image-108102\" srcset=\"https:\/\/elmetropolitano.com.gt\/es\/wp-content\/uploads\/2025\/07\/515017941_1284840943641986_1288564948260683178_n-1-682x1024.jpg 682w, https:\/\/elmetropolitano.com.gt\/es\/wp-content\/uploads\/2025\/07\/515017941_1284840943641986_1288564948260683178_n-1-200x300.jpg 200w, https:\/\/elmetropolitano.com.gt\/es\/wp-content\/uploads\/2025\/07\/515017941_1284840943641986_1288564948260683178_n-1-768x1152.jpg 768w, https:\/\/elmetropolitano.com.gt\/es\/wp-content\/uploads\/2025\/07\/515017941_1284840943641986_1288564948260683178_n-1.jpg 853w\" sizes=\"auto, (max-width: 682px) 100vw, 682px\" \/><\/figure>\n<\/figure>\n","protected":false},"excerpt":{"rendered":"<p>El diputado del Partido Victoria Juan Carlos Rivera a enviado una carta abierta al Presidente de la Comisi\u00f3n de finanzas el ex ministro de finanzas del nefasto gobierno de Jimmy Morales el diputado Julio H\u00e9ctor Estrada para que se emita dictamen favorable a la iniciativa de Ley que trasladar\u00eda a m\u00e1s de 27 mil maestros <a class=\"read-more\" href=\"https:\/\/elmetropolitano.com.gt\/es\/diputado-rivera-de-victoria-urge-que-la-comision-de-finanzas-emita-dictamen-favorable-a-ley-que-trasladaria-a-27-mil-maestros-a-renglon-011\/\">Leer m\u00e1s<\/a><\/p>\n","protected":false},"author":1,"featured_media":108101,"comment_status":"open","ping_status":"closed","sticky":false,"template":"","format":"standard","meta":{"footnotes":""},"categories":[2],"tags":[12],"class_list":["post-108100","post","type-post","status-publish","format-standard","has-post-thumbnail","hentry","category-nacionales","tag-nacionales"],"_links":{"self":[{"href":"https:\/\/elmetropolitano.com.gt\/es\/wp-json\/wp\/v2\/posts\/108100","targetHints":{"allow":["GET"]}}],"collection":[{"href":"https:\/\/elmetropolitano.com.gt\/es\/wp-json\/wp\/v2\/posts"}],"about":[{"href":"https:\/\/elmetropolitano.com.gt\/es\/wp-json\/wp\/v2\/types\/post"}],"author":[{"embeddable":true,"href":"https:\/\/elmetropolitano.com.gt\/es\/wp-json\/wp\/v2\/users\/1"}],"replies":[{"embeddable":true,"href":"https:\/\/elmetropolitano.com.gt\/es\/wp-json\/wp\/v2\/comments?post=108100"}],"version-history":[{"count":1,"href":"https:\/\/elmetropolitano.com.gt\/es\/wp-json\/wp\/v2\/posts\/108100\/revisions"}],"predecessor-version":[{"id":108103,"href":"https:\/\/elmetropolitano.com.gt\/es\/wp-json\/wp\/v2\/posts\/108100\/revisions\/108103"}],"wp:featuredmedia":[{"embeddable":true,"href":"https:\/\/elmetropolitano.com.gt\/es\/wp-json\/wp\/v2\/media\/108101"}],"wp:attachment":[{"href":"https:\/\/elmetropolitano.com.gt\/es\/wp-json\/wp\/v2\/media?parent=108100"}],"wp:term":[{"taxonomy":"category","embeddable":true,"href":"https:\/\/elmetropolitano.com.gt\/es\/wp-json\/wp\/v2\/categories?post=108100"},{"taxonomy":"post_tag","embeddable":true,"href":"https:\/\/elmetropolitano.com.gt\/es\/wp-json\/wp\/v2\/tags?post=108100"}],"curies":[{"name":"wp","href":"https:\/\/api.w.org\/{rel}","templated":true}]}}