{"id":108112,"date":"2025-07-28T17:09:32","date_gmt":"2025-07-28T23:09:32","guid":{"rendered":"https:\/\/elmetropolitano.com.gt\/es\/?p=108112"},"modified":"2025-07-28T17:09:33","modified_gmt":"2025-07-28T23:09:33","slug":"insivumeh-pronostica-clima-calido-y-constantes-lluvias-para-esta-semana","status":"publish","type":"post","link":"https:\/\/elmetropolitano.com.gt\/es\/insivumeh-pronostica-clima-calido-y-constantes-lluvias-para-esta-semana\/","title":{"rendered":"Insivumeh pronostica clima c\u00e1lido y constantes lluvias para esta semana"},"content":{"rendered":"\n<p>Durante este lunes el territorio nacional experimentar\u00e1 un ambiente mayormente c\u00e1lido y soleado, debido al paso de la onda tropical n\u00famero 16 de la temporada, seg\u00fan el \u00faltimo reporte meteorol\u00f3gico del Insivumeh.<\/p>\n\n\n\n<p>Adem\u00e1s, se prev\u00e9 poca nubosidad alternando con nubosidad dispersa en regiones como valles de oriente, altiplano central y el norte del pa\u00eds, mientras que en \u00e1reas como la bocacosta, el \u00e1rea del Pac\u00edfico, sur de los valles de oriente y Franja Transversal del Norte se espera el aumento gradual de la nubosidad y, con esto, la presencia de lluvias con actividad el\u00e9ctrica.<\/p><div class=\"elmet-contenido\" id=\"elmet-584632551\"><div class=\"elmet-adlabel\">Anuncios<\/div><div style=\"margin-top: 20px;margin-right: 20px;margin-bottom: 20px;margin-left: 20px;\" id=\"elmet-1620520721\"><a href=\"https:\/\/www.facebook.com\/arrincuanantigua\/\" aria-label=\"cintillo-arrin-cual\"><img loading=\"lazy\" decoding=\"async\" src=\"https:\/\/elmetropolitano.com.gt\/es\/wp-content\/uploads\/2021\/11\/cintillo-arrin-cual-1.jpg\" alt=\"\"  srcset=\"https:\/\/elmetropolitano.com.gt\/es\/wp-content\/uploads\/2021\/11\/cintillo-arrin-cual-1.jpg 750w, https:\/\/elmetropolitano.com.gt\/es\/wp-content\/uploads\/2021\/11\/cintillo-arrin-cual-1-300x36.jpg 300w, https:\/\/elmetropolitano.com.gt\/es\/wp-content\/uploads\/2021\/11\/cintillo-arrin-cual-1-600x72.jpg 600w\" sizes=\"(max-width: 750px) 100vw, 750px\" width=\"750\" height=\"90\"   \/><\/a><\/div><\/div>\n\n\n\n<p>Detalle por regi\u00f3n<\/p>\n\n\n\n<p>El Instituto Nacional de Sismolog\u00eda, Vulcanolog\u00eda, Meteorolog\u00eda e Hidrolog\u00eda (Insivumeh) destac\u00f3 las siguientes condiciones para las regiones del pa\u00eds durante la semana:<\/p>\n\n\n\n<p>En la meseta central, incluida la Ciudad de Guatemala, se esperan temperaturas m\u00e1ximas de 26 a 28 grados cent\u00edgrados con \u00e1reas de niebla en la ma\u00f1ana, ambiente c\u00e1lido y h\u00famedo durante el d\u00eda y nubosidad baja a parcial con lluvias dispersas por la tarde y noche acompa\u00f1adas de actividad el\u00e9ctrica. El viento ser\u00e1 nordeste, con posibilidad de cambiar a sur.<\/p>\n\n\n\n<p>En las regiones del Pac\u00edfico, el term\u00f3metro alcanzar\u00e1 m\u00e1ximas de 34 a 36 grados cent\u00edgrados, con ambiente c\u00e1lido, poca nubosidad en la ma\u00f1ana y lluvias con actividad el\u00e9ctrica en la tarde y noche, acompa\u00f1adas de viento sur y suroeste.<\/p>\n\n\n\n<p>En tanto, el departamento de Pet\u00e9n tendr\u00e1 temperaturas similares, ambiente c\u00e1lido y h\u00famedo, incremento de nubosidad en la tarde y posibles lluvias dispersas con tormentas el\u00e9ctricas. En Alta Verapaz y el \u00e1rea del Caribe las m\u00e1ximas ser\u00e1n de 27\u00b0 a 34\u00b0, con lloviznas y actividad el\u00e9ctrica en horas de la tarde y noche.<\/p>\n\n\n\n<p>Asimismo, las temperaturas m\u00e1ximas en la Franja Transversal del Norte ser\u00e1n de 27\u00b0 a 29\u00b0 en Alta Verapaz y 32\u00b0 a 34\u00b0 en el \u00e1rea del Caribe. Presencia de niebla en la ma\u00f1ana y noche y lluvias con actividad el\u00e9ctrica y viento nordeste ligero a moderado.<\/p>\n\n\n\n<p>Igualmente, en los valles de oriente se espera un ambiente c\u00e1lido y h\u00famedo con aumento de nubosidad en horas de la tarde y noche y presencia de lloviznas o lluvias dispersas con actividad el\u00e9ctrica. Adem\u00e1s, las temperaturas m\u00e1ximas ser\u00e1n de&nbsp; 35\u00b0&nbsp; a 37\u00b0, las m\u00e1s altas en todo el pa\u00eds.<\/p>\n\n\n\n<p>Factores asociados a la presencia de lluvias<\/p>\n\n\n\n<p>Las lluvias previstas est\u00e1n vinculadas principalmente a condiciones locales, como la entrada de humedad desde ambos litorales y las altas temperaturas, adem\u00e1s del paso o acercamiento de ondas del este, especialmente entre lunes y jueves.<\/p>\n\n\n\n<p>Se recomienda a la poblaci\u00f3n mantenerse informada a trav\u00e9s de fuentes oficiales y tomar precauciones ante los posibles efectos de las lluvias y tormentas, que podr\u00edan afectar zonas vulnerables, r\u00edos y carreteras en distintos puntos del pa\u00eds.<\/p>\n\n\n\n<p>Texto Mariana L\u00f3pez<\/p>\n\n\n\n<p>#clima&nbsp; #insivumeh&nbsp; #metroredes&nbsp; <a href=\"http:\/\/www.elmetropolitano.com.gt\">www.elmetropolitano.com.gt<\/a>&nbsp; <a href=\"http:\/\/www.metroredes.com\">www.metroredes.com<\/a><\/p>\n","protected":false},"excerpt":{"rendered":"<p>Durante este lunes el territorio nacional experimentar\u00e1 un ambiente mayormente c\u00e1lido y soleado, debido al paso de la onda tropical n\u00famero 16 de la temporada, seg\u00fan el \u00faltimo reporte meteorol\u00f3gico del Insivumeh. Adem\u00e1s, se prev\u00e9 poca nubosidad alternando con nubosidad dispersa en regiones como valles de oriente, altiplano central y el norte del pa\u00eds, mientras <a class=\"read-more\" href=\"https:\/\/elmetropolitano.com.gt\/es\/insivumeh-pronostica-clima-calido-y-constantes-lluvias-para-esta-semana\/\">Leer m\u00e1s<\/a><\/p>\n","protected":false},"author":1,"featured_media":108113,"comment_status":"open","ping_status":"closed","sticky":false,"template":"","format":"standard","meta":{"footnotes":""},"categories":[2],"tags":[12],"class_list":["post-108112","post","type-post","status-publish","format-standard","has-post-thumbnail","hentry","category-nacionales","tag-nacionales"],"_links":{"self":[{"href":"https:\/\/elmetropolitano.com.gt\/es\/wp-json\/wp\/v2\/posts\/108112","targetHints":{"allow":["GET"]}}],"collection":[{"href":"https:\/\/elmetropolitano.com.gt\/es\/wp-json\/wp\/v2\/posts"}],"about":[{"href":"https:\/\/elmetropolitano.com.gt\/es\/wp-json\/wp\/v2\/types\/post"}],"author":[{"embeddable":true,"href":"https:\/\/elmetropolitano.com.gt\/es\/wp-json\/wp\/v2\/users\/1"}],"replies":[{"embeddable":true,"href":"https:\/\/elmetropolitano.com.gt\/es\/wp-json\/wp\/v2\/comments?post=108112"}],"version-history":[{"count":1,"href":"https:\/\/elmetropolitano.com.gt\/es\/wp-json\/wp\/v2\/posts\/108112\/revisions"}],"predecessor-version":[{"id":108114,"href":"https:\/\/elmetropolitano.com.gt\/es\/wp-json\/wp\/v2\/posts\/108112\/revisions\/108114"}],"wp:featuredmedia":[{"embeddable":true,"href":"https:\/\/elmetropolitano.com.gt\/es\/wp-json\/wp\/v2\/media\/108113"}],"wp:attachment":[{"href":"https:\/\/elmetropolitano.com.gt\/es\/wp-json\/wp\/v2\/media?parent=108112"}],"wp:term":[{"taxonomy":"category","embeddable":true,"href":"https:\/\/elmetropolitano.com.gt\/es\/wp-json\/wp\/v2\/categories?post=108112"},{"taxonomy":"post_tag","embeddable":true,"href":"https:\/\/elmetropolitano.com.gt\/es\/wp-json\/wp\/v2\/tags?post=108112"}],"curies":[{"name":"wp","href":"https:\/\/api.w.org\/{rel}","templated":true}]}}