{"id":108157,"date":"2025-07-30T09:52:14","date_gmt":"2025-07-30T15:52:14","guid":{"rendered":"https:\/\/elmetropolitano.com.gt\/es\/?p=108157"},"modified":"2025-07-30T09:52:14","modified_gmt":"2025-07-30T15:52:14","slug":"ataque-armado-a-mototaxi-deja-dos-mujeres-fallecidas-anoche-en-sanarate-el-progreso","status":"publish","type":"post","link":"https:\/\/elmetropolitano.com.gt\/es\/ataque-armado-a-mototaxi-deja-dos-mujeres-fallecidas-anoche-en-sanarate-el-progreso\/","title":{"rendered":"Ataque armado a Mototaxi deja dos mujeres fallecidas anoche en Sanarate, El Progreso"},"content":{"rendered":"\n<p><a><\/a>Un ataque armado a un Mototaxi se registro esta noche de martes en el barrio El Coco en Sanarate, El Progreso que a cobrado la vida de dos personas<\/p>\n\n\n\n<p>En el interior del mototaxi placas de circulaci\u00f3n M598FFK qued\u00f3 el cuerpo sin vida de la jovencita Mirna Paola Arroyo Lopez, de 23 a\u00f1os de edad.<\/p><div class=\"elmet-contenido\" id=\"elmet-1302097732\"><div class=\"elmet-adlabel\">Anuncios<\/div><div style=\"margin-top: 20px;margin-right: 20px;margin-bottom: 20px;margin-left: 20px;\" id=\"elmet-1029596977\"><a href=\"https:\/\/www.facebook.com\/arrincuanantigua\/\" aria-label=\"cintillo-arrin-cual\"><img loading=\"lazy\" decoding=\"async\" src=\"https:\/\/elmetropolitano.com.gt\/es\/wp-content\/uploads\/2021\/11\/cintillo-arrin-cual-1.jpg\" alt=\"\"  srcset=\"https:\/\/elmetropolitano.com.gt\/es\/wp-content\/uploads\/2021\/11\/cintillo-arrin-cual-1.jpg 750w, https:\/\/elmetropolitano.com.gt\/es\/wp-content\/uploads\/2021\/11\/cintillo-arrin-cual-1-300x36.jpg 300w, https:\/\/elmetropolitano.com.gt\/es\/wp-content\/uploads\/2021\/11\/cintillo-arrin-cual-1-600x72.jpg 600w\" sizes=\"(max-width: 750px) 100vw, 750px\" width=\"750\" height=\"90\"   \/><\/a><\/div><\/div>\n\n\n\n<p>Mientras que en el interior de la unidad de emergencia a su arribo al hospital de Guastatoya falleci\u00f3 Sindy Orellana, de 35 a\u00f1os, esposa del piloto del mototaxi Daniel Morales, de 40 quien result\u00f3 herido.<\/p>\n\n\n\n<p>Bomberos Municipales Departamentales de 111 estaci\u00f3n lamentablemente no lograron hacer nada por la v\u00edctima del mototaxi quien por la gravedad de las heridas no presentaba ya con signos vitales.<\/p>\n\n\n\n<p><a href=\"https:\/\/www.facebook.com\/hashtag\/violencia?__eep__=6&amp;__cft__[0]=AZWB0OodCA-R8A1_NpKpbrP4QRzxGBZO7ZWIbbz6Z3xwciKSzNLBTnAY66GhELphSJ-AYzNvyr3nF0pN-Z89G3sQjBMj4znFyy4KnvgsYkXRNjw4X-z4gS-XdaRH6gYudjWc_Ua9xj-AKkYHV4K99bij-mbRe1E87MjIYL03J32tgVDgSyO2a4-0bj6H8wqlGwg&amp;__tn__=*NK-R\">#Violencia<\/a><a href=\"https:\/\/www.facebook.com\/hashtag\/sanarate?__eep__=6&amp;__cft__[0]=AZWB0OodCA-R8A1_NpKpbrP4QRzxGBZO7ZWIbbz6Z3xwciKSzNLBTnAY66GhELphSJ-AYzNvyr3nF0pN-Z89G3sQjBMj4znFyy4KnvgsYkXRNjw4X-z4gS-XdaRH6gYudjWc_Ua9xj-AKkYHV4K99bij-mbRe1E87MjIYL03J32tgVDgSyO2a4-0bj6H8wqlGwg&amp;__tn__=*NK-R\">#Sanarate<\/a><a href=\"https:\/\/www.facebook.com\/hashtag\/pncdeguatemala?__eep__=6&amp;__cft__[0]=AZWB0OodCA-R8A1_NpKpbrP4QRzxGBZO7ZWIbbz6Z3xwciKSzNLBTnAY66GhELphSJ-AYzNvyr3nF0pN-Z89G3sQjBMj4znFyy4KnvgsYkXRNjw4X-z4gS-XdaRH6gYudjWc_Ua9xj-AKkYHV4K99bij-mbRe1E87MjIYL03J32tgVDgSyO2a4-0bj6H8wqlGwg&amp;__tn__=*NK-R\">#PNCdeGuatemala<\/a><\/p>\n\n\n\n<figure class=\"wp-block-gallery has-nested-images columns-default is-cropped wp-block-gallery-1 is-layout-flex wp-block-gallery-is-layout-flex\">\n<figure class=\"wp-block-image size-large\"><img loading=\"lazy\" decoding=\"async\" width=\"1024\" height=\"768\" data-id=\"108159\" src=\"https:\/\/elmetropolitano.com.gt\/es\/wp-content\/uploads\/2025\/07\/514400277_1285953530197394_1658315126129648421_n-1024x768.jpg\" alt=\"\" class=\"wp-image-108159\" srcset=\"https:\/\/elmetropolitano.com.gt\/es\/wp-content\/uploads\/2025\/07\/514400277_1285953530197394_1658315126129648421_n-1024x768.jpg 1024w, https:\/\/elmetropolitano.com.gt\/es\/wp-content\/uploads\/2025\/07\/514400277_1285953530197394_1658315126129648421_n-300x225.jpg 300w, https:\/\/elmetropolitano.com.gt\/es\/wp-content\/uploads\/2025\/07\/514400277_1285953530197394_1658315126129648421_n-768x576.jpg 768w, https:\/\/elmetropolitano.com.gt\/es\/wp-content\/uploads\/2025\/07\/514400277_1285953530197394_1658315126129648421_n.jpg 1080w\" sizes=\"auto, (max-width: 1024px) 100vw, 1024px\" \/><\/figure>\n\n\n\n<figure class=\"wp-block-image size-large\"><img loading=\"lazy\" decoding=\"async\" width=\"1024\" height=\"458\" data-id=\"108160\" src=\"https:\/\/elmetropolitano.com.gt\/es\/wp-content\/uploads\/2025\/07\/515496568_1285953276864086_4288248747236941936_n-1024x458.jpg\" alt=\"\" class=\"wp-image-108160\" srcset=\"https:\/\/elmetropolitano.com.gt\/es\/wp-content\/uploads\/2025\/07\/515496568_1285953276864086_4288248747236941936_n-1024x458.jpg 1024w, https:\/\/elmetropolitano.com.gt\/es\/wp-content\/uploads\/2025\/07\/515496568_1285953276864086_4288248747236941936_n-300x134.jpg 300w, https:\/\/elmetropolitano.com.gt\/es\/wp-content\/uploads\/2025\/07\/515496568_1285953276864086_4288248747236941936_n-768x343.jpg 768w, https:\/\/elmetropolitano.com.gt\/es\/wp-content\/uploads\/2025\/07\/515496568_1285953276864086_4288248747236941936_n.jpg 1432w\" sizes=\"auto, (max-width: 1024px) 100vw, 1024px\" \/><\/figure>\n\n\n\n<figure class=\"wp-block-image size-large\"><img loading=\"lazy\" decoding=\"async\" width=\"1024\" height=\"457\" data-id=\"108162\" src=\"https:\/\/elmetropolitano.com.gt\/es\/wp-content\/uploads\/2025\/07\/517018830_1285953373530743_3370870902473710628_n-1-1024x457.jpg\" alt=\"\" class=\"wp-image-108162\" srcset=\"https:\/\/elmetropolitano.com.gt\/es\/wp-content\/uploads\/2025\/07\/517018830_1285953373530743_3370870902473710628_n-1-1024x457.jpg 1024w, https:\/\/elmetropolitano.com.gt\/es\/wp-content\/uploads\/2025\/07\/517018830_1285953373530743_3370870902473710628_n-1-300x134.jpg 300w, https:\/\/elmetropolitano.com.gt\/es\/wp-content\/uploads\/2025\/07\/517018830_1285953373530743_3370870902473710628_n-1-768x343.jpg 768w, https:\/\/elmetropolitano.com.gt\/es\/wp-content\/uploads\/2025\/07\/517018830_1285953373530743_3370870902473710628_n-1.jpg 1200w\" sizes=\"auto, (max-width: 1024px) 100vw, 1024px\" \/><\/figure>\n\n\n\n<figure class=\"wp-block-image size-large\"><img loading=\"lazy\" decoding=\"async\" width=\"1024\" height=\"768\" data-id=\"108161\" src=\"https:\/\/elmetropolitano.com.gt\/es\/wp-content\/uploads\/2025\/07\/524991324_1285953536864060_2181957576746355367_n-1024x768.jpg\" alt=\"\" class=\"wp-image-108161\" srcset=\"https:\/\/elmetropolitano.com.gt\/es\/wp-content\/uploads\/2025\/07\/524991324_1285953536864060_2181957576746355367_n-1024x768.jpg 1024w, https:\/\/elmetropolitano.com.gt\/es\/wp-content\/uploads\/2025\/07\/524991324_1285953536864060_2181957576746355367_n-300x225.jpg 300w, https:\/\/elmetropolitano.com.gt\/es\/wp-content\/uploads\/2025\/07\/524991324_1285953536864060_2181957576746355367_n-768x576.jpg 768w, https:\/\/elmetropolitano.com.gt\/es\/wp-content\/uploads\/2025\/07\/524991324_1285953536864060_2181957576746355367_n.jpg 1500w\" sizes=\"auto, (max-width: 1024px) 100vw, 1024px\" \/><\/figure>\n\n\n\n<figure class=\"wp-block-image size-large\"><img loading=\"lazy\" decoding=\"async\" width=\"1024\" height=\"768\" data-id=\"108163\" src=\"https:\/\/elmetropolitano.com.gt\/es\/wp-content\/uploads\/2025\/07\/525740496_1285953503530730_6617251222310423502_n-1024x768.jpg\" alt=\"\" class=\"wp-image-108163\" srcset=\"https:\/\/elmetropolitano.com.gt\/es\/wp-content\/uploads\/2025\/07\/525740496_1285953503530730_6617251222310423502_n-1024x768.jpg 1024w, https:\/\/elmetropolitano.com.gt\/es\/wp-content\/uploads\/2025\/07\/525740496_1285953503530730_6617251222310423502_n-300x225.jpg 300w, https:\/\/elmetropolitano.com.gt\/es\/wp-content\/uploads\/2025\/07\/525740496_1285953503530730_6617251222310423502_n-768x576.jpg 768w, https:\/\/elmetropolitano.com.gt\/es\/wp-content\/uploads\/2025\/07\/525740496_1285953503530730_6617251222310423502_n.jpg 1500w\" sizes=\"auto, (max-width: 1024px) 100vw, 1024px\" \/><\/figure>\n<\/figure>\n","protected":false},"excerpt":{"rendered":"<p>Un ataque armado a un Mototaxi se registro esta noche de martes en el barrio El Coco en Sanarate, El Progreso que a cobrado la vida de dos personas En el interior del mototaxi placas de circulaci\u00f3n M598FFK qued\u00f3 el cuerpo sin vida de la jovencita Mirna Paola Arroyo Lopez, de 23 a\u00f1os de edad. <a class=\"read-more\" href=\"https:\/\/elmetropolitano.com.gt\/es\/ataque-armado-a-mototaxi-deja-dos-mujeres-fallecidas-anoche-en-sanarate-el-progreso\/\">Leer m\u00e1s<\/a><\/p>\n","protected":false},"author":1,"featured_media":108158,"comment_status":"open","ping_status":"closed","sticky":false,"template":"","format":"standard","meta":{"footnotes":""},"categories":[4],"tags":[13],"class_list":["post-108157","post","type-post","status-publish","format-standard","has-post-thumbnail","hentry","category-departamentales","tag-departamentales"],"_links":{"self":[{"href":"https:\/\/elmetropolitano.com.gt\/es\/wp-json\/wp\/v2\/posts\/108157","targetHints":{"allow":["GET"]}}],"collection":[{"href":"https:\/\/elmetropolitano.com.gt\/es\/wp-json\/wp\/v2\/posts"}],"about":[{"href":"https:\/\/elmetropolitano.com.gt\/es\/wp-json\/wp\/v2\/types\/post"}],"author":[{"embeddable":true,"href":"https:\/\/elmetropolitano.com.gt\/es\/wp-json\/wp\/v2\/users\/1"}],"replies":[{"embeddable":true,"href":"https:\/\/elmetropolitano.com.gt\/es\/wp-json\/wp\/v2\/comments?post=108157"}],"version-history":[{"count":1,"href":"https:\/\/elmetropolitano.com.gt\/es\/wp-json\/wp\/v2\/posts\/108157\/revisions"}],"predecessor-version":[{"id":108164,"href":"https:\/\/elmetropolitano.com.gt\/es\/wp-json\/wp\/v2\/posts\/108157\/revisions\/108164"}],"wp:featuredmedia":[{"embeddable":true,"href":"https:\/\/elmetropolitano.com.gt\/es\/wp-json\/wp\/v2\/media\/108158"}],"wp:attachment":[{"href":"https:\/\/elmetropolitano.com.gt\/es\/wp-json\/wp\/v2\/media?parent=108157"}],"wp:term":[{"taxonomy":"category","embeddable":true,"href":"https:\/\/elmetropolitano.com.gt\/es\/wp-json\/wp\/v2\/categories?post=108157"},{"taxonomy":"post_tag","embeddable":true,"href":"https:\/\/elmetropolitano.com.gt\/es\/wp-json\/wp\/v2\/tags?post=108157"}],"curies":[{"name":"wp","href":"https:\/\/api.w.org\/{rel}","templated":true}]}}