{"id":108165,"date":"2025-07-30T09:53:28","date_gmt":"2025-07-30T15:53:28","guid":{"rendered":"https:\/\/elmetropolitano.com.gt\/es\/?p=108165"},"modified":"2025-07-30T09:53:28","modified_gmt":"2025-07-30T15:53:28","slug":"suspenden-clases-presenciales-en-jutiapa-por-los-sismos","status":"publish","type":"post","link":"https:\/\/elmetropolitano.com.gt\/es\/suspenden-clases-presenciales-en-jutiapa-por-los-sismos\/","title":{"rendered":"Suspenden clases presenciales en Jutiapa por los sismos"},"content":{"rendered":"\n<p><a><\/a>El Ministerio de Educaci\u00f3n (Mineduc) tom\u00f3 la decisi\u00f3n de suspender las clases presenciales en el departamento de Jutiapa para este mi\u00e9rcoles 30 de julio, derivado de la serie de sismos que sacude el departamento.<\/p>\n\n\n\n<p>La medida aplica a todo tipo de establecimientos educativos, ya sean p\u00fablicos, privados, por cooperativa, municipales o de educaci\u00f3n extraescolar.<\/p><div class=\"elmet-contenido\" id=\"elmet-1844219451\"><div class=\"elmet-adlabel\">Anuncios<\/div><div style=\"margin-top: 20px;margin-right: 20px;margin-bottom: 20px;margin-left: 20px;\" id=\"elmet-3129391045\"><a href=\"https:\/\/www.facebook.com\/arrincuanantigua\/\" aria-label=\"cintillo-arrin-cual\"><img loading=\"lazy\" decoding=\"async\" src=\"https:\/\/elmetropolitano.com.gt\/es\/wp-content\/uploads\/2021\/11\/cintillo-arrin-cual-1.jpg\" alt=\"\"  srcset=\"https:\/\/elmetropolitano.com.gt\/es\/wp-content\/uploads\/2021\/11\/cintillo-arrin-cual-1.jpg 750w, https:\/\/elmetropolitano.com.gt\/es\/wp-content\/uploads\/2021\/11\/cintillo-arrin-cual-1-300x36.jpg 300w, https:\/\/elmetropolitano.com.gt\/es\/wp-content\/uploads\/2021\/11\/cintillo-arrin-cual-1-600x72.jpg 600w\" sizes=\"(max-width: 750px) 100vw, 750px\" width=\"750\" height=\"90\"   \/><\/a><\/div><\/div>\n\n\n\n<p>De acuerdo con la cartera educativa, esta suspensi\u00f3n busca resguardar la integridad f\u00edsica de la comunidad educativa debido a los numerosos boletines emitidos por el Instituto Nacional de Sismolog\u00eda, Vulcanolog\u00eda, Meteorolog\u00eda e Hidrolog\u00eda (Insivumeh) de los temblores registrados desde esta tarde y como sugerencia de la Coordinadora Nacional para la Reducci\u00f3n de Desastres (Conred), que lidera actualmente la respuesta a la emergencia y recuento de da\u00f1os.<\/p>\n\n\n\n<p>El Mineduc inst\u00f3 a los docentes y padres de familia a atender las comunicaciones que emita la Direcci\u00f3n Departamental de Educaci\u00f3n respecto a esta reciente decisi\u00f3n.<\/p>\n\n\n\n<p><a href=\"https:\/\/www.facebook.com\/hashtag\/jutiapa?__eep__=6&amp;__cft__[0]=AZUoCBk3sN9KZP-yCTvBcct8cognm13d-5yFy5fwBBLb4KC1ed4XXizyyu_jL5ObyBPYq0gTfBvKd2Su9v93hDEvo98-ZGFmRyldOb6s76CiaLG4RSZ5em2x-THIXsnkuQsgZQnpw5P5aq2griMHRlaJJqsvZQjD6Dcpem0puADz6dTzfS7qdhcf7-ENOALmJMc&amp;__tn__=*NK-R\">#Jutiapa<\/a><a href=\"https:\/\/www.facebook.com\/hashtag\/temblorgt?__eep__=6&amp;__cft__[0]=AZUoCBk3sN9KZP-yCTvBcct8cognm13d-5yFy5fwBBLb4KC1ed4XXizyyu_jL5ObyBPYq0gTfBvKd2Su9v93hDEvo98-ZGFmRyldOb6s76CiaLG4RSZ5em2x-THIXsnkuQsgZQnpw5P5aq2griMHRlaJJqsvZQjD6Dcpem0puADz6dTzfS7qdhcf7-ENOALmJMc&amp;__tn__=*NK-R\">#TemblorGT<\/a><a href=\"https:\/\/www.facebook.com\/hashtag\/mineduc?__eep__=6&amp;__cft__[0]=AZUoCBk3sN9KZP-yCTvBcct8cognm13d-5yFy5fwBBLb4KC1ed4XXizyyu_jL5ObyBPYq0gTfBvKd2Su9v93hDEvo98-ZGFmRyldOb6s76CiaLG4RSZ5em2x-THIXsnkuQsgZQnpw5P5aq2griMHRlaJJqsvZQjD6Dcpem0puADz6dTzfS7qdhcf7-ENOALmJMc&amp;__tn__=*NK-R\">#Mineduc<\/a><a href=\"https:\/\/www.facebook.com\/hashtag\/metroredes?__eep__=6&amp;__cft__[0]=AZUoCBk3sN9KZP-yCTvBcct8cognm13d-5yFy5fwBBLb4KC1ed4XXizyyu_jL5ObyBPYq0gTfBvKd2Su9v93hDEvo98-ZGFmRyldOb6s76CiaLG4RSZ5em2x-THIXsnkuQsgZQnpw5P5aq2griMHRlaJJqsvZQjD6Dcpem0puADz6dTzfS7qdhcf7-ENOALmJMc&amp;__tn__=*NK-R\">#metroredes<\/a><\/p>\n\n\n\n<figure class=\"wp-block-gallery has-nested-images columns-default is-cropped wp-block-gallery-1 is-layout-flex wp-block-gallery-is-layout-flex\">\n<figure class=\"wp-block-image size-large\"><img loading=\"lazy\" decoding=\"async\" width=\"1000\" height=\"563\" data-id=\"108167\" src=\"https:\/\/elmetropolitano.com.gt\/es\/wp-content\/uploads\/2025\/07\/525702021_1285955726863841_3495233714543019483_n-1.jpg\" alt=\"\" class=\"wp-image-108167\" srcset=\"https:\/\/elmetropolitano.com.gt\/es\/wp-content\/uploads\/2025\/07\/525702021_1285955726863841_3495233714543019483_n-1.jpg 1000w, https:\/\/elmetropolitano.com.gt\/es\/wp-content\/uploads\/2025\/07\/525702021_1285955726863841_3495233714543019483_n-1-300x169.jpg 300w, https:\/\/elmetropolitano.com.gt\/es\/wp-content\/uploads\/2025\/07\/525702021_1285955726863841_3495233714543019483_n-1-768x432.jpg 768w\" sizes=\"auto, (max-width: 1000px) 100vw, 1000px\" \/><\/figure>\n\n\n\n<figure class=\"wp-block-image size-large\"><img loading=\"lazy\" decoding=\"async\" width=\"791\" height=\"1024\" data-id=\"108168\" src=\"https:\/\/elmetropolitano.com.gt\/es\/wp-content\/uploads\/2025\/07\/526171861_1285955730197174_6561029440772934599_n-791x1024.jpg\" alt=\"\" class=\"wp-image-108168\" srcset=\"https:\/\/elmetropolitano.com.gt\/es\/wp-content\/uploads\/2025\/07\/526171861_1285955730197174_6561029440772934599_n-791x1024.jpg 791w, https:\/\/elmetropolitano.com.gt\/es\/wp-content\/uploads\/2025\/07\/526171861_1285955730197174_6561029440772934599_n-232x300.jpg 232w, https:\/\/elmetropolitano.com.gt\/es\/wp-content\/uploads\/2025\/07\/526171861_1285955730197174_6561029440772934599_n-768x994.jpg 768w, https:\/\/elmetropolitano.com.gt\/es\/wp-content\/uploads\/2025\/07\/526171861_1285955730197174_6561029440772934599_n-1186x1536.jpg 1186w, https:\/\/elmetropolitano.com.gt\/es\/wp-content\/uploads\/2025\/07\/526171861_1285955730197174_6561029440772934599_n.jpg 1266w\" sizes=\"auto, (max-width: 791px) 100vw, 791px\" \/><\/figure>\n<\/figure>\n","protected":false},"excerpt":{"rendered":"<p>El Ministerio de Educaci\u00f3n (Mineduc) tom\u00f3 la decisi\u00f3n de suspender las clases presenciales en el departamento de Jutiapa para este mi\u00e9rcoles 30 de julio, derivado de la serie de sismos que sacude el departamento. La medida aplica a todo tipo de establecimientos educativos, ya sean p\u00fablicos, privados, por cooperativa, municipales o de educaci\u00f3n extraescolar. De <a class=\"read-more\" href=\"https:\/\/elmetropolitano.com.gt\/es\/suspenden-clases-presenciales-en-jutiapa-por-los-sismos\/\">Leer m\u00e1s<\/a><\/p>\n","protected":false},"author":1,"featured_media":108166,"comment_status":"open","ping_status":"closed","sticky":false,"template":"","format":"standard","meta":{"footnotes":""},"categories":[4],"tags":[13],"class_list":["post-108165","post","type-post","status-publish","format-standard","has-post-thumbnail","hentry","category-departamentales","tag-departamentales"],"_links":{"self":[{"href":"https:\/\/elmetropolitano.com.gt\/es\/wp-json\/wp\/v2\/posts\/108165","targetHints":{"allow":["GET"]}}],"collection":[{"href":"https:\/\/elmetropolitano.com.gt\/es\/wp-json\/wp\/v2\/posts"}],"about":[{"href":"https:\/\/elmetropolitano.com.gt\/es\/wp-json\/wp\/v2\/types\/post"}],"author":[{"embeddable":true,"href":"https:\/\/elmetropolitano.com.gt\/es\/wp-json\/wp\/v2\/users\/1"}],"replies":[{"embeddable":true,"href":"https:\/\/elmetropolitano.com.gt\/es\/wp-json\/wp\/v2\/comments?post=108165"}],"version-history":[{"count":1,"href":"https:\/\/elmetropolitano.com.gt\/es\/wp-json\/wp\/v2\/posts\/108165\/revisions"}],"predecessor-version":[{"id":108169,"href":"https:\/\/elmetropolitano.com.gt\/es\/wp-json\/wp\/v2\/posts\/108165\/revisions\/108169"}],"wp:featuredmedia":[{"embeddable":true,"href":"https:\/\/elmetropolitano.com.gt\/es\/wp-json\/wp\/v2\/media\/108166"}],"wp:attachment":[{"href":"https:\/\/elmetropolitano.com.gt\/es\/wp-json\/wp\/v2\/media?parent=108165"}],"wp:term":[{"taxonomy":"category","embeddable":true,"href":"https:\/\/elmetropolitano.com.gt\/es\/wp-json\/wp\/v2\/categories?post=108165"},{"taxonomy":"post_tag","embeddable":true,"href":"https:\/\/elmetropolitano.com.gt\/es\/wp-json\/wp\/v2\/tags?post=108165"}],"curies":[{"name":"wp","href":"https:\/\/api.w.org\/{rel}","templated":true}]}}