{"id":108170,"date":"2025-07-30T09:55:27","date_gmt":"2025-07-30T15:55:27","guid":{"rendered":"https:\/\/elmetropolitano.com.gt\/es\/?p=108170"},"modified":"2025-07-30T09:55:28","modified_gmt":"2025-07-30T15:55:28","slug":"secuencia-sismica-de-jutiapa-se-origina-en-falla-de-jalpatagua","status":"publish","type":"post","link":"https:\/\/elmetropolitano.com.gt\/es\/secuencia-sismica-de-jutiapa-se-origina-en-falla-de-jalpatagua\/","title":{"rendered":"Secuencia s\u00edsmica de Jutiapa se origina en falla de Jalpatagua"},"content":{"rendered":"\n<p><a><\/a>Guatemala se ubica entre tres placas tect\u00f3nicas, hecho que lo convierten en un pa\u00eds altamente s\u00edsmico. Hecho comprobado nuevamente desde esta tarde, cuando, pasadas las 15:21 horas, dos sismos encabezaron una nueva secuencia s\u00edsmica que afecta, principalmente, el departamento de Jutiapa.<\/p>\n\n\n\n<p>En respuesta a este fen\u00f3meno, el Instituto Nacional de Sismolog\u00eda, Vulcanolog\u00eda, Meteorolog\u00eda e Hidrolog\u00eda (Insivumeh) explic\u00f3 con datos cient\u00edficos esta nueva serie de se\u00edsmos.<\/p><div class=\"elmet-contenido\" id=\"elmet-2615020043\"><div class=\"elmet-adlabel\">Anuncios<\/div><div style=\"margin-top: 20px;margin-right: 20px;margin-bottom: 20px;margin-left: 20px;\" id=\"elmet-2804727348\"><a href=\"https:\/\/www.facebook.com\/arrincuanantigua\/\" aria-label=\"cintillo-arrin-cual\"><img loading=\"lazy\" decoding=\"async\" src=\"https:\/\/elmetropolitano.com.gt\/es\/wp-content\/uploads\/2021\/11\/cintillo-arrin-cual-1.jpg\" alt=\"\"  srcset=\"https:\/\/elmetropolitano.com.gt\/es\/wp-content\/uploads\/2021\/11\/cintillo-arrin-cual-1.jpg 750w, https:\/\/elmetropolitano.com.gt\/es\/wp-content\/uploads\/2021\/11\/cintillo-arrin-cual-1-300x36.jpg 300w, https:\/\/elmetropolitano.com.gt\/es\/wp-content\/uploads\/2021\/11\/cintillo-arrin-cual-1-600x72.jpg 600w\" sizes=\"(max-width: 750px) 100vw, 750px\" width=\"750\" height=\"90\"   \/><\/a><\/div><\/div>\n\n\n\n<p>De acuerdo con Diego Castro, del departamento de Sismolog\u00eda, hasta el momento se han registrado 29 sismos en la regi\u00f3n suroriente del pa\u00eds, de los cuales 20 han sido sensibles. Los principales tuvieron magnitudes de 5.8 y 5.7.<\/p>\n\n\n\n<p>Estos temblores se originan en el sector este de la falla de Jalpatagua, la cual se extiende desde Amatitl\u00e1n hasta El Salvador. Dicha falla tambi\u00e9n estuvo vinculada con la secuencia s\u00edsmica que afect\u00f3 el \u00e1rea fronteriza entre Guatemala, Sacatep\u00e9quez y Escuintla, especialmente los municipios de Pal\u00edn y Santa Mar\u00eda de Jes\u00fas.<\/p>\n\n\n\n<p>La nueva secuencia s\u00edsmica empez\u00f3 a generar da\u00f1os en sitios como Zapotitl\u00e1n y Comapa, ambos del departamento de Jutiapa. Por lo tanto, la Coordinadora Nacional para la Reducci\u00f3n de Desastres lleva a cabo un monitoreo en la regi\u00f3n.<\/p>\n\n\n\n<p>Antecedentes de secuencias s\u00edsmicas en Guatemala<\/p>\n\n\n\n<p>Por su parte, Edwin Rojas, director del Insivumeh, explic\u00f3 que las secuencias s\u00edsmicas no son fen\u00f3menos naturales nuevos en el pa\u00eds. De hecho, se tienen registros de varias secuencias s\u00edsmicas.<\/p>\n\n\n\n<p>En los a\u00f1os 70, una serie de temblores afect\u00f3 las \u00e1reas de Conguaco y Jalpatagua (Jutiapa), Santa Rosa y Sonsonate (El Salvador), con sismos principales de magnitudes 6.1 y 7.2.<\/p>\n\n\n\n<p>Posteriormente, en 1992, en Moyuta, Jutiapa, se sinti\u00f3 otra cadena de este tipo, con un movimiento principal de 3.8.<\/p>\n\n\n\n<p>En a\u00f1os m\u00e1s recientes, en 2021, tambi\u00e9n en Conguaco, alrededor de mil 300 sismos repartidos en enjambres afectaron el pa\u00eds, con sucesos entre magnitudes 0.2 y 4.<\/p>\n\n\n\n<p>Luego, en 2022, en El Salvador se registraron alrededor de 150 sismos, con sensibilidad hasta Guatemala, con un se\u00edsmo principal de 4.4.<\/p>\n\n\n\n<p>Asimismo, en 2023, en Comapa, un movimiento tel\u00farico principal de 5.2 antecedi\u00f3 una secuencia de 800 r\u00e9plicas, con una duraci\u00f3n de dos meses.<\/p>\n\n\n\n<p>Y este mismo mes, desde el 8 de julio, una sucesi\u00f3n de temblores afect\u00f3, principalmente, a los departamentos de Sacatep\u00e9quez, Escuintla y Guatemala, con tres agitaciones principales de 5.2, 5.6 y 4.2.<\/p>\n\n\n\n<p>Texto: Daniel Coromac<\/p>\n\n\n\n<p><a href=\"https:\/\/www.facebook.com\/hashtag\/sismogt?__eep__=6&amp;__cft__[0]=AZVl-aJQa7CnD8ZNAy8bCgJNrncPPyYEDXiqSskzQvMR4C3WbAhMcBRgucqtPuW3_jThf94CYqstBgQZxJUFFXBDSHC08sxmKguM47Z-hvGZNEGcHi0xDCuth9vxWlUakoDxwMuHui-kYiJjxMHRWgqJT-TgnSpmgrttBLr65iwfIEFrlmsJGIW8E2E5SFxbkz0&amp;__tn__=*NK-R\">#SismoGT<\/a><a href=\"https:\/\/www.facebook.com\/hashtag\/insivumeh?__eep__=6&amp;__cft__[0]=AZVl-aJQa7CnD8ZNAy8bCgJNrncPPyYEDXiqSskzQvMR4C3WbAhMcBRgucqtPuW3_jThf94CYqstBgQZxJUFFXBDSHC08sxmKguM47Z-hvGZNEGcHi0xDCuth9vxWlUakoDxwMuHui-kYiJjxMHRWgqJT-TgnSpmgrttBLr65iwfIEFrlmsJGIW8E2E5SFxbkz0&amp;__tn__=*NK-R\">#INSIVUMEH<\/a><a href=\"https:\/\/www.facebook.com\/hashtag\/conred?__eep__=6&amp;__cft__[0]=AZVl-aJQa7CnD8ZNAy8bCgJNrncPPyYEDXiqSskzQvMR4C3WbAhMcBRgucqtPuW3_jThf94CYqstBgQZxJUFFXBDSHC08sxmKguM47Z-hvGZNEGcHi0xDCuth9vxWlUakoDxwMuHui-kYiJjxMHRWgqJT-TgnSpmgrttBLr65iwfIEFrlmsJGIW8E2E5SFxbkz0&amp;__tn__=*NK-R\">#Conred<\/a><a href=\"https:\/\/www.facebook.com\/hashtag\/temblorgt?__eep__=6&amp;__cft__[0]=AZVl-aJQa7CnD8ZNAy8bCgJNrncPPyYEDXiqSskzQvMR4C3WbAhMcBRgucqtPuW3_jThf94CYqstBgQZxJUFFXBDSHC08sxmKguM47Z-hvGZNEGcHi0xDCuth9vxWlUakoDxwMuHui-kYiJjxMHRWgqJT-TgnSpmgrttBLr65iwfIEFrlmsJGIW8E2E5SFxbkz0&amp;__tn__=*NK-R\">#TemblorGT<\/a><a href=\"https:\/\/www.facebook.com\/hashtag\/metroredes?__eep__=6&amp;__cft__[0]=AZVl-aJQa7CnD8ZNAy8bCgJNrncPPyYEDXiqSskzQvMR4C3WbAhMcBRgucqtPuW3_jThf94CYqstBgQZxJUFFXBDSHC08sxmKguM47Z-hvGZNEGcHi0xDCuth9vxWlUakoDxwMuHui-kYiJjxMHRWgqJT-TgnSpmgrttBLr65iwfIEFrlmsJGIW8E2E5SFxbkz0&amp;__tn__=*NK-R\">#metroredes<\/a><\/p>\n\n\n\n<figure class=\"wp-block-gallery has-nested-images columns-default is-cropped wp-block-gallery-1 is-layout-flex wp-block-gallery-is-layout-flex\">\n<figure class=\"wp-block-image size-large\"><img loading=\"lazy\" decoding=\"async\" width=\"754\" height=\"1024\" data-id=\"108178\" src=\"https:\/\/elmetropolitano.com.gt\/es\/wp-content\/uploads\/2025\/07\/514364180_1285967680195979_341295012535792337_n-754x1024.jpg\" alt=\"\" class=\"wp-image-108178\" srcset=\"https:\/\/elmetropolitano.com.gt\/es\/wp-content\/uploads\/2025\/07\/514364180_1285967680195979_341295012535792337_n-754x1024.jpg 754w, https:\/\/elmetropolitano.com.gt\/es\/wp-content\/uploads\/2025\/07\/514364180_1285967680195979_341295012535792337_n-221x300.jpg 221w, https:\/\/elmetropolitano.com.gt\/es\/wp-content\/uploads\/2025\/07\/514364180_1285967680195979_341295012535792337_n-768x1043.jpg 768w, https:\/\/elmetropolitano.com.gt\/es\/wp-content\/uploads\/2025\/07\/514364180_1285967680195979_341295012535792337_n.jpg 1060w\" sizes=\"auto, (max-width: 754px) 100vw, 754px\" \/><\/figure>\n\n\n\n<figure class=\"wp-block-image size-large\"><img loading=\"lazy\" decoding=\"async\" width=\"627\" height=\"420\" data-id=\"108173\" src=\"https:\/\/elmetropolitano.com.gt\/es\/wp-content\/uploads\/2025\/07\/515491138_1285966263529454_8812030949426922524_n-1.jpg\" alt=\"\" class=\"wp-image-108173\" srcset=\"https:\/\/elmetropolitano.com.gt\/es\/wp-content\/uploads\/2025\/07\/515491138_1285966263529454_8812030949426922524_n-1.jpg 627w, https:\/\/elmetropolitano.com.gt\/es\/wp-content\/uploads\/2025\/07\/515491138_1285966263529454_8812030949426922524_n-1-300x201.jpg 300w\" sizes=\"auto, (max-width: 627px) 100vw, 627px\" \/><\/figure>\n\n\n\n<figure class=\"wp-block-image size-large\"><img loading=\"lazy\" decoding=\"async\" width=\"766\" height=\"1024\" data-id=\"108176\" src=\"https:\/\/elmetropolitano.com.gt\/es\/wp-content\/uploads\/2025\/07\/515499129_1285967723529308_2388204999800819968_n-766x1024.jpg\" alt=\"\" class=\"wp-image-108176\" srcset=\"https:\/\/elmetropolitano.com.gt\/es\/wp-content\/uploads\/2025\/07\/515499129_1285967723529308_2388204999800819968_n-766x1024.jpg 766w, https:\/\/elmetropolitano.com.gt\/es\/wp-content\/uploads\/2025\/07\/515499129_1285967723529308_2388204999800819968_n-225x300.jpg 225w, https:\/\/elmetropolitano.com.gt\/es\/wp-content\/uploads\/2025\/07\/515499129_1285967723529308_2388204999800819968_n-768x1026.jpg 768w, https:\/\/elmetropolitano.com.gt\/es\/wp-content\/uploads\/2025\/07\/515499129_1285967723529308_2388204999800819968_n.jpg 958w\" sizes=\"auto, (max-width: 766px) 100vw, 766px\" \/><\/figure>\n\n\n\n<figure class=\"wp-block-image size-large\"><img loading=\"lazy\" decoding=\"async\" width=\"1024\" height=\"461\" data-id=\"108175\" src=\"https:\/\/elmetropolitano.com.gt\/es\/wp-content\/uploads\/2025\/07\/515499936_1285966283529452_2589671130127857533_n-1024x461.jpg\" alt=\"\" class=\"wp-image-108175\" srcset=\"https:\/\/elmetropolitano.com.gt\/es\/wp-content\/uploads\/2025\/07\/515499936_1285966283529452_2589671130127857533_n-1024x461.jpg 1024w, https:\/\/elmetropolitano.com.gt\/es\/wp-content\/uploads\/2025\/07\/515499936_1285966283529452_2589671130127857533_n-300x135.jpg 300w, https:\/\/elmetropolitano.com.gt\/es\/wp-content\/uploads\/2025\/07\/515499936_1285966283529452_2589671130127857533_n-768x345.jpg 768w, https:\/\/elmetropolitano.com.gt\/es\/wp-content\/uploads\/2025\/07\/515499936_1285966283529452_2589671130127857533_n.jpg 1423w\" sizes=\"auto, (max-width: 1024px) 100vw, 1024px\" \/><\/figure>\n\n\n\n<figure class=\"wp-block-image size-large\"><img loading=\"lazy\" decoding=\"async\" width=\"627\" height=\"420\" data-id=\"108172\" src=\"https:\/\/elmetropolitano.com.gt\/es\/wp-content\/uploads\/2025\/07\/516393516_1285966326862781_3912033950899317560_n.jpg\" alt=\"\" class=\"wp-image-108172\" srcset=\"https:\/\/elmetropolitano.com.gt\/es\/wp-content\/uploads\/2025\/07\/516393516_1285966326862781_3912033950899317560_n.jpg 627w, https:\/\/elmetropolitano.com.gt\/es\/wp-content\/uploads\/2025\/07\/516393516_1285966326862781_3912033950899317560_n-300x201.jpg 300w\" sizes=\"auto, (max-width: 627px) 100vw, 627px\" \/><\/figure>\n\n\n\n<figure class=\"wp-block-image size-large\"><img loading=\"lazy\" decoding=\"async\" width=\"768\" height=\"1024\" data-id=\"108177\" src=\"https:\/\/elmetropolitano.com.gt\/es\/wp-content\/uploads\/2025\/07\/524954859_1285967713529309_6892376291151514125_n-768x1024.jpg\" alt=\"\" class=\"wp-image-108177\" srcset=\"https:\/\/elmetropolitano.com.gt\/es\/wp-content\/uploads\/2025\/07\/524954859_1285967713529309_6892376291151514125_n-768x1024.jpg 768w, https:\/\/elmetropolitano.com.gt\/es\/wp-content\/uploads\/2025\/07\/524954859_1285967713529309_6892376291151514125_n-225x300.jpg 225w, https:\/\/elmetropolitano.com.gt\/es\/wp-content\/uploads\/2025\/07\/524954859_1285967713529309_6892376291151514125_n.jpg 960w\" sizes=\"auto, (max-width: 768px) 100vw, 768px\" \/><\/figure>\n\n\n\n<figure class=\"wp-block-image size-large\"><img loading=\"lazy\" decoding=\"async\" width=\"819\" height=\"1024\" data-id=\"108174\" src=\"https:\/\/elmetropolitano.com.gt\/es\/wp-content\/uploads\/2025\/07\/525017161_1285967696862644_8891112938659519369_n-819x1024.jpg\" alt=\"\" class=\"wp-image-108174\" srcset=\"https:\/\/elmetropolitano.com.gt\/es\/wp-content\/uploads\/2025\/07\/525017161_1285967696862644_8891112938659519369_n-819x1024.jpg 819w, https:\/\/elmetropolitano.com.gt\/es\/wp-content\/uploads\/2025\/07\/525017161_1285967696862644_8891112938659519369_n-240x300.jpg 240w, https:\/\/elmetropolitano.com.gt\/es\/wp-content\/uploads\/2025\/07\/525017161_1285967696862644_8891112938659519369_n-768x960.jpg 768w, https:\/\/elmetropolitano.com.gt\/es\/wp-content\/uploads\/2025\/07\/525017161_1285967696862644_8891112938659519369_n.jpg 960w\" sizes=\"auto, (max-width: 819px) 100vw, 819px\" \/><\/figure>\n<\/figure>\n","protected":false},"excerpt":{"rendered":"<p>Guatemala se ubica entre tres placas tect\u00f3nicas, hecho que lo convierten en un pa\u00eds altamente s\u00edsmico. Hecho comprobado nuevamente desde esta tarde, cuando, pasadas las 15:21 horas, dos sismos encabezaron una nueva secuencia s\u00edsmica que afecta, principalmente, el departamento de Jutiapa. En respuesta a este fen\u00f3meno, el Instituto Nacional de Sismolog\u00eda, Vulcanolog\u00eda, Meteorolog\u00eda e Hidrolog\u00eda <a class=\"read-more\" href=\"https:\/\/elmetropolitano.com.gt\/es\/secuencia-sismica-de-jutiapa-se-origina-en-falla-de-jalpatagua\/\">Leer m\u00e1s<\/a><\/p>\n","protected":false},"author":1,"featured_media":108171,"comment_status":"open","ping_status":"closed","sticky":false,"template":"","format":"standard","meta":{"footnotes":""},"categories":[4],"tags":[13],"class_list":["post-108170","post","type-post","status-publish","format-standard","has-post-thumbnail","hentry","category-departamentales","tag-departamentales"],"_links":{"self":[{"href":"https:\/\/elmetropolitano.com.gt\/es\/wp-json\/wp\/v2\/posts\/108170","targetHints":{"allow":["GET"]}}],"collection":[{"href":"https:\/\/elmetropolitano.com.gt\/es\/wp-json\/wp\/v2\/posts"}],"about":[{"href":"https:\/\/elmetropolitano.com.gt\/es\/wp-json\/wp\/v2\/types\/post"}],"author":[{"embeddable":true,"href":"https:\/\/elmetropolitano.com.gt\/es\/wp-json\/wp\/v2\/users\/1"}],"replies":[{"embeddable":true,"href":"https:\/\/elmetropolitano.com.gt\/es\/wp-json\/wp\/v2\/comments?post=108170"}],"version-history":[{"count":1,"href":"https:\/\/elmetropolitano.com.gt\/es\/wp-json\/wp\/v2\/posts\/108170\/revisions"}],"predecessor-version":[{"id":108179,"href":"https:\/\/elmetropolitano.com.gt\/es\/wp-json\/wp\/v2\/posts\/108170\/revisions\/108179"}],"wp:featuredmedia":[{"embeddable":true,"href":"https:\/\/elmetropolitano.com.gt\/es\/wp-json\/wp\/v2\/media\/108171"}],"wp:attachment":[{"href":"https:\/\/elmetropolitano.com.gt\/es\/wp-json\/wp\/v2\/media?parent=108170"}],"wp:term":[{"taxonomy":"category","embeddable":true,"href":"https:\/\/elmetropolitano.com.gt\/es\/wp-json\/wp\/v2\/categories?post=108170"},{"taxonomy":"post_tag","embeddable":true,"href":"https:\/\/elmetropolitano.com.gt\/es\/wp-json\/wp\/v2\/tags?post=108170"}],"curies":[{"name":"wp","href":"https:\/\/api.w.org\/{rel}","templated":true}]}}