{"id":108283,"date":"2025-07-31T09:14:59","date_gmt":"2025-07-31T15:14:59","guid":{"rendered":"https:\/\/elmetropolitano.com.gt\/es\/?p=108283"},"modified":"2025-07-31T09:14:59","modified_gmt":"2025-07-31T15:14:59","slug":"ayer-fueron-levantados-los-cadaveres-de-vecinos-de-gualan-que-por-defender-sus-tierras-fueron-asesinados-en-enfrentamiento-con-pnc","status":"publish","type":"post","link":"https:\/\/elmetropolitano.com.gt\/es\/ayer-fueron-levantados-los-cadaveres-de-vecinos-de-gualan-que-por-defender-sus-tierras-fueron-asesinados-en-enfrentamiento-con-pnc\/","title":{"rendered":"Ayer fueron levantados los cad\u00e1veres de vecinos de Gual\u00e1n que por defender sus tierras fueron asesinados en enfrentamiento con PNC"},"content":{"rendered":"\n<p>Ayer fueron levantados los cad\u00e1veres de los comunitarios Hanswer Adolfo G\u00f3mez Marroqu\u00edn de 22 a\u00f1os y su padrastro Aber Hern\u00e1ndez Ram\u00edrez de 49 quienes fueron asesinados durante un confuso enfrentamiento con las fuerzas Especiales de la Polic\u00eda Nacional Civil PNC en la finca de la Hidroel\u00e9ctrica Pasabien en Rio Hindo Zacapa.<\/p>\n\n\n\n<p>Fue hasta la ma\u00f1ana de este mi\u00e9rcoles que peritos del Ministerio P\u00fablico MP, investigadores de la Divisi\u00f3n Especializada en Investigaci\u00f3n Criminal -DEIC- y Polic\u00eda Nacional Civil, se precentaron a la Comunidad de Santa Rosalia M\u00e1rmol Rio Hondo Zacapa, para procesar la escena y levantar los cuerpos de Dos comunitarios que Murieron tras enfrentarse a balazos con las fueras policiales que con orden de juez llegaron a desalojar a los comunitarios que ocupan la Hidroel\u00e9ctrica PasaBien<\/p><div class=\"elmet-contenido\" id=\"elmet-1615594152\"><div class=\"elmet-adlabel\">Anuncios<\/div><div style=\"margin-top: 20px;margin-right: 20px;margin-bottom: 20px;margin-left: 20px;\" id=\"elmet-1795322639\"><a href=\"https:\/\/www.facebook.com\/arrincuanantigua\/\" aria-label=\"cintillo-arrin-cual\"><img loading=\"lazy\" decoding=\"async\" src=\"https:\/\/elmetropolitano.com.gt\/es\/wp-content\/uploads\/2021\/11\/cintillo-arrin-cual-1.jpg\" alt=\"\"  srcset=\"https:\/\/elmetropolitano.com.gt\/es\/wp-content\/uploads\/2021\/11\/cintillo-arrin-cual-1.jpg 750w, https:\/\/elmetropolitano.com.gt\/es\/wp-content\/uploads\/2021\/11\/cintillo-arrin-cual-1-300x36.jpg 300w, https:\/\/elmetropolitano.com.gt\/es\/wp-content\/uploads\/2021\/11\/cintillo-arrin-cual-1-600x72.jpg 600w\" sizes=\"(max-width: 750px) 100vw, 750px\" width=\"750\" height=\"90\"   \/><\/a><\/div><\/div>\n\n\n\n<p>La tardanza fue debido que los comunitarios ten\u00edan barricadas y hasta la noche del martes liberaron el paso tras el di\u00e1logo y as\u00ed tambi\u00e9n pudieron salir del \u00e1rea m\u00e1s de 189 agentes que por orden de juez llegaron con fiscales del MP a efectuar el desalojo<\/p>\n\n\n\n<p>En este hecho tambi\u00e9n muri\u00f3 el agente de las fuerzas especial Eric Sacul Xuc originario de San Pedro Carcha Alta Verapaz<\/p>\n\n\n\n<p>Nadie hubiera fallecido si se hubiera dado un di\u00e1logo con los campesinos que defienden su tierra, que fue adquirida por inversiones Pasabien de \u00abforma an\u00f3mala\u00bb seg\u00fan denuncia el gobierno municipal de Rio Hondo que dirige Oscar Martha.<\/p>\n\n\n\n<p><a href=\"https:\/\/www.facebook.com\/hashtag\/hidroelectricapasabien?__eep__=6&amp;__cft__[0]=AZUDN3K8VaXBIpvbJXQ-qhcDCQGVP2EKr-hwQf6x4E48FCVm8X_zdUU7fgQT4ZZ7PKdnJX58InAvwnweAx53fAwX3KxCdjCyZq6PXRTN4UpK2QTrJUJQtmZSzsnZdN7hbWfuJH8gO-uOZ5_l0GxxzgcP8bDQcqNL63SJMwqqFxix6j-AxLk7793BoRt5uj9YlOQ&amp;__tn__=*NK-R\">#hidroelectricapasabien<\/a><a href=\"https:\/\/www.facebook.com\/hashtag\/riohondo?__eep__=6&amp;__cft__[0]=AZUDN3K8VaXBIpvbJXQ-qhcDCQGVP2EKr-hwQf6x4E48FCVm8X_zdUU7fgQT4ZZ7PKdnJX58InAvwnweAx53fAwX3KxCdjCyZq6PXRTN4UpK2QTrJUJQtmZSzsnZdN7hbWfuJH8gO-uOZ5_l0GxxzgcP8bDQcqNL63SJMwqqFxix6j-AxLk7793BoRt5uj9YlOQ&amp;__tn__=*NK-R\">#RioHondo<\/a><\/p>\n\n\n\n<p><a href=\"https:\/\/www.facebook.com\/hashtag\/metroredes?__eep__=6&amp;__cft__[0]=AZUDN3K8VaXBIpvbJXQ-qhcDCQGVP2EKr-hwQf6x4E48FCVm8X_zdUU7fgQT4ZZ7PKdnJX58InAvwnweAx53fAwX3KxCdjCyZq6PXRTN4UpK2QTrJUJQtmZSzsnZdN7hbWfuJH8gO-uOZ5_l0GxxzgcP8bDQcqNL63SJMwqqFxix6j-AxLk7793BoRt5uj9YlOQ&amp;__tn__=*NK-R\">#metroredes<\/a><a href=\"https:\/\/www.facebook.com\/hashtag\/pncdeguatemala?__eep__=6&amp;__cft__[0]=AZUDN3K8VaXBIpvbJXQ-qhcDCQGVP2EKr-hwQf6x4E48FCVm8X_zdUU7fgQT4ZZ7PKdnJX58InAvwnweAx53fAwX3KxCdjCyZq6PXRTN4UpK2QTrJUJQtmZSzsnZdN7hbWfuJH8gO-uOZ5_l0GxxzgcP8bDQcqNL63SJMwqqFxix6j-AxLk7793BoRt5uj9YlOQ&amp;__tn__=*NK-R\">#PNCdeGuatemala<\/a><a href=\"https:\/\/www.facebook.com\/hashtag\/mpfuerteyfirme?__eep__=6&amp;__cft__[0]=AZUDN3K8VaXBIpvbJXQ-qhcDCQGVP2EKr-hwQf6x4E48FCVm8X_zdUU7fgQT4ZZ7PKdnJX58InAvwnweAx53fAwX3KxCdjCyZq6PXRTN4UpK2QTrJUJQtmZSzsnZdN7hbWfuJH8gO-uOZ5_l0GxxzgcP8bDQcqNL63SJMwqqFxix6j-AxLk7793BoRt5uj9YlOQ&amp;__tn__=*NK-R\">#MPfuerteYfirme<\/a><\/p>\n","protected":false},"excerpt":{"rendered":"<p>Ayer fueron levantados los cad\u00e1veres de los comunitarios Hanswer Adolfo G\u00f3mez Marroqu\u00edn de 22 a\u00f1os y su padrastro Aber Hern\u00e1ndez Ram\u00edrez de 49 quienes fueron asesinados durante un confuso enfrentamiento con las fuerzas Especiales de la Polic\u00eda Nacional Civil PNC en la finca de la Hidroel\u00e9ctrica Pasabien en Rio Hindo Zacapa. Fue hasta la ma\u00f1ana <a class=\"read-more\" href=\"https:\/\/elmetropolitano.com.gt\/es\/ayer-fueron-levantados-los-cadaveres-de-vecinos-de-gualan-que-por-defender-sus-tierras-fueron-asesinados-en-enfrentamiento-con-pnc\/\">Leer m\u00e1s<\/a><\/p>\n","protected":false},"author":1,"featured_media":108284,"comment_status":"open","ping_status":"closed","sticky":false,"template":"","format":"standard","meta":{"footnotes":""},"categories":[4],"tags":[13],"class_list":["post-108283","post","type-post","status-publish","format-standard","has-post-thumbnail","hentry","category-departamentales","tag-departamentales"],"_links":{"self":[{"href":"https:\/\/elmetropolitano.com.gt\/es\/wp-json\/wp\/v2\/posts\/108283","targetHints":{"allow":["GET"]}}],"collection":[{"href":"https:\/\/elmetropolitano.com.gt\/es\/wp-json\/wp\/v2\/posts"}],"about":[{"href":"https:\/\/elmetropolitano.com.gt\/es\/wp-json\/wp\/v2\/types\/post"}],"author":[{"embeddable":true,"href":"https:\/\/elmetropolitano.com.gt\/es\/wp-json\/wp\/v2\/users\/1"}],"replies":[{"embeddable":true,"href":"https:\/\/elmetropolitano.com.gt\/es\/wp-json\/wp\/v2\/comments?post=108283"}],"version-history":[{"count":1,"href":"https:\/\/elmetropolitano.com.gt\/es\/wp-json\/wp\/v2\/posts\/108283\/revisions"}],"predecessor-version":[{"id":108285,"href":"https:\/\/elmetropolitano.com.gt\/es\/wp-json\/wp\/v2\/posts\/108283\/revisions\/108285"}],"wp:featuredmedia":[{"embeddable":true,"href":"https:\/\/elmetropolitano.com.gt\/es\/wp-json\/wp\/v2\/media\/108284"}],"wp:attachment":[{"href":"https:\/\/elmetropolitano.com.gt\/es\/wp-json\/wp\/v2\/media?parent=108283"}],"wp:term":[{"taxonomy":"category","embeddable":true,"href":"https:\/\/elmetropolitano.com.gt\/es\/wp-json\/wp\/v2\/categories?post=108283"},{"taxonomy":"post_tag","embeddable":true,"href":"https:\/\/elmetropolitano.com.gt\/es\/wp-json\/wp\/v2\/tags?post=108283"}],"curies":[{"name":"wp","href":"https:\/\/api.w.org\/{rel}","templated":true}]}}