{"id":108430,"date":"2025-08-02T15:17:51","date_gmt":"2025-08-02T21:17:51","guid":{"rendered":"https:\/\/elmetropolitano.com.gt\/es\/?p=108430"},"modified":"2025-08-02T15:17:52","modified_gmt":"2025-08-02T21:17:52","slug":"tragedia-en-ruta-de-la-vega-al-cerinal","status":"publish","type":"post","link":"https:\/\/elmetropolitano.com.gt\/es\/tragedia-en-ruta-de-la-vega-al-cerinal\/","title":{"rendered":"Tragedia en ruta de la Vega al Cerinal"},"content":{"rendered":"\n<p><a><\/a>Un veh\u00edculo liviano tipo Jeep colision\u00f3 frontalmente contra un bus extraurbano en el kil\u00f3metro 44, ruta de la Vega al cero al, Santa Rosa con saldo fatal un padre fallecido dos heridos, su hijo y hermano.<\/p>\n\n\n\n<p>La v\u00edctima fue identificada como C\u00e9sar Mart\u00edn Escobar Arreaga, de 48 a\u00f1os, quien muri\u00f3 en el lugar. Junto a \u00e9l, dos acompa\u00f1antes: su hijo, Benjam\u00edn Escobar Mor\u00e1n, de 20 a\u00f1os, y el hermano del fallecido, Wilson Abraham Ca\u00f1as Car\u00edas, de 29.<\/p><div class=\"elmet-contenido\" id=\"elmet-569528057\"><div class=\"elmet-adlabel\">Anuncios<\/div><div style=\"margin-top: 20px;margin-right: 20px;margin-bottom: 20px;margin-left: 20px;\" id=\"elmet-4260996901\"><a href=\"https:\/\/www.facebook.com\/arrincuanantigua\/\" aria-label=\"cintillo-arrin-cual\"><img loading=\"lazy\" decoding=\"async\" src=\"https:\/\/elmetropolitano.com.gt\/es\/wp-content\/uploads\/2021\/11\/cintillo-arrin-cual-1.jpg\" alt=\"\"  srcset=\"https:\/\/elmetropolitano.com.gt\/es\/wp-content\/uploads\/2021\/11\/cintillo-arrin-cual-1.jpg 750w, https:\/\/elmetropolitano.com.gt\/es\/wp-content\/uploads\/2021\/11\/cintillo-arrin-cual-1-300x36.jpg 300w, https:\/\/elmetropolitano.com.gt\/es\/wp-content\/uploads\/2021\/11\/cintillo-arrin-cual-1-600x72.jpg 600w\" sizes=\"(max-width: 750px) 100vw, 750px\" width=\"750\" height=\"90\"   \/><\/a><\/div><\/div>\n\n\n\n<p>Ambos fueron trasladados al Hospital Nacional de Cuilapa Santa Rosa por los bomberos en estado delicado<\/p>\n\n\n\n<p>En el bus, decenas de pasajeros vivieron momentos de caos. Varias personas requirieron asistencia m\u00e9dica por crisis nerviosa, aunque no se reportaron heridas f\u00edsicas de consideraci\u00f3n.<\/p>\n\n\n\n<p>\u00bfQu\u00e9 Pas\u00f3?<\/p>\n\n\n\n<p>Testigos coinciden: el veh\u00edculo Jeep intent\u00f3 rebasar en una zona de alta peligrosidad, sin visibilidad clara y la maniobra termin\u00f3 en tragedia, mientras el bus no tuvo oportunidad de esquivarlo.<\/p>\n\n\n\n<p><a href=\"https:\/\/www.facebook.com\/hashtag\/percansevial?__eep__=6&amp;__cft__[0]=AZV2IJDZ4rbMJFyCr2SPU8xS4SHlzgIHoOnwghndsoLWhOuLjY8VMir6nvDZbNBb6O9N89loWMCtCbiNaX7LLkfoaWCk_KCCBEfxUO2CaKB9xxTirO6qwr2MLP7omHxvPm3wVJIIIILmhSWljCqE_eZ6wH_9_3c03lRr44xNEQD6gby2i9GHVxA5Pf3O9vWgN18&amp;__tn__=*NK-R\">#percansevial<\/a><a href=\"https:\/\/www.facebook.com\/hashtag\/elcerinal?__eep__=6&amp;__cft__[0]=AZV2IJDZ4rbMJFyCr2SPU8xS4SHlzgIHoOnwghndsoLWhOuLjY8VMir6nvDZbNBb6O9N89loWMCtCbiNaX7LLkfoaWCk_KCCBEfxUO2CaKB9xxTirO6qwr2MLP7omHxvPm3wVJIIIILmhSWljCqE_eZ6wH_9_3c03lRr44xNEQD6gby2i9GHVxA5Pf3O9vWgN18&amp;__tn__=*NK-R\">#ElCerinal<\/a><\/p>\n\n\n\n<figure class=\"wp-block-gallery has-nested-images columns-default is-cropped wp-block-gallery-1 is-layout-flex wp-block-gallery-is-layout-flex\">\n<figure class=\"wp-block-image size-large\"><img loading=\"lazy\" decoding=\"async\" width=\"1024\" height=\"682\" data-id=\"108432\" src=\"https:\/\/elmetropolitano.com.gt\/es\/wp-content\/uploads\/2025\/08\/515496345_1288653996594014_8486781934555251057_n-1024x682.jpg\" alt=\"\" class=\"wp-image-108432\" srcset=\"https:\/\/elmetropolitano.com.gt\/es\/wp-content\/uploads\/2025\/08\/515496345_1288653996594014_8486781934555251057_n-1024x682.jpg 1024w, https:\/\/elmetropolitano.com.gt\/es\/wp-content\/uploads\/2025\/08\/515496345_1288653996594014_8486781934555251057_n-300x200.jpg 300w, https:\/\/elmetropolitano.com.gt\/es\/wp-content\/uploads\/2025\/08\/515496345_1288653996594014_8486781934555251057_n-768x512.jpg 768w, https:\/\/elmetropolitano.com.gt\/es\/wp-content\/uploads\/2025\/08\/515496345_1288653996594014_8486781934555251057_n.jpg 1280w\" sizes=\"auto, (max-width: 1024px) 100vw, 1024px\" \/><\/figure>\n\n\n\n<figure class=\"wp-block-image size-large\"><img loading=\"lazy\" decoding=\"async\" width=\"1024\" height=\"682\" data-id=\"108434\" src=\"https:\/\/elmetropolitano.com.gt\/es\/wp-content\/uploads\/2025\/08\/525689115_1288653963260684_6574502896166981991_n-1-1024x682.jpg\" alt=\"\" class=\"wp-image-108434\" srcset=\"https:\/\/elmetropolitano.com.gt\/es\/wp-content\/uploads\/2025\/08\/525689115_1288653963260684_6574502896166981991_n-1-1024x682.jpg 1024w, https:\/\/elmetropolitano.com.gt\/es\/wp-content\/uploads\/2025\/08\/525689115_1288653963260684_6574502896166981991_n-1-300x200.jpg 300w, https:\/\/elmetropolitano.com.gt\/es\/wp-content\/uploads\/2025\/08\/525689115_1288653963260684_6574502896166981991_n-1-768x512.jpg 768w, https:\/\/elmetropolitano.com.gt\/es\/wp-content\/uploads\/2025\/08\/525689115_1288653963260684_6574502896166981991_n-1.jpg 1280w\" sizes=\"auto, (max-width: 1024px) 100vw, 1024px\" \/><\/figure>\n\n\n\n<figure class=\"wp-block-image size-large\"><img loading=\"lazy\" decoding=\"async\" width=\"1024\" height=\"682\" data-id=\"108433\" src=\"https:\/\/elmetropolitano.com.gt\/es\/wp-content\/uploads\/2025\/08\/525739196_1288654003260680_1327297089256448816_n-1024x682.jpg\" alt=\"\" class=\"wp-image-108433\" srcset=\"https:\/\/elmetropolitano.com.gt\/es\/wp-content\/uploads\/2025\/08\/525739196_1288654003260680_1327297089256448816_n-1024x682.jpg 1024w, https:\/\/elmetropolitano.com.gt\/es\/wp-content\/uploads\/2025\/08\/525739196_1288654003260680_1327297089256448816_n-300x200.jpg 300w, https:\/\/elmetropolitano.com.gt\/es\/wp-content\/uploads\/2025\/08\/525739196_1288654003260680_1327297089256448816_n-768x512.jpg 768w, https:\/\/elmetropolitano.com.gt\/es\/wp-content\/uploads\/2025\/08\/525739196_1288654003260680_1327297089256448816_n.jpg 1280w\" sizes=\"auto, (max-width: 1024px) 100vw, 1024px\" \/><\/figure>\n\n\n\n<figure class=\"wp-block-image size-large\"><img loading=\"lazy\" decoding=\"async\" width=\"1024\" height=\"682\" data-id=\"108435\" src=\"https:\/\/elmetropolitano.com.gt\/es\/wp-content\/uploads\/2025\/08\/526989243_1288653956594018_2397992606938852263_n-1024x682.jpg\" alt=\"\" class=\"wp-image-108435\" srcset=\"https:\/\/elmetropolitano.com.gt\/es\/wp-content\/uploads\/2025\/08\/526989243_1288653956594018_2397992606938852263_n-1024x682.jpg 1024w, https:\/\/elmetropolitano.com.gt\/es\/wp-content\/uploads\/2025\/08\/526989243_1288653956594018_2397992606938852263_n-300x200.jpg 300w, https:\/\/elmetropolitano.com.gt\/es\/wp-content\/uploads\/2025\/08\/526989243_1288653956594018_2397992606938852263_n-768x512.jpg 768w, https:\/\/elmetropolitano.com.gt\/es\/wp-content\/uploads\/2025\/08\/526989243_1288653956594018_2397992606938852263_n.jpg 1280w\" sizes=\"auto, (max-width: 1024px) 100vw, 1024px\" \/><\/figure>\n<\/figure>\n","protected":false},"excerpt":{"rendered":"<p>Un veh\u00edculo liviano tipo Jeep colision\u00f3 frontalmente contra un bus extraurbano en el kil\u00f3metro 44, ruta de la Vega al cero al, Santa Rosa con saldo fatal un padre fallecido dos heridos, su hijo y hermano. La v\u00edctima fue identificada como C\u00e9sar Mart\u00edn Escobar Arreaga, de 48 a\u00f1os, quien muri\u00f3 en el lugar. Junto a <a class=\"read-more\" href=\"https:\/\/elmetropolitano.com.gt\/es\/tragedia-en-ruta-de-la-vega-al-cerinal\/\">Leer m\u00e1s<\/a><\/p>\n","protected":false},"author":1,"featured_media":108431,"comment_status":"open","ping_status":"closed","sticky":false,"template":"","format":"standard","meta":{"footnotes":""},"categories":[4],"tags":[13],"class_list":["post-108430","post","type-post","status-publish","format-standard","has-post-thumbnail","hentry","category-departamentales","tag-departamentales"],"_links":{"self":[{"href":"https:\/\/elmetropolitano.com.gt\/es\/wp-json\/wp\/v2\/posts\/108430","targetHints":{"allow":["GET"]}}],"collection":[{"href":"https:\/\/elmetropolitano.com.gt\/es\/wp-json\/wp\/v2\/posts"}],"about":[{"href":"https:\/\/elmetropolitano.com.gt\/es\/wp-json\/wp\/v2\/types\/post"}],"author":[{"embeddable":true,"href":"https:\/\/elmetropolitano.com.gt\/es\/wp-json\/wp\/v2\/users\/1"}],"replies":[{"embeddable":true,"href":"https:\/\/elmetropolitano.com.gt\/es\/wp-json\/wp\/v2\/comments?post=108430"}],"version-history":[{"count":1,"href":"https:\/\/elmetropolitano.com.gt\/es\/wp-json\/wp\/v2\/posts\/108430\/revisions"}],"predecessor-version":[{"id":108436,"href":"https:\/\/elmetropolitano.com.gt\/es\/wp-json\/wp\/v2\/posts\/108430\/revisions\/108436"}],"wp:featuredmedia":[{"embeddable":true,"href":"https:\/\/elmetropolitano.com.gt\/es\/wp-json\/wp\/v2\/media\/108431"}],"wp:attachment":[{"href":"https:\/\/elmetropolitano.com.gt\/es\/wp-json\/wp\/v2\/media?parent=108430"}],"wp:term":[{"taxonomy":"category","embeddable":true,"href":"https:\/\/elmetropolitano.com.gt\/es\/wp-json\/wp\/v2\/categories?post=108430"},{"taxonomy":"post_tag","embeddable":true,"href":"https:\/\/elmetropolitano.com.gt\/es\/wp-json\/wp\/v2\/tags?post=108430"}],"curies":[{"name":"wp","href":"https:\/\/api.w.org\/{rel}","templated":true}]}}