{"id":108508,"date":"2025-08-04T12:08:10","date_gmt":"2025-08-04T18:08:10","guid":{"rendered":"https:\/\/elmetropolitano.com.gt\/es\/?p=108508"},"modified":"2025-08-04T12:08:11","modified_gmt":"2025-08-04T18:08:11","slug":"autoridades-de-solola-analizan-avances-y-desafios-de-proyectos-clave-para-el-desarrollo-territorial","status":"publish","type":"post","link":"https:\/\/elmetropolitano.com.gt\/es\/autoridades-de-solola-analizan-avances-y-desafios-de-proyectos-clave-para-el-desarrollo-territorial\/","title":{"rendered":"Autoridades de Solol\u00e1 analizan avances y desaf\u00edos de proyectos clave para el desarrollo territorial"},"content":{"rendered":"\n<p>En el sal\u00f3n de usos m\u00faltiples de la Gobernaci\u00f3n Departamental de Solol\u00e1 se llev\u00f3 a cabo la reuni\u00f3n ordinaria de la Unidad T\u00e9cnica Departamental (UTD), presidida por el gobernador departamental, Licenciado Edgar Tuy, con la participaci\u00f3n de instituciones claves del desarrollo local.<\/p>\n\n\n\n<p>Durante la jornada se discutieron temas estrat\u00e9gicos para la planificaci\u00f3n territorial, con \u00e9nfasis en el seguimiento t\u00e9cnico a los proyectos de inversi\u00f3n p\u00fablica y el fortalecimiento de la coordinaci\u00f3n interinstitucional.<\/p><div class=\"elmet-contenido\" id=\"elmet-3855860897\"><div class=\"elmet-adlabel\">Anuncios<\/div><div style=\"margin-top: 20px;margin-right: 20px;margin-bottom: 20px;margin-left: 20px;\" id=\"elmet-2850286974\"><a href=\"https:\/\/www.facebook.com\/arrincuanantigua\/\" aria-label=\"cintillo-arrin-cual\"><img loading=\"lazy\" decoding=\"async\" src=\"https:\/\/elmetropolitano.com.gt\/es\/wp-content\/uploads\/2021\/11\/cintillo-arrin-cual-1.jpg\" alt=\"\"  srcset=\"https:\/\/elmetropolitano.com.gt\/es\/wp-content\/uploads\/2021\/11\/cintillo-arrin-cual-1.jpg 750w, https:\/\/elmetropolitano.com.gt\/es\/wp-content\/uploads\/2021\/11\/cintillo-arrin-cual-1-300x36.jpg 300w, https:\/\/elmetropolitano.com.gt\/es\/wp-content\/uploads\/2021\/11\/cintillo-arrin-cual-1-600x72.jpg 600w\" sizes=\"(max-width: 750px) 100vw, 750px\" width=\"750\" height=\"90\"   \/><\/a><\/div><\/div>\n\n\n\n<p>Entre los puntos abordados destacan:<\/p>\n\n\n\n<p>Presentaci\u00f3n de avances de proyectos ordinarios y extraordinarios 2025.<\/p>\n\n\n\n<p>Informe de reuni\u00f3n con alcaldes, instituciones y sociedad civil sobre proyectos de agua.<\/p>\n\n\n\n<p>An\u00e1lisis del marco legal y lecciones aprendidas en la implementaci\u00f3n del Sistema de Consejos de Desarrollo.<\/p>\n\n\n\n<p>Revisi\u00f3n del punto resolutivo 06-2025.<\/p>\n\n\n\n<p>Compromiso con la eficiencia, la transparencia y el desarrollo sostenible<\/p>\n\n\n\n<p>El encuentro cont\u00f3 con la participaci\u00f3n de representantes de Secretar\u00eda General de Planificaci\u00f3n y Programaci\u00f3n (Segeplan), AMSCLAE, miembros del Consejo Departamental de Desarrollo (Codede), y delegados de otras instituciones que integran la UTD.<\/p>\n\n\n\n<p>Este tipo de espacios permiten evaluar el desempe\u00f1o t\u00e9cnico, resolver cuellos de botella administrativos y asegurar que la ejecuci\u00f3n de proyectos responda a las verdaderas prioridades del departamento.<\/p>\n\n\n\n<p>El trabajo articulado entre instituciones es clave para avanzar con eficacia en la mejora de la infraestructura, servicios b\u00e1sicos y calidad de vida de las comunidades sololatecas.<\/p>\n\n\n\n<p>Reuni\u00f3n del Codede<\/p>\n\n\n\n<p>Aparte, se inform\u00f3 de la reciente reuni\u00f3n del Codede, con la participaci\u00f3n de representantes municipales, sociedad civil e instituciones gubernamentales.<\/p>\n\n\n\n<p>La sesi\u00f3n fue presidida por el gobernador, quien dio la bienvenida a los asistentes y reafirm\u00f3 el compromiso del gobierno central con la ejecuci\u00f3n de proyectos que respondan a las verdaderas prioridades del departamento.<\/p>\n\n\n\n<p>Durante la jornada se abordaron temas clave para el avance y la articulaci\u00f3n institucional en torno a la inversi\u00f3n p\u00fablica, entre ellos:<\/p>\n\n\n\n<p>Avances de proyectos ordinarios y extraordinarios 2025.<\/p>\n\n\n\n<p>Funcionamiento y expansi\u00f3n de comedores sociales a cargo del Ministerio de Desarrollo Social (Mides).<\/p>\n\n\n\n<p>Proceso de fortalecimiento para las Direcciones Municipales de Planificaci\u00f3n (DMP) y organizaciones de la sociedad civil, liderado por el Instituto Nacional de Administraci\u00f3n P\u00fablica (INAP).<\/p>\n\n\n\n<p>La reuni\u00f3n permiti\u00f3 conocer avances, identificar desaf\u00edos y fomentar una gobernanza participativa y t\u00e9cnica, orientada al desarrollo sostenible.<\/p>\n\n\n\n<p>#Solol\u00e1&nbsp; #desarrollo #metroredes&nbsp; <a href=\"http:\/\/www.elmetropolitano.com.gt\">www.elmetropolitano.com.gt<\/a>&nbsp; <a href=\"http:\/\/www.metroredes.com\">www.metroredes.com<\/a>&nbsp; <a href=\"http:\/\/www.elescuintleco.com\">www.elescuintleco.com<\/a><\/p>\n\n\n\n<figure class=\"wp-block-gallery has-nested-images columns-default is-cropped wp-block-gallery-1 is-layout-flex wp-block-gallery-is-layout-flex\">\n<figure class=\"wp-block-image size-large\"><img loading=\"lazy\" decoding=\"async\" width=\"1024\" height=\"466\" data-id=\"108510\" src=\"https:\/\/elmetropolitano.com.gt\/es\/wp-content\/uploads\/2025\/08\/515506257_122190661178323838_3978789943220496148_n-1140x570-2-1024x466.jpg\" alt=\"\" class=\"wp-image-108510\" srcset=\"https:\/\/elmetropolitano.com.gt\/es\/wp-content\/uploads\/2025\/08\/515506257_122190661178323838_3978789943220496148_n-1140x570-2-1024x466.jpg 1024w, https:\/\/elmetropolitano.com.gt\/es\/wp-content\/uploads\/2025\/08\/515506257_122190661178323838_3978789943220496148_n-1140x570-2-300x137.jpg 300w, https:\/\/elmetropolitano.com.gt\/es\/wp-content\/uploads\/2025\/08\/515506257_122190661178323838_3978789943220496148_n-1140x570-2-768x350.jpg 768w, https:\/\/elmetropolitano.com.gt\/es\/wp-content\/uploads\/2025\/08\/515506257_122190661178323838_3978789943220496148_n-1140x570-2.jpg 1140w\" sizes=\"auto, (max-width: 1024px) 100vw, 1024px\" \/><\/figure>\n\n\n\n<figure class=\"wp-block-image size-large\"><img loading=\"lazy\" decoding=\"async\" width=\"1024\" height=\"501\" data-id=\"108511\" src=\"https:\/\/elmetropolitano.com.gt\/es\/wp-content\/uploads\/2025\/08\/520836111_122190661094323838_8755060494840588954_n-1-1140x641-1-1024x501.jpg\" alt=\"\" class=\"wp-image-108511\" srcset=\"https:\/\/elmetropolitano.com.gt\/es\/wp-content\/uploads\/2025\/08\/520836111_122190661094323838_8755060494840588954_n-1-1140x641-1-1024x501.jpg 1024w, https:\/\/elmetropolitano.com.gt\/es\/wp-content\/uploads\/2025\/08\/520836111_122190661094323838_8755060494840588954_n-1-1140x641-1-300x147.jpg 300w, https:\/\/elmetropolitano.com.gt\/es\/wp-content\/uploads\/2025\/08\/520836111_122190661094323838_8755060494840588954_n-1-1140x641-1-768x376.jpg 768w, https:\/\/elmetropolitano.com.gt\/es\/wp-content\/uploads\/2025\/08\/520836111_122190661094323838_8755060494840588954_n-1-1140x641-1.jpg 1140w\" sizes=\"auto, (max-width: 1024px) 100vw, 1024px\" \/><\/figure>\n<\/figure>\n","protected":false},"excerpt":{"rendered":"<p>En el sal\u00f3n de usos m\u00faltiples de la Gobernaci\u00f3n Departamental de Solol\u00e1 se llev\u00f3 a cabo la reuni\u00f3n ordinaria de la Unidad T\u00e9cnica Departamental (UTD), presidida por el gobernador departamental, Licenciado Edgar Tuy, con la participaci\u00f3n de instituciones claves del desarrollo local. Durante la jornada se discutieron temas estrat\u00e9gicos para la planificaci\u00f3n territorial, con \u00e9nfasis <a class=\"read-more\" href=\"https:\/\/elmetropolitano.com.gt\/es\/autoridades-de-solola-analizan-avances-y-desafios-de-proyectos-clave-para-el-desarrollo-territorial\/\">Leer m\u00e1s<\/a><\/p>\n","protected":false},"author":1,"featured_media":108509,"comment_status":"open","ping_status":"closed","sticky":false,"template":"","format":"standard","meta":{"footnotes":""},"categories":[4],"tags":[13],"class_list":["post-108508","post","type-post","status-publish","format-standard","has-post-thumbnail","hentry","category-departamentales","tag-departamentales"],"_links":{"self":[{"href":"https:\/\/elmetropolitano.com.gt\/es\/wp-json\/wp\/v2\/posts\/108508","targetHints":{"allow":["GET"]}}],"collection":[{"href":"https:\/\/elmetropolitano.com.gt\/es\/wp-json\/wp\/v2\/posts"}],"about":[{"href":"https:\/\/elmetropolitano.com.gt\/es\/wp-json\/wp\/v2\/types\/post"}],"author":[{"embeddable":true,"href":"https:\/\/elmetropolitano.com.gt\/es\/wp-json\/wp\/v2\/users\/1"}],"replies":[{"embeddable":true,"href":"https:\/\/elmetropolitano.com.gt\/es\/wp-json\/wp\/v2\/comments?post=108508"}],"version-history":[{"count":1,"href":"https:\/\/elmetropolitano.com.gt\/es\/wp-json\/wp\/v2\/posts\/108508\/revisions"}],"predecessor-version":[{"id":108512,"href":"https:\/\/elmetropolitano.com.gt\/es\/wp-json\/wp\/v2\/posts\/108508\/revisions\/108512"}],"wp:featuredmedia":[{"embeddable":true,"href":"https:\/\/elmetropolitano.com.gt\/es\/wp-json\/wp\/v2\/media\/108509"}],"wp:attachment":[{"href":"https:\/\/elmetropolitano.com.gt\/es\/wp-json\/wp\/v2\/media?parent=108508"}],"wp:term":[{"taxonomy":"category","embeddable":true,"href":"https:\/\/elmetropolitano.com.gt\/es\/wp-json\/wp\/v2\/categories?post=108508"},{"taxonomy":"post_tag","embeddable":true,"href":"https:\/\/elmetropolitano.com.gt\/es\/wp-json\/wp\/v2\/tags?post=108508"}],"curies":[{"name":"wp","href":"https:\/\/api.w.org\/{rel}","templated":true}]}}