{"id":108516,"date":"2025-08-04T12:32:01","date_gmt":"2025-08-04T18:32:01","guid":{"rendered":"https:\/\/elmetropolitano.com.gt\/es\/?p=108516"},"modified":"2025-08-04T12:32:03","modified_gmt":"2025-08-04T18:32:03","slug":"maestros-ya-no-son-gratos-en-san-marcos-por-irresponsables-y-sin-vocacion","status":"publish","type":"post","link":"https:\/\/elmetropolitano.com.gt\/es\/maestros-ya-no-son-gratos-en-san-marcos-por-irresponsables-y-sin-vocacion\/","title":{"rendered":"Maestros ya no son gratos en San Marcos por irresponsables y sin vocaci\u00f3n"},"content":{"rendered":"\n<p>Por haberse retirado de sus aulas y dejar a los alumnos&nbsp; por m\u00e1s de dos meses sin clases, padres de familia de la aldea El Sitio, Santa Catarina, San Marcos, tomaron las instalaciones de centros educativos p\u00fablicos y declararon non gratos a los profesores por irresponsables y por apoyar al a deteriorado l\u00edder sindican Joviel Acevedo.<\/p>\n\n\n\n<p>Con consignas como \u201cno m\u00e1s abusos, desinformaci\u00f3n y abandono, queremos educaci\u00f3n digna para nuestros ni\u00f1as y ni\u00f1os\u201d. Los padres de familia colocaron pancartas en la entrada de la escuela del lugar para no dejar entrar a los maestros que irresponsablemente se fueron al parque central por m\u00e1s de dos meses dejando abandonados a los estudiantes del sector.<\/p><div class=\"elmet-contenido\" id=\"elmet-2032575225\"><div class=\"elmet-adlabel\">Anuncios<\/div><div style=\"margin-top: 20px;margin-right: 20px;margin-bottom: 20px;margin-left: 20px;\" id=\"elmet-1493025457\"><a href=\"https:\/\/www.facebook.com\/arrincuanantigua\/\" aria-label=\"cintillo-arrin-cual\"><img loading=\"lazy\" decoding=\"async\" src=\"https:\/\/elmetropolitano.com.gt\/es\/wp-content\/uploads\/2021\/11\/cintillo-arrin-cual-1.jpg\" alt=\"\"  srcset=\"https:\/\/elmetropolitano.com.gt\/es\/wp-content\/uploads\/2021\/11\/cintillo-arrin-cual-1.jpg 750w, https:\/\/elmetropolitano.com.gt\/es\/wp-content\/uploads\/2021\/11\/cintillo-arrin-cual-1-300x36.jpg 300w, https:\/\/elmetropolitano.com.gt\/es\/wp-content\/uploads\/2021\/11\/cintillo-arrin-cual-1-600x72.jpg 600w\" sizes=\"(max-width: 750px) 100vw, 750px\" width=\"750\" height=\"90\"   \/><\/a><\/div><\/div>\n\n\n\n<p>Los padres &nbsp;de familia tomaron pac\u00edficamente la escuela de la comunidad para exigir la destituci\u00f3n inmediata de maestros ausentes por m\u00e1s de dos meses y que, seg\u00fan denuncian, responden a intereses del sindicato de Joviel Acevedo quien cada vez m\u00e1s ve como se derrumba su imperio que durante varios gobiernos sostuvo.<\/p>\n\n\n\n<p>La comunidad los declar\u00f3 non grato y demandaron al Mineduc la pronta asignaci\u00f3n de nuevos docentes con verdadera vocaci\u00f3n, adem\u00e1s de mejoras urgentes en la infraestructura educativa.<\/p>\n\n\n\n<p>#SanMarcos #Catarina #Educaci\u00f3nDigna #NoGratos #Mineduc #JovielAcevedo #metroredes&nbsp; <a href=\"http:\/\/www.elmetropolitano.com.gt\">www.elmetropolitano.com.gt<\/a>&nbsp; <a href=\"http:\/\/www.metroredes.com\">www.metroredes.com<\/a>&nbsp;<\/p>\n\n\n\n<figure class=\"wp-block-gallery has-nested-images columns-default is-cropped wp-block-gallery-1 is-layout-flex wp-block-gallery-is-layout-flex\">\n<figure class=\"wp-block-image size-large\"><img loading=\"lazy\" decoding=\"async\" width=\"1024\" height=\"676\" data-id=\"108519\" src=\"https:\/\/elmetropolitano.com.gt\/es\/wp-content\/uploads\/2025\/08\/GxhUIYfWcAA0j4b-1-1024x676.jpeg\" alt=\"\" class=\"wp-image-108519\" srcset=\"https:\/\/elmetropolitano.com.gt\/es\/wp-content\/uploads\/2025\/08\/GxhUIYfWcAA0j4b-1-1024x676.jpeg 1024w, https:\/\/elmetropolitano.com.gt\/es\/wp-content\/uploads\/2025\/08\/GxhUIYfWcAA0j4b-1-300x198.jpeg 300w, https:\/\/elmetropolitano.com.gt\/es\/wp-content\/uploads\/2025\/08\/GxhUIYfWcAA0j4b-1-768x507.jpeg 768w, https:\/\/elmetropolitano.com.gt\/es\/wp-content\/uploads\/2025\/08\/GxhUIYfWcAA0j4b-1.jpeg 1170w\" sizes=\"auto, (max-width: 1024px) 100vw, 1024px\" \/><\/figure>\n\n\n\n<figure class=\"wp-block-image size-large\"><img loading=\"lazy\" decoding=\"async\" width=\"1024\" height=\"686\" data-id=\"108520\" src=\"https:\/\/elmetropolitano.com.gt\/es\/wp-content\/uploads\/2025\/08\/GxhUIYgWUAA2HWc-1024x686.jpeg\" alt=\"\" class=\"wp-image-108520\" srcset=\"https:\/\/elmetropolitano.com.gt\/es\/wp-content\/uploads\/2025\/08\/GxhUIYgWUAA2HWc-1024x686.jpeg 1024w, https:\/\/elmetropolitano.com.gt\/es\/wp-content\/uploads\/2025\/08\/GxhUIYgWUAA2HWc-300x201.jpeg 300w, https:\/\/elmetropolitano.com.gt\/es\/wp-content\/uploads\/2025\/08\/GxhUIYgWUAA2HWc-768x515.jpeg 768w, https:\/\/elmetropolitano.com.gt\/es\/wp-content\/uploads\/2025\/08\/GxhUIYgWUAA2HWc.jpeg 1388w\" sizes=\"auto, (max-width: 1024px) 100vw, 1024px\" \/><\/figure>\n\n\n\n<figure class=\"wp-block-image size-large\"><img loading=\"lazy\" decoding=\"async\" width=\"593\" height=\"771\" data-id=\"108518\" src=\"https:\/\/elmetropolitano.com.gt\/es\/wp-content\/uploads\/2025\/08\/GxhUIYiXMAIy8hI.jpeg\" alt=\"\" class=\"wp-image-108518\" srcset=\"https:\/\/elmetropolitano.com.gt\/es\/wp-content\/uploads\/2025\/08\/GxhUIYiXMAIy8hI.jpeg 593w, https:\/\/elmetropolitano.com.gt\/es\/wp-content\/uploads\/2025\/08\/GxhUIYiXMAIy8hI-231x300.jpeg 231w\" sizes=\"auto, (max-width: 593px) 100vw, 593px\" \/><\/figure>\n\n\n\n<figure class=\"wp-block-image size-large\"><img loading=\"lazy\" decoding=\"async\" width=\"1024\" height=\"592\" data-id=\"108521\" src=\"https:\/\/elmetropolitano.com.gt\/es\/wp-content\/uploads\/2025\/08\/GxhUIYpXMAM7SSz-1024x592.jpeg\" alt=\"\" class=\"wp-image-108521\" srcset=\"https:\/\/elmetropolitano.com.gt\/es\/wp-content\/uploads\/2025\/08\/GxhUIYpXMAM7SSz-1024x592.jpeg 1024w, https:\/\/elmetropolitano.com.gt\/es\/wp-content\/uploads\/2025\/08\/GxhUIYpXMAM7SSz-300x174.jpeg 300w, https:\/\/elmetropolitano.com.gt\/es\/wp-content\/uploads\/2025\/08\/GxhUIYpXMAM7SSz-768x444.jpeg 768w, https:\/\/elmetropolitano.com.gt\/es\/wp-content\/uploads\/2025\/08\/GxhUIYpXMAM7SSz.jpeg 1435w\" sizes=\"auto, (max-width: 1024px) 100vw, 1024px\" \/><\/figure>\n<\/figure>\n","protected":false},"excerpt":{"rendered":"<p>Por haberse retirado de sus aulas y dejar a los alumnos&nbsp; por m\u00e1s de dos meses sin clases, padres de familia de la aldea El Sitio, Santa Catarina, San Marcos, tomaron las instalaciones de centros educativos p\u00fablicos y declararon non gratos a los profesores por irresponsables y por apoyar al a deteriorado l\u00edder sindican Joviel <a class=\"read-more\" href=\"https:\/\/elmetropolitano.com.gt\/es\/maestros-ya-no-son-gratos-en-san-marcos-por-irresponsables-y-sin-vocacion\/\">Leer m\u00e1s<\/a><\/p>\n","protected":false},"author":1,"featured_media":108517,"comment_status":"open","ping_status":"closed","sticky":false,"template":"","format":"standard","meta":{"footnotes":""},"categories":[4],"tags":[13],"class_list":["post-108516","post","type-post","status-publish","format-standard","has-post-thumbnail","hentry","category-departamentales","tag-departamentales"],"_links":{"self":[{"href":"https:\/\/elmetropolitano.com.gt\/es\/wp-json\/wp\/v2\/posts\/108516","targetHints":{"allow":["GET"]}}],"collection":[{"href":"https:\/\/elmetropolitano.com.gt\/es\/wp-json\/wp\/v2\/posts"}],"about":[{"href":"https:\/\/elmetropolitano.com.gt\/es\/wp-json\/wp\/v2\/types\/post"}],"author":[{"embeddable":true,"href":"https:\/\/elmetropolitano.com.gt\/es\/wp-json\/wp\/v2\/users\/1"}],"replies":[{"embeddable":true,"href":"https:\/\/elmetropolitano.com.gt\/es\/wp-json\/wp\/v2\/comments?post=108516"}],"version-history":[{"count":1,"href":"https:\/\/elmetropolitano.com.gt\/es\/wp-json\/wp\/v2\/posts\/108516\/revisions"}],"predecessor-version":[{"id":108522,"href":"https:\/\/elmetropolitano.com.gt\/es\/wp-json\/wp\/v2\/posts\/108516\/revisions\/108522"}],"wp:featuredmedia":[{"embeddable":true,"href":"https:\/\/elmetropolitano.com.gt\/es\/wp-json\/wp\/v2\/media\/108517"}],"wp:attachment":[{"href":"https:\/\/elmetropolitano.com.gt\/es\/wp-json\/wp\/v2\/media?parent=108516"}],"wp:term":[{"taxonomy":"category","embeddable":true,"href":"https:\/\/elmetropolitano.com.gt\/es\/wp-json\/wp\/v2\/categories?post=108516"},{"taxonomy":"post_tag","embeddable":true,"href":"https:\/\/elmetropolitano.com.gt\/es\/wp-json\/wp\/v2\/tags?post=108516"}],"curies":[{"name":"wp","href":"https:\/\/api.w.org\/{rel}","templated":true}]}}