{"id":108613,"date":"2025-08-05T18:51:58","date_gmt":"2025-08-06T00:51:58","guid":{"rendered":"https:\/\/elmetropolitano.com.gt\/es\/?p=108613"},"modified":"2025-08-05T18:51:58","modified_gmt":"2025-08-06T00:51:58","slug":"incautan-192-mil-quetzales-a-lideres-de-pandillas-que-planeaban-comprar-voluntades-en-renovacion-i","status":"publish","type":"post","link":"https:\/\/elmetropolitano.com.gt\/es\/incautan-192-mil-quetzales-a-lideres-de-pandillas-que-planeaban-comprar-voluntades-en-renovacion-i\/","title":{"rendered":"Incautan 192 mil quetzales a l\u00edderes de pandillas que planeaban comprar voluntades en Renovaci\u00f3n I"},"content":{"rendered":"\n<p>El Ministerio de Gobernaci\u00f3n, bajo la direcci\u00f3n de Francisco Jim\u00e9nez, report\u00f3 este lunes una contundente requisa en el centro carcelario Renovaci\u00f3n I, ubicado en el departamento de Escuintla. Seg\u00fan inform\u00f3 el funcionario a trav\u00e9s de su cuenta oficial en la red social X, la operaci\u00f3n form\u00f3 parte de un esfuerzo estructurado por debilitar las capacidades operativas de las pandillas que operan desde las c\u00e1rceles.<\/p>\n\n\n\n<p>Durante el operativo, se incautaron 192 mil quetzales, monto que, seg\u00fan las investigaciones, utilizar\u00edan los l\u00edderes pandilleros para sobornar custodios, ejercer control sobre otros privados de libertad y reorganizar estructuras criminales desde el interior del sistema penitenciario.<\/p><div class=\"elmet-contenido\" id=\"elmet-1281193223\"><div class=\"elmet-adlabel\">Anuncios<\/div><div style=\"margin-top: 20px;margin-right: 20px;margin-bottom: 20px;margin-left: 20px;\" id=\"elmet-2860888025\"><a href=\"https:\/\/www.facebook.com\/arrincuanantigua\/\" aria-label=\"cintillo-arrin-cual\"><img loading=\"lazy\" decoding=\"async\" src=\"https:\/\/elmetropolitano.com.gt\/es\/wp-content\/uploads\/2021\/11\/cintillo-arrin-cual-1.jpg\" alt=\"\"  srcset=\"https:\/\/elmetropolitano.com.gt\/es\/wp-content\/uploads\/2021\/11\/cintillo-arrin-cual-1.jpg 750w, https:\/\/elmetropolitano.com.gt\/es\/wp-content\/uploads\/2021\/11\/cintillo-arrin-cual-1-300x36.jpg 300w, https:\/\/elmetropolitano.com.gt\/es\/wp-content\/uploads\/2021\/11\/cintillo-arrin-cual-1-600x72.jpg 600w\" sizes=\"(max-width: 750px) 100vw, 750px\" width=\"750\" height=\"90\"   \/><\/a><\/div><\/div>\n\n\n\n<p>En su mensaje, el ministro destac\u00f3 que la acci\u00f3n fue cuidadosamente planeada.<\/p>\n\n\n\n<p>Jim\u00e9nez indic\u00f3:<\/p>\n\n\n\n<p>Sab\u00edamos que esto iba a ocurrir. Lo advertimos. No nos tom\u00f3 por sorpresa. Ellos s\u00ed fueron sorprendidos, especialmente alias \u2018El Diab\u00f3lico\u2019, l\u00edder m\u00e1ximo de la mara Salvatrucha (MS).<\/p>\n\n\n\n<p>Resalt\u00f3 que la incautaci\u00f3n fue el resultado de una estrategia coordinada durante semanas por los cuerpos de inteligencia del Ministerio de Gobernaci\u00f3n y la Polic\u00eda Nacional Civil (PNC).<\/p>\n\n\n\n<p>Adem\u00e1s, Jim\u00e9nez recalc\u00f3 que la operaci\u00f3n no fue una requisa ordinaria, sino un movimiento clave dentro de un plan m\u00e1s amplio para frenar el avance del crimen organizado desde los penales.<\/p>\n\n\n\n<p>Actuamos antes de que lo lograran. Esta definitivamente no fue una requisa cualquiera.<\/p>\n\n\n\n<p>Neutralizar el poder desde adentro<\/p>\n\n\n\n<p>Desde el traslado de l\u00edderes de la mara Salvatrucha y el Barrio 18 al centro Renovaci\u00f3n I, efectuado el pasado 31 de julio, el Ministerio de Gobernaci\u00f3n advirti\u00f3 que las pandillas podr\u00edan intentar recuperar su poder interno mediante corrupci\u00f3n y violencia.<\/p>\n\n\n\n<p>Nos preparamos para el antes, durante y despu\u00e9s del traslado. Esta incautaci\u00f3n es parte del \u2018despu\u00e9s\u2019, de una estrategia mayor para cortar sus fuentes de financiamiento.<\/p>\n\n\n\n<p>La inteligencia penitenciaria ven\u00eda dando seguimiento a movimientos sospechosos dentro del penal, lo cual permiti\u00f3 identificar y ubicar el dinero antes de que fuera utilizado, afirm\u00f3 el funcionario. El objetivo principal fue evitar que estos recursos reforzaran la influencia de los cabecillas sobre el resto de la poblaci\u00f3n carcelaria y sobre algunos custodios.<\/p>\n\n\n\n<p>El ministro tambi\u00e9n se refiri\u00f3 a la creciente violencia entre integrantes de las mismas estructuras criminales.<\/p>\n\n\n\n<p>Alrededor del 70 % de los cr\u00edmenes actuales est\u00e1n ocurriendo dentro de las propias pandillas. Esto es resultado de su descomposici\u00f3n interna, provocada por nuestras acciones.<\/p>\n\n\n\n<p>Jim\u00e9nez reconoci\u00f3 que podr\u00edan presentarse reacciones en las calles, pero insisti\u00f3 en que la inteligencia del Estado se encuentra preparada para responder. Subray\u00f3 que no ceder\u00e1n terreno al crimen organizado, y que cualquier intento por revertir los traslados mediante recursos legales ser\u00e1 enfrentado con firmeza.<\/p>\n\n\n\n<p>Ya recibimos 61 exhibiciones personales tras el primer traslado. Sabemos qu\u00e9 intereses est\u00e1n detr\u00e1s de estas acciones. Los criminales son ellos. No nosotros.<\/p>\n\n\n\n<p>Investigaci\u00f3n sobre los custodios<\/p>\n\n\n\n<p>El operativo tambi\u00e9n sirvi\u00f3 para identificar a guardias penitenciarios que podr\u00edan estar colaborando con las estructuras criminales. El ministro enfatiz\u00f3 que investigar\u00e1n para procesarlos conforme a la ley.<\/p>\n\n\n\n<p>Han traicionado al pa\u00eds, a la instituci\u00f3n y a sus compa\u00f1eros. Tambi\u00e9n ser\u00e1n apartados del sistema.<\/p>\n\n\n\n<p>Finalmente, reafirm\u00f3 que el centro carcelario Renovaci\u00f3n I contin\u00faa funcionando bajo un sistema de contenci\u00f3n robusto, a pesar de los riesgos y amenazas constantes.<\/p>\n\n\n\n<p>Este Ministerio de Gobernaci\u00f3n, a diferencia de antes: \u00a1No va a negociar con ellos!<\/p>\n\n\n\n<p>Texto Lincy Rodr\u00edguez<\/p>\n\n\n\n<p>#mareros #comprarvoluntades #metroredes www.elmetropolitano.com.gt www.metroredes.com<\/p>\n\n\n\n<figure class=\"wp-block-gallery has-nested-images columns-default is-cropped wp-block-gallery-1 is-layout-flex wp-block-gallery-is-layout-flex\">\n<figure class=\"wp-block-image size-large\"><img loading=\"lazy\" decoding=\"async\" width=\"1024\" height=\"575\" data-id=\"108617\" src=\"https:\/\/elmetropolitano.com.gt\/es\/wp-content\/uploads\/2025\/08\/Captura-de-pantalla-2025-08-01-110255-1024x575-1.png\" alt=\"\" class=\"wp-image-108617\" srcset=\"https:\/\/elmetropolitano.com.gt\/es\/wp-content\/uploads\/2025\/08\/Captura-de-pantalla-2025-08-01-110255-1024x575-1.png 1024w, https:\/\/elmetropolitano.com.gt\/es\/wp-content\/uploads\/2025\/08\/Captura-de-pantalla-2025-08-01-110255-1024x575-1-300x168.png 300w, https:\/\/elmetropolitano.com.gt\/es\/wp-content\/uploads\/2025\/08\/Captura-de-pantalla-2025-08-01-110255-1024x575-1-768x431.png 768w\" sizes=\"auto, (max-width: 1024px) 100vw, 1024px\" \/><\/figure>\n\n\n\n<figure class=\"wp-block-image size-large\"><img loading=\"lazy\" decoding=\"async\" width=\"1024\" height=\"512\" data-id=\"108618\" src=\"https:\/\/elmetropolitano.com.gt\/es\/wp-content\/uploads\/2025\/08\/Captura-de-pantalla-2025-08-01-110438-1140x570-2-1024x512.png\" alt=\"\" class=\"wp-image-108618\" srcset=\"https:\/\/elmetropolitano.com.gt\/es\/wp-content\/uploads\/2025\/08\/Captura-de-pantalla-2025-08-01-110438-1140x570-2-1024x512.png 1024w, https:\/\/elmetropolitano.com.gt\/es\/wp-content\/uploads\/2025\/08\/Captura-de-pantalla-2025-08-01-110438-1140x570-2-300x150.png 300w, https:\/\/elmetropolitano.com.gt\/es\/wp-content\/uploads\/2025\/08\/Captura-de-pantalla-2025-08-01-110438-1140x570-2-768x384.png 768w, https:\/\/elmetropolitano.com.gt\/es\/wp-content\/uploads\/2025\/08\/Captura-de-pantalla-2025-08-01-110438-1140x570-2.png 1140w\" sizes=\"auto, (max-width: 1024px) 100vw, 1024px\" \/><\/figure>\n\n\n\n<figure class=\"wp-block-image size-large\"><img loading=\"lazy\" decoding=\"async\" width=\"1024\" height=\"512\" data-id=\"108619\" src=\"https:\/\/elmetropolitano.com.gt\/es\/wp-content\/uploads\/2025\/08\/Captura-de-pantalla-2025-08-05-144412-1140x570-1-1024x512.png\" alt=\"\" class=\"wp-image-108619\" srcset=\"https:\/\/elmetropolitano.com.gt\/es\/wp-content\/uploads\/2025\/08\/Captura-de-pantalla-2025-08-05-144412-1140x570-1-1024x512.png 1024w, https:\/\/elmetropolitano.com.gt\/es\/wp-content\/uploads\/2025\/08\/Captura-de-pantalla-2025-08-05-144412-1140x570-1-300x150.png 300w, https:\/\/elmetropolitano.com.gt\/es\/wp-content\/uploads\/2025\/08\/Captura-de-pantalla-2025-08-05-144412-1140x570-1-768x384.png 768w, https:\/\/elmetropolitano.com.gt\/es\/wp-content\/uploads\/2025\/08\/Captura-de-pantalla-2025-08-05-144412-1140x570-1.png 1140w\" sizes=\"auto, (max-width: 1024px) 100vw, 1024px\" \/><\/figure>\n\n\n\n<figure class=\"wp-block-image size-large\"><img loading=\"lazy\" decoding=\"async\" width=\"1024\" height=\"682\" data-id=\"108616\" src=\"https:\/\/elmetropolitano.com.gt\/es\/wp-content\/uploads\/2025\/08\/GxnUjhaWwAAaoY6-1024x682.jpeg\" alt=\"\" class=\"wp-image-108616\" srcset=\"https:\/\/elmetropolitano.com.gt\/es\/wp-content\/uploads\/2025\/08\/GxnUjhaWwAAaoY6-1024x682.jpeg 1024w, https:\/\/elmetropolitano.com.gt\/es\/wp-content\/uploads\/2025\/08\/GxnUjhaWwAAaoY6-300x200.jpeg 300w, https:\/\/elmetropolitano.com.gt\/es\/wp-content\/uploads\/2025\/08\/GxnUjhaWwAAaoY6-768x512.jpeg 768w, https:\/\/elmetropolitano.com.gt\/es\/wp-content\/uploads\/2025\/08\/GxnUjhaWwAAaoY6-1536x1023.jpeg 1536w, https:\/\/elmetropolitano.com.gt\/es\/wp-content\/uploads\/2025\/08\/GxnUjhaWwAAaoY6.jpeg 1600w\" sizes=\"auto, (max-width: 1024px) 100vw, 1024px\" \/><\/figure>\n\n\n\n<figure class=\"wp-block-image size-large\"><img loading=\"lazy\" decoding=\"async\" width=\"1024\" height=\"682\" data-id=\"108615\" src=\"https:\/\/elmetropolitano.com.gt\/es\/wp-content\/uploads\/2025\/08\/GxnUjheXYAAeTYb-1024x682.jpeg\" alt=\"\" class=\"wp-image-108615\" srcset=\"https:\/\/elmetropolitano.com.gt\/es\/wp-content\/uploads\/2025\/08\/GxnUjheXYAAeTYb-1024x682.jpeg 1024w, https:\/\/elmetropolitano.com.gt\/es\/wp-content\/uploads\/2025\/08\/GxnUjheXYAAeTYb-300x200.jpeg 300w, https:\/\/elmetropolitano.com.gt\/es\/wp-content\/uploads\/2025\/08\/GxnUjheXYAAeTYb-768x512.jpeg 768w, https:\/\/elmetropolitano.com.gt\/es\/wp-content\/uploads\/2025\/08\/GxnUjheXYAAeTYb-1536x1023.jpeg 1536w, https:\/\/elmetropolitano.com.gt\/es\/wp-content\/uploads\/2025\/08\/GxnUjheXYAAeTYb.jpeg 1600w\" sizes=\"auto, (max-width: 1024px) 100vw, 1024px\" \/><\/figure>\n<\/figure>\n","protected":false},"excerpt":{"rendered":"<p>El Ministerio de Gobernaci\u00f3n, bajo la direcci\u00f3n de Francisco Jim\u00e9nez, report\u00f3 este lunes una contundente requisa en el centro carcelario Renovaci\u00f3n I, ubicado en el departamento de Escuintla. Seg\u00fan inform\u00f3 el funcionario a trav\u00e9s de su cuenta oficial en la red social X, la operaci\u00f3n form\u00f3 parte de un esfuerzo estructurado por debilitar las capacidades <a class=\"read-more\" href=\"https:\/\/elmetropolitano.com.gt\/es\/incautan-192-mil-quetzales-a-lideres-de-pandillas-que-planeaban-comprar-voluntades-en-renovacion-i\/\">Leer m\u00e1s<\/a><\/p>\n","protected":false},"author":1,"featured_media":108614,"comment_status":"open","ping_status":"closed","sticky":false,"template":"","format":"standard","meta":{"footnotes":""},"categories":[4],"tags":[13],"class_list":["post-108613","post","type-post","status-publish","format-standard","has-post-thumbnail","hentry","category-departamentales","tag-departamentales"],"_links":{"self":[{"href":"https:\/\/elmetropolitano.com.gt\/es\/wp-json\/wp\/v2\/posts\/108613","targetHints":{"allow":["GET"]}}],"collection":[{"href":"https:\/\/elmetropolitano.com.gt\/es\/wp-json\/wp\/v2\/posts"}],"about":[{"href":"https:\/\/elmetropolitano.com.gt\/es\/wp-json\/wp\/v2\/types\/post"}],"author":[{"embeddable":true,"href":"https:\/\/elmetropolitano.com.gt\/es\/wp-json\/wp\/v2\/users\/1"}],"replies":[{"embeddable":true,"href":"https:\/\/elmetropolitano.com.gt\/es\/wp-json\/wp\/v2\/comments?post=108613"}],"version-history":[{"count":1,"href":"https:\/\/elmetropolitano.com.gt\/es\/wp-json\/wp\/v2\/posts\/108613\/revisions"}],"predecessor-version":[{"id":108620,"href":"https:\/\/elmetropolitano.com.gt\/es\/wp-json\/wp\/v2\/posts\/108613\/revisions\/108620"}],"wp:featuredmedia":[{"embeddable":true,"href":"https:\/\/elmetropolitano.com.gt\/es\/wp-json\/wp\/v2\/media\/108614"}],"wp:attachment":[{"href":"https:\/\/elmetropolitano.com.gt\/es\/wp-json\/wp\/v2\/media?parent=108613"}],"wp:term":[{"taxonomy":"category","embeddable":true,"href":"https:\/\/elmetropolitano.com.gt\/es\/wp-json\/wp\/v2\/categories?post=108613"},{"taxonomy":"post_tag","embeddable":true,"href":"https:\/\/elmetropolitano.com.gt\/es\/wp-json\/wp\/v2\/tags?post=108613"}],"curies":[{"name":"wp","href":"https:\/\/api.w.org\/{rel}","templated":true}]}}