{"id":108698,"date":"2025-08-06T10:10:11","date_gmt":"2025-08-06T16:10:11","guid":{"rendered":"https:\/\/elmetropolitano.com.gt\/es\/?p=108698"},"modified":"2025-08-06T10:10:12","modified_gmt":"2025-08-06T16:10:12","slug":"mision-diplomatica-continua-posicionando-el-cafe-de-guatemala-en-el-mercado-chileno","status":"publish","type":"post","link":"https:\/\/elmetropolitano.com.gt\/es\/mision-diplomatica-continua-posicionando-el-cafe-de-guatemala-en-el-mercado-chileno\/","title":{"rendered":"Misi\u00f3n diplom\u00e1tica contin\u00faa posicionando el caf\u00e9 de Guatemala en el mercado chileno"},"content":{"rendered":"\n<p>La Embajada de Guatemala en Chile, con el apoyo de la Asociaci\u00f3n Nacional del Caf\u00e9 (Anacaf\u00e9), particip\u00f3 en el evento XVII versi\u00f3n de Vinos Iconos chilenos el 1 y 2 de agosto en Santiago de Chile, al cual asistieron m\u00e1s de mil personas.<\/p>\n\n\n\n<p>Por medio de un comunicado oficial, el Ministerio de Relaciones Exteriores (Minex) inform\u00f3:<\/p><div class=\"elmet-contenido\" id=\"elmet-1971757241\"><div class=\"elmet-adlabel\">Anuncios<\/div><div style=\"margin-top: 20px;margin-right: 20px;margin-bottom: 20px;margin-left: 20px;\" id=\"elmet-3941544311\"><a href=\"https:\/\/www.facebook.com\/arrincuanantigua\/\" aria-label=\"cintillo-arrin-cual\"><img loading=\"lazy\" decoding=\"async\" src=\"https:\/\/elmetropolitano.com.gt\/es\/wp-content\/uploads\/2021\/11\/cintillo-arrin-cual-1.jpg\" alt=\"\"  srcset=\"https:\/\/elmetropolitano.com.gt\/es\/wp-content\/uploads\/2021\/11\/cintillo-arrin-cual-1.jpg 750w, https:\/\/elmetropolitano.com.gt\/es\/wp-content\/uploads\/2021\/11\/cintillo-arrin-cual-1-300x36.jpg 300w, https:\/\/elmetropolitano.com.gt\/es\/wp-content\/uploads\/2021\/11\/cintillo-arrin-cual-1-600x72.jpg 600w\" sizes=\"(max-width: 750px) 100vw, 750px\" width=\"750\" height=\"90\"   \/><\/a><\/div><\/div>\n\n\n\n<p>El encuentro fue propicio para compartir con los asistentes conocedores del vino sobre las caracter\u00edsticas del caf\u00e9 de especialidad de nuestro pa\u00eds, explicaciones personalizadas sobre las similitudes entre la cultura vitivin\u00edcola y la cafetera, as\u00ed como el proceso de elaboraci\u00f3n y su apreciaci\u00f3n sensorial.<\/p>\n\n\n\n<p>Esta versi\u00f3n de Vinos Iconos permiti\u00f3 a la misi\u00f3n diplom\u00e1tica mostrar a los asistentes las regiones del caf\u00e9 de Guatemala a trav\u00e9s de degustaciones de los ocho perfiles de caf\u00e9 y la cultura caficultora nacional.<\/p>\n\n\n\n<p>Apoyo a productores<\/p>\n\n\n\n<p>La participaci\u00f3n de nuestro pa\u00eds se enmarca en el convenio existente entre el Ministerio de Relaciones Exteriores y la Anacaf\u00e9, enfocado en la promoci\u00f3n y el fomento de las exportaciones del caf\u00e9 guatemalteco.<\/p>\n\n\n\n<p>Este sector da trabajo y sustento a m\u00e1s de 125 mil familias productoras y genera m\u00e1s de medio mill\u00f3n de empleos en nuestro pa\u00eds.<\/p>\n\n\n\n<p>El Gobierno de Guatemala, a trav\u00e9s de la Embajada en Chile, reafirma su compromiso con la diplomacia comercial para continuar identificando oportunidades en nuevos mercados internacionales, con el fin de profundizar y dinamizar el comercio exterior de productos del pa\u00eds.<\/p>\n\n\n\n<p>Con el compromiso de seguir impulsando una caficultura rentable y sustentable, Anacaf\u00e9 realiz\u00f3 una gira demostrativa sobre sistemas de alta productividad en caf\u00e9 robusta, en la finca Buena Vista, San Sebasti\u00e1n, Retalhuleu.<\/p>\n\n\n\n<p>Demostraci\u00f3n<\/p>\n\n\n\n<p>Con el compromiso de seguir impulsando una caficultura rentable y sustentable, Anacaf\u00e9 hizo una gira demostrativa sobre sistemas de alta productividad en caf\u00e9 robusta, en la finca Buena Vista, San Sebasti\u00e1n, Retalhuleu.<\/p>\n\n\n\n<p>Esta gira fue liderada en conjunto con el equipo t\u00e9cnico especializado de Anacaf\u00e9 y los consultores brasile\u00f1os Gerles Malanquini y Tiago Camiletti, quienes compartieron sus experiencias y resolvieron consultas a los m\u00e1s de 130 participantes.<\/p>\n\n\n\n<p>Estas jornadas reflejan el valor del conocimiento compartido y la importancia de la innovaci\u00f3n para continuar juntos transformando el futuro del caf\u00e9 de Guatemala.<\/p>\n\n\n\n<p>Texto Brenda Larios<\/p>\n\n\n\n<p>#lactancia #mintrab&nbsp; #metroredes&nbsp; <a href=\"http:\/\/www.elmetropolitano.com.gt\">www.elmetropolitano.com.gt<\/a>&nbsp; <a href=\"http:\/\/www.metroredes.com\">www.metroredes.com<\/a><\/p>\n\n\n\n<figure class=\"wp-block-gallery has-nested-images columns-default is-cropped wp-block-gallery-1 is-layout-flex wp-block-gallery-is-layout-flex\">\n<figure class=\"wp-block-image size-large\"><img loading=\"lazy\" decoding=\"async\" width=\"726\" height=\"375\" data-id=\"108704\" src=\"https:\/\/elmetropolitano.com.gt\/es\/wp-content\/uploads\/2025\/08\/Captura-de-pantalla-2025-08-06-090937-726x375-1.png\" alt=\"\" class=\"wp-image-108704\" srcset=\"https:\/\/elmetropolitano.com.gt\/es\/wp-content\/uploads\/2025\/08\/Captura-de-pantalla-2025-08-06-090937-726x375-1.png 726w, https:\/\/elmetropolitano.com.gt\/es\/wp-content\/uploads\/2025\/08\/Captura-de-pantalla-2025-08-06-090937-726x375-1-300x155.png 300w\" sizes=\"auto, (max-width: 726px) 100vw, 726px\" \/><\/figure>\n\n\n\n<figure class=\"wp-block-image size-large\"><img loading=\"lazy\" decoding=\"async\" width=\"904\" height=\"640\" data-id=\"108703\" src=\"https:\/\/elmetropolitano.com.gt\/es\/wp-content\/uploads\/2025\/08\/Gxn9BNeWwAAtPh5.jpeg\" alt=\"\" class=\"wp-image-108703\" srcset=\"https:\/\/elmetropolitano.com.gt\/es\/wp-content\/uploads\/2025\/08\/Gxn9BNeWwAAtPh5.jpeg 904w, https:\/\/elmetropolitano.com.gt\/es\/wp-content\/uploads\/2025\/08\/Gxn9BNeWwAAtPh5-300x212.jpeg 300w, https:\/\/elmetropolitano.com.gt\/es\/wp-content\/uploads\/2025\/08\/Gxn9BNeWwAAtPh5-768x544.jpeg 768w\" sizes=\"auto, (max-width: 904px) 100vw, 904px\" \/><\/figure>\n\n\n\n<figure class=\"wp-block-image size-large\"><img loading=\"lazy\" decoding=\"async\" width=\"800\" height=\"500\" data-id=\"108700\" src=\"https:\/\/elmetropolitano.com.gt\/es\/wp-content\/uploads\/2025\/08\/Gxn9BNZWkAAnaC9.jpeg\" alt=\"\" class=\"wp-image-108700\" srcset=\"https:\/\/elmetropolitano.com.gt\/es\/wp-content\/uploads\/2025\/08\/Gxn9BNZWkAAnaC9.jpeg 800w, https:\/\/elmetropolitano.com.gt\/es\/wp-content\/uploads\/2025\/08\/Gxn9BNZWkAAnaC9-300x188.jpeg 300w, https:\/\/elmetropolitano.com.gt\/es\/wp-content\/uploads\/2025\/08\/Gxn9BNZWkAAnaC9-768x480.jpeg 768w\" sizes=\"auto, (max-width: 800px) 100vw, 800px\" \/><\/figure>\n\n\n\n<figure class=\"wp-block-image size-large\"><img loading=\"lazy\" decoding=\"async\" width=\"800\" height=\"450\" data-id=\"108701\" src=\"https:\/\/elmetropolitano.com.gt\/es\/wp-content\/uploads\/2025\/08\/Gxn9BNZXsAADbNB-1.jpeg\" alt=\"\" class=\"wp-image-108701\" srcset=\"https:\/\/elmetropolitano.com.gt\/es\/wp-content\/uploads\/2025\/08\/Gxn9BNZXsAADbNB-1.jpeg 800w, https:\/\/elmetropolitano.com.gt\/es\/wp-content\/uploads\/2025\/08\/Gxn9BNZXsAADbNB-1-300x169.jpeg 300w, https:\/\/elmetropolitano.com.gt\/es\/wp-content\/uploads\/2025\/08\/Gxn9BNZXsAADbNB-1-768x432.jpeg 768w\" sizes=\"auto, (max-width: 800px) 100vw, 800px\" \/><\/figure>\n\n\n\n<figure class=\"wp-block-image size-large\"><img loading=\"lazy\" decoding=\"async\" width=\"800\" height=\"449\" data-id=\"108702\" src=\"https:\/\/elmetropolitano.com.gt\/es\/wp-content\/uploads\/2025\/08\/Gxn9LmDXQAAzyIO.jpeg\" alt=\"\" class=\"wp-image-108702\" srcset=\"https:\/\/elmetropolitano.com.gt\/es\/wp-content\/uploads\/2025\/08\/Gxn9LmDXQAAzyIO.jpeg 800w, https:\/\/elmetropolitano.com.gt\/es\/wp-content\/uploads\/2025\/08\/Gxn9LmDXQAAzyIO-300x168.jpeg 300w, https:\/\/elmetropolitano.com.gt\/es\/wp-content\/uploads\/2025\/08\/Gxn9LmDXQAAzyIO-768x431.jpeg 768w\" sizes=\"auto, (max-width: 800px) 100vw, 800px\" \/><\/figure>\n<\/figure>\n","protected":false},"excerpt":{"rendered":"<p>La Embajada de Guatemala en Chile, con el apoyo de la Asociaci\u00f3n Nacional del Caf\u00e9 (Anacaf\u00e9), particip\u00f3 en el evento XVII versi\u00f3n de Vinos Iconos chilenos el 1 y 2 de agosto en Santiago de Chile, al cual asistieron m\u00e1s de mil personas. Por medio de un comunicado oficial, el Ministerio de Relaciones Exteriores (Minex) <a class=\"read-more\" href=\"https:\/\/elmetropolitano.com.gt\/es\/mision-diplomatica-continua-posicionando-el-cafe-de-guatemala-en-el-mercado-chileno\/\">Leer m\u00e1s<\/a><\/p>\n","protected":false},"author":1,"featured_media":108699,"comment_status":"open","ping_status":"closed","sticky":false,"template":"","format":"standard","meta":{"footnotes":""},"categories":[21],"tags":[20],"class_list":["post-108698","post","type-post","status-publish","format-standard","has-post-thumbnail","hentry","category-economia","tag-economia"],"_links":{"self":[{"href":"https:\/\/elmetropolitano.com.gt\/es\/wp-json\/wp\/v2\/posts\/108698","targetHints":{"allow":["GET"]}}],"collection":[{"href":"https:\/\/elmetropolitano.com.gt\/es\/wp-json\/wp\/v2\/posts"}],"about":[{"href":"https:\/\/elmetropolitano.com.gt\/es\/wp-json\/wp\/v2\/types\/post"}],"author":[{"embeddable":true,"href":"https:\/\/elmetropolitano.com.gt\/es\/wp-json\/wp\/v2\/users\/1"}],"replies":[{"embeddable":true,"href":"https:\/\/elmetropolitano.com.gt\/es\/wp-json\/wp\/v2\/comments?post=108698"}],"version-history":[{"count":1,"href":"https:\/\/elmetropolitano.com.gt\/es\/wp-json\/wp\/v2\/posts\/108698\/revisions"}],"predecessor-version":[{"id":108705,"href":"https:\/\/elmetropolitano.com.gt\/es\/wp-json\/wp\/v2\/posts\/108698\/revisions\/108705"}],"wp:featuredmedia":[{"embeddable":true,"href":"https:\/\/elmetropolitano.com.gt\/es\/wp-json\/wp\/v2\/media\/108699"}],"wp:attachment":[{"href":"https:\/\/elmetropolitano.com.gt\/es\/wp-json\/wp\/v2\/media?parent=108698"}],"wp:term":[{"taxonomy":"category","embeddable":true,"href":"https:\/\/elmetropolitano.com.gt\/es\/wp-json\/wp\/v2\/categories?post=108698"},{"taxonomy":"post_tag","embeddable":true,"href":"https:\/\/elmetropolitano.com.gt\/es\/wp-json\/wp\/v2\/tags?post=108698"}],"curies":[{"name":"wp","href":"https:\/\/api.w.org\/{rel}","templated":true}]}}