{"id":108928,"date":"2025-08-09T11:16:17","date_gmt":"2025-08-09T17:16:17","guid":{"rendered":"https:\/\/elmetropolitano.com.gt\/es\/?p=108928"},"modified":"2025-08-09T11:16:17","modified_gmt":"2025-08-09T17:16:17","slug":"arevalo-inaugura-el-comedor-social-numero-100-en-uspantan-quiche","status":"publish","type":"post","link":"https:\/\/elmetropolitano.com.gt\/es\/arevalo-inaugura-el-comedor-social-numero-100-en-uspantan-quiche\/","title":{"rendered":"Ar\u00e9valo inaugura el comedor social n\u00famero 100 en Uspant\u00e1n, Quich\u00e9"},"content":{"rendered":"\n<p><a><\/a>Un avance significativo en la lucha contra el hambre y la desigualdad social marc\u00f3 este viernes la visita del presidente Bernardo Ar\u00e9valo al municipio de Uspant\u00e1n, Quich\u00e9, al participar en la apertura de un comedor social en esa localidad.<\/p>\n\n\n\n<p>El mandatario, acompa\u00f1ado del ministro de Desarrollo Social, Abelardo Pinto, lleg\u00f3 a la localidad para participar en la inauguraci\u00f3n del comedor social n\u00famero 100 del programa que lidera el Ministerio de Desarrollo Social (Mides).<\/p><div class=\"elmet-contenido\" id=\"elmet-1287354337\"><div class=\"elmet-adlabel\">Anuncios<\/div><div style=\"margin-top: 20px;margin-right: 20px;margin-bottom: 20px;margin-left: 20px;\" id=\"elmet-4229366552\"><a href=\"https:\/\/www.facebook.com\/arrincuanantigua\/\" aria-label=\"cintillo-arrin-cual\"><img loading=\"lazy\" decoding=\"async\" src=\"https:\/\/elmetropolitano.com.gt\/es\/wp-content\/uploads\/2021\/11\/cintillo-arrin-cual-1.jpg\" alt=\"\"  srcset=\"https:\/\/elmetropolitano.com.gt\/es\/wp-content\/uploads\/2021\/11\/cintillo-arrin-cual-1.jpg 750w, https:\/\/elmetropolitano.com.gt\/es\/wp-content\/uploads\/2021\/11\/cintillo-arrin-cual-1-300x36.jpg 300w, https:\/\/elmetropolitano.com.gt\/es\/wp-content\/uploads\/2021\/11\/cintillo-arrin-cual-1-600x72.jpg 600w\" sizes=\"(max-width: 750px) 100vw, 750px\" width=\"750\" height=\"90\"   \/><\/a><\/div><\/div>\n\n\n\n<p>Durante el acto de apertura, Ar\u00e9valo expres\u00f3 su satisfacci\u00f3n por este logro que, seg\u00fan sus palabras, va m\u00e1s all\u00e1 de una simple cifra.<\/p>\n\n\n\n<p>El Presidente declar\u00f3 frente a vecinos y l\u00edderes comunitarios que acudieron al evento que \u00abatender las necesidades del pueblo no es solo un compromiso, es reconocer sus derechos\u00bb<\/p>\n\n\n\n<p>Adem\u00e1s, el mandatario resalt\u00f3 que estas acciones representan avances concretos en la distribuci\u00f3n de recursos a quienes m\u00e1s lo necesitan.<\/p>\n\n\n\n<p>enfatizando que \u00abVisitar este comedor (\u2026) hoy me reafirma, tanto a m\u00ed como a mi gobierno, que estamos avanzando. El dinero est\u00e1 llegando a la poblaci\u00f3n\u00bb<\/p>\n\n\n\n<p>Ar\u00e9valo reconoci\u00f3 que las d\u00e9cadas de abandono institucional no podr\u00e1n corregirse en una sola gesti\u00f3n, pero asegur\u00f3 que su gobierno s\u00ed trabaja para dejar cimentadas las bases del cambio estructural.<\/p>\n\n\n\n<p>Durante la apertura del comedor social, el Presidente entreg\u00f3 personalmente las primeras raciones de alimentos a los beneficiarios del comedor.<\/p>\n\n\n\n<p>Comedores sociales: un programa inclusivo y vital<\/p>\n\n\n\n<p>El comedor inaugurado se suma a una red de atenci\u00f3n alimentaria que busca reducir el impacto de la pobreza y las crisis en sectores vulnerables del pa\u00eds.<\/p>\n\n\n\n<p>Este programa ofrece raciones de desayuno y almuerzo que son cuidadosamente elaboradas conforme a criterios nutricionales, buscando cubrir las necesidades espec\u00edficas de la poblaci\u00f3n atendida.<\/p>\n\n\n\n<p>La prestaci\u00f3n del servicio tiene un enfoque inclusivo, priorizando la atenci\u00f3n a adultos mayores, personas con discapacidad y familias en situaci\u00f3n de emergencia o calamidad.<\/p>\n\n\n\n<p>La meta: llegar a 110 comedores este a\u00f1o<\/p>\n\n\n\n<p>Durante su intervenci\u00f3n, el ministro Abelardo Pinto enfatiz\u00f3 que este nuevo comedor representa m\u00e1s que un n\u00famero, es el reflejo del trabajo conjunto de un equipo comprometido, asegur\u00f3.<\/p>\n\n\n\n<p>Seg\u00fan datos que proporcion\u00f3 el ministro, al inicio de este gobierno exist\u00edan \u00fanicamente 67 comedores, y en tan solo un a\u00f1o y medio de gesti\u00f3n, se ha logrado alcanzar los 100.<\/p>\n\n\n\n<p>Pinto tambi\u00e9n anunci\u00f3 que la meta establecida para finales de este a\u00f1o es llegar a 110 comedores sociales, extendiendo as\u00ed la cobertura a m\u00e1s municipios del pa\u00eds.<\/p>\n\n\n\n<p>Actualmente, 20 de los 22 departamentos ya cuentan con al menos un comedor, lo que ha permitido beneficiar a m\u00e1s de 35 mil personas en condiciones de vulnerabilidad.<\/p>\n\n\n\n<p>Adem\u00e1s, al concluir su discurso, Pinto dej\u00f3 claro que el enfoque del programa seguir\u00e1 siendo la dignidad y el bienestar de la ciudadan\u00eda. Este comedor es de ustedes y para ustedes, enfatiz\u00f3.<\/p>\n\n\n\n<p>Con la apertura de este nuevo comedor en Uspant\u00e1n, el Gobierno reafirma su intenci\u00f3n de construir un pa\u00eds m\u00e1s justo, donde el acceso a la alimentaci\u00f3n b\u00e1sica se garantice como un derecho para todos.<\/p>\n\n\n\n<p><a href=\"https:\/\/www.facebook.com\/hashtag\/comedorsocial?__eep__=6&amp;__cft__[0]=AZWwOvspp6-9sAA8dVqzWLFEzySL7S3uFn2ADToc23gL0b-j3G_3Zd8twA84m-0ekB9GeEvyDpPTCtWs-oP4aUGetbq7RHmYggQoW72B1JIJJlDm-dW_Ca6byf_PUpmjoq4BVgt2vlFqMzm4R-kUkvbhT4zF6ivFP0DAB6HdZ-heixmmv2ySdYoEIhkkK4j_ZQs&amp;__tn__=*NK-R\">#ComedorSocial<\/a><a href=\"https:\/\/www.facebook.com\/hashtag\/mides?__eep__=6&amp;__cft__[0]=AZWwOvspp6-9sAA8dVqzWLFEzySL7S3uFn2ADToc23gL0b-j3G_3Zd8twA84m-0ekB9GeEvyDpPTCtWs-oP4aUGetbq7RHmYggQoW72B1JIJJlDm-dW_Ca6byf_PUpmjoq4BVgt2vlFqMzm4R-kUkvbhT4zF6ivFP0DAB6HdZ-heixmmv2ySdYoEIhkkK4j_ZQs&amp;__tn__=*NK-R\">#MIDES<\/a><a href=\"https:\/\/www.facebook.com\/hashtag\/bernardoarevalo?__eep__=6&amp;__cft__[0]=AZWwOvspp6-9sAA8dVqzWLFEzySL7S3uFn2ADToc23gL0b-j3G_3Zd8twA84m-0ekB9GeEvyDpPTCtWs-oP4aUGetbq7RHmYggQoW72B1JIJJlDm-dW_Ca6byf_PUpmjoq4BVgt2vlFqMzm4R-kUkvbhT4zF6ivFP0DAB6HdZ-heixmmv2ySdYoEIhkkK4j_ZQs&amp;__tn__=*NK-R\">#bernardoarevalo<\/a><a href=\"https:\/\/www.facebook.com\/hashtag\/laprensadequiche?__eep__=6&amp;__cft__[0]=AZWwOvspp6-9sAA8dVqzWLFEzySL7S3uFn2ADToc23gL0b-j3G_3Zd8twA84m-0ekB9GeEvyDpPTCtWs-oP4aUGetbq7RHmYggQoW72B1JIJJlDm-dW_Ca6byf_PUpmjoq4BVgt2vlFqMzm4R-kUkvbhT4zF6ivFP0DAB6HdZ-heixmmv2ySdYoEIhkkK4j_ZQs&amp;__tn__=*NK-R\">#laprensadequiche<\/a> <a href=\"http:\/\/www.elmetropolitano.com.gt\/?fbclid=IwZXh0bgNhZW0CMTAAYnJpZBExZDN0RzFuajBLWWVRQTZGUAEehZFhOOlZZYBSi6Vn5_5JnkDaHQ29udVvQSbLqMc2lAZ6GsJrBuofVr_AquM_aem_LIU-zTMymkta-INr6E4W0A\" target=\"_blank\" rel=\"noreferrer noopener\">www.elmetropolitano.com.gt<\/a><\/p>\n\n\n\n<p><a href=\"https:\/\/l.facebook.com\/l.php?u=http%3A%2F%2Fwww.metroredes.com%2F%3Ffbclid%3DIwZXh0bgNhZW0CMTAAYnJpZBExZDN0RzFuajBLWWVRQTZGUAEeg4WcvYCkMo7_CFw0iSEuPQsnsNJeGQUEYT2ioxMAWAz3IMRtzGPsiTNeipI_aem_0C8YHcCuHr5r7IdvPqzaKQ&amp;h=AT0LZC5nL5nFdoolcOI-6apvPhj1rqRZ48mFvTbQl7i9Bn_kGhk3r_J6Z-aOub7obnwl6kPYoAoQ2Met8yb7URzadDaIXHj8bUMQEkZsCC1PSgz_J4lkWF2hG4QIhTTD0W5LyKnWl5mYMuha&amp;__tn__=-UK-R&amp;c[0]=AT242aBSUYcUYwp160_c1HYhCkUFRsM6cHfpObX0oJFIzRZFOyRbhN7VGrUj9KdOYZFwx08k33gZ3HIxwSirbnqefOQBBcuU6i3UBjNPsRylASbmrsi8lqL90GekaeqfzYg42fH0MHPiTk30qrCzYuHb-agqc_VdkN-724tknGWdEQvMpFYRAlzbCoOzKOLJDnEn5NXM3nUw9bHQ1olGak21Aw\" rel=\"noreferrer noopener\" target=\"_blank\">www.metroredes.com<\/a><\/p>\n\n\n\n<figure class=\"wp-block-gallery has-nested-images columns-default is-cropped wp-block-gallery-1 is-layout-flex wp-block-gallery-is-layout-flex\">\n<figure class=\"wp-block-image size-large\"><img loading=\"lazy\" decoding=\"async\" width=\"1024\" height=\"682\" data-id=\"108934\" src=\"https:\/\/elmetropolitano.com.gt\/es\/wp-content\/uploads\/2025\/08\/516399073_1294752525984161_2410999483044693473_n-1-1024x682.jpg\" alt=\"\" class=\"wp-image-108934\" srcset=\"https:\/\/elmetropolitano.com.gt\/es\/wp-content\/uploads\/2025\/08\/516399073_1294752525984161_2410999483044693473_n-1-1024x682.jpg 1024w, https:\/\/elmetropolitano.com.gt\/es\/wp-content\/uploads\/2025\/08\/516399073_1294752525984161_2410999483044693473_n-1-300x200.jpg 300w, https:\/\/elmetropolitano.com.gt\/es\/wp-content\/uploads\/2025\/08\/516399073_1294752525984161_2410999483044693473_n-1-768x512.jpg 768w, https:\/\/elmetropolitano.com.gt\/es\/wp-content\/uploads\/2025\/08\/516399073_1294752525984161_2410999483044693473_n-1-1536x1023.jpg 1536w, https:\/\/elmetropolitano.com.gt\/es\/wp-content\/uploads\/2025\/08\/516399073_1294752525984161_2410999483044693473_n-1.jpg 1600w\" sizes=\"auto, (max-width: 1024px) 100vw, 1024px\" \/><\/figure>\n\n\n\n<figure class=\"wp-block-image size-large\"><img loading=\"lazy\" decoding=\"async\" width=\"1024\" height=\"683\" data-id=\"108930\" src=\"https:\/\/elmetropolitano.com.gt\/es\/wp-content\/uploads\/2025\/08\/528145435_1294755265983887_2154083055846728443_n-1024x683.jpg\" alt=\"\" class=\"wp-image-108930\" srcset=\"https:\/\/elmetropolitano.com.gt\/es\/wp-content\/uploads\/2025\/08\/528145435_1294755265983887_2154083055846728443_n-1024x683.jpg 1024w, https:\/\/elmetropolitano.com.gt\/es\/wp-content\/uploads\/2025\/08\/528145435_1294755265983887_2154083055846728443_n-300x200.jpg 300w, https:\/\/elmetropolitano.com.gt\/es\/wp-content\/uploads\/2025\/08\/528145435_1294755265983887_2154083055846728443_n-768x512.jpg 768w, https:\/\/elmetropolitano.com.gt\/es\/wp-content\/uploads\/2025\/08\/528145435_1294755265983887_2154083055846728443_n-1536x1025.jpg 1536w, https:\/\/elmetropolitano.com.gt\/es\/wp-content\/uploads\/2025\/08\/528145435_1294755265983887_2154083055846728443_n.jpg 1800w\" sizes=\"auto, (max-width: 1024px) 100vw, 1024px\" \/><\/figure>\n\n\n\n<figure class=\"wp-block-image size-large\"><img loading=\"lazy\" decoding=\"async\" width=\"1024\" height=\"683\" data-id=\"108932\" src=\"https:\/\/elmetropolitano.com.gt\/es\/wp-content\/uploads\/2025\/08\/528551876_1294755302650550_2465211219564434724_n-1024x683.jpg\" alt=\"\" class=\"wp-image-108932\" srcset=\"https:\/\/elmetropolitano.com.gt\/es\/wp-content\/uploads\/2025\/08\/528551876_1294755302650550_2465211219564434724_n-1024x683.jpg 1024w, https:\/\/elmetropolitano.com.gt\/es\/wp-content\/uploads\/2025\/08\/528551876_1294755302650550_2465211219564434724_n-300x200.jpg 300w, https:\/\/elmetropolitano.com.gt\/es\/wp-content\/uploads\/2025\/08\/528551876_1294755302650550_2465211219564434724_n-768x512.jpg 768w, https:\/\/elmetropolitano.com.gt\/es\/wp-content\/uploads\/2025\/08\/528551876_1294755302650550_2465211219564434724_n-1536x1025.jpg 1536w, https:\/\/elmetropolitano.com.gt\/es\/wp-content\/uploads\/2025\/08\/528551876_1294755302650550_2465211219564434724_n.jpg 1800w\" sizes=\"auto, (max-width: 1024px) 100vw, 1024px\" \/><\/figure>\n\n\n\n<figure class=\"wp-block-image size-large\"><img loading=\"lazy\" decoding=\"async\" width=\"1024\" height=\"576\" data-id=\"108935\" src=\"https:\/\/elmetropolitano.com.gt\/es\/wp-content\/uploads\/2025\/08\/528560668_1294755315983882_5071177512788978832_n-1024x576.jpg\" alt=\"\" class=\"wp-image-108935\" srcset=\"https:\/\/elmetropolitano.com.gt\/es\/wp-content\/uploads\/2025\/08\/528560668_1294755315983882_5071177512788978832_n-1024x576.jpg 1024w, https:\/\/elmetropolitano.com.gt\/es\/wp-content\/uploads\/2025\/08\/528560668_1294755315983882_5071177512788978832_n-300x169.jpg 300w, https:\/\/elmetropolitano.com.gt\/es\/wp-content\/uploads\/2025\/08\/528560668_1294755315983882_5071177512788978832_n-768x432.jpg 768w, https:\/\/elmetropolitano.com.gt\/es\/wp-content\/uploads\/2025\/08\/528560668_1294755315983882_5071177512788978832_n-1536x864.jpg 1536w, https:\/\/elmetropolitano.com.gt\/es\/wp-content\/uploads\/2025\/08\/528560668_1294755315983882_5071177512788978832_n.jpg 1800w\" sizes=\"auto, (max-width: 1024px) 100vw, 1024px\" \/><\/figure>\n\n\n\n<figure class=\"wp-block-image size-large\"><img loading=\"lazy\" decoding=\"async\" width=\"1024\" height=\"683\" data-id=\"108933\" src=\"https:\/\/elmetropolitano.com.gt\/es\/wp-content\/uploads\/2025\/08\/528579941_1294755215983892_8980425004838676335_n-1024x683.jpg\" alt=\"\" class=\"wp-image-108933\" srcset=\"https:\/\/elmetropolitano.com.gt\/es\/wp-content\/uploads\/2025\/08\/528579941_1294755215983892_8980425004838676335_n-1024x683.jpg 1024w, https:\/\/elmetropolitano.com.gt\/es\/wp-content\/uploads\/2025\/08\/528579941_1294755215983892_8980425004838676335_n-300x200.jpg 300w, https:\/\/elmetropolitano.com.gt\/es\/wp-content\/uploads\/2025\/08\/528579941_1294755215983892_8980425004838676335_n-768x512.jpg 768w, https:\/\/elmetropolitano.com.gt\/es\/wp-content\/uploads\/2025\/08\/528579941_1294755215983892_8980425004838676335_n-1536x1025.jpg 1536w, https:\/\/elmetropolitano.com.gt\/es\/wp-content\/uploads\/2025\/08\/528579941_1294755215983892_8980425004838676335_n.jpg 1800w\" sizes=\"auto, (max-width: 1024px) 100vw, 1024px\" \/><\/figure>\n\n\n\n<figure class=\"wp-block-image size-large\"><img loading=\"lazy\" decoding=\"async\" width=\"1024\" height=\"683\" data-id=\"108937\" src=\"https:\/\/elmetropolitano.com.gt\/es\/wp-content\/uploads\/2025\/08\/528582465_1294755249317222_8298521386211276606_n-1024x683.jpg\" alt=\"\" class=\"wp-image-108937\" srcset=\"https:\/\/elmetropolitano.com.gt\/es\/wp-content\/uploads\/2025\/08\/528582465_1294755249317222_8298521386211276606_n-1024x683.jpg 1024w, https:\/\/elmetropolitano.com.gt\/es\/wp-content\/uploads\/2025\/08\/528582465_1294755249317222_8298521386211276606_n-300x200.jpg 300w, https:\/\/elmetropolitano.com.gt\/es\/wp-content\/uploads\/2025\/08\/528582465_1294755249317222_8298521386211276606_n-768x512.jpg 768w, https:\/\/elmetropolitano.com.gt\/es\/wp-content\/uploads\/2025\/08\/528582465_1294755249317222_8298521386211276606_n-1536x1025.jpg 1536w, https:\/\/elmetropolitano.com.gt\/es\/wp-content\/uploads\/2025\/08\/528582465_1294755249317222_8298521386211276606_n.jpg 1800w\" sizes=\"auto, (max-width: 1024px) 100vw, 1024px\" \/><\/figure>\n\n\n\n<figure class=\"wp-block-image size-large\"><img loading=\"lazy\" decoding=\"async\" width=\"1024\" height=\"683\" data-id=\"108936\" src=\"https:\/\/elmetropolitano.com.gt\/es\/wp-content\/uploads\/2025\/08\/528799634_1294755155983898_9103172288537218148_n-1024x683.jpg\" alt=\"\" class=\"wp-image-108936\" srcset=\"https:\/\/elmetropolitano.com.gt\/es\/wp-content\/uploads\/2025\/08\/528799634_1294755155983898_9103172288537218148_n-1024x683.jpg 1024w, https:\/\/elmetropolitano.com.gt\/es\/wp-content\/uploads\/2025\/08\/528799634_1294755155983898_9103172288537218148_n-300x200.jpg 300w, https:\/\/elmetropolitano.com.gt\/es\/wp-content\/uploads\/2025\/08\/528799634_1294755155983898_9103172288537218148_n-768x512.jpg 768w, https:\/\/elmetropolitano.com.gt\/es\/wp-content\/uploads\/2025\/08\/528799634_1294755155983898_9103172288537218148_n-1536x1025.jpg 1536w, https:\/\/elmetropolitano.com.gt\/es\/wp-content\/uploads\/2025\/08\/528799634_1294755155983898_9103172288537218148_n.jpg 1800w\" sizes=\"auto, (max-width: 1024px) 100vw, 1024px\" \/><\/figure>\n\n\n\n<figure class=\"wp-block-image size-large\"><img loading=\"lazy\" decoding=\"async\" width=\"1024\" height=\"683\" data-id=\"108931\" src=\"https:\/\/elmetropolitano.com.gt\/es\/wp-content\/uploads\/2025\/08\/529126433_1294755152650565_8775379909897892801_n-1024x683.jpg\" alt=\"\" class=\"wp-image-108931\" srcset=\"https:\/\/elmetropolitano.com.gt\/es\/wp-content\/uploads\/2025\/08\/529126433_1294755152650565_8775379909897892801_n-1024x683.jpg 1024w, https:\/\/elmetropolitano.com.gt\/es\/wp-content\/uploads\/2025\/08\/529126433_1294755152650565_8775379909897892801_n-300x200.jpg 300w, https:\/\/elmetropolitano.com.gt\/es\/wp-content\/uploads\/2025\/08\/529126433_1294755152650565_8775379909897892801_n-768x512.jpg 768w, https:\/\/elmetropolitano.com.gt\/es\/wp-content\/uploads\/2025\/08\/529126433_1294755152650565_8775379909897892801_n-1536x1025.jpg 1536w, https:\/\/elmetropolitano.com.gt\/es\/wp-content\/uploads\/2025\/08\/529126433_1294755152650565_8775379909897892801_n.jpg 1800w\" sizes=\"auto, (max-width: 1024px) 100vw, 1024px\" \/><\/figure>\n<\/figure>\n","protected":false},"excerpt":{"rendered":"<p>Un avance significativo en la lucha contra el hambre y la desigualdad social marc\u00f3 este viernes la visita del presidente Bernardo Ar\u00e9valo al municipio de Uspant\u00e1n, Quich\u00e9, al participar en la apertura de un comedor social en esa localidad. El mandatario, acompa\u00f1ado del ministro de Desarrollo Social, Abelardo Pinto, lleg\u00f3 a la localidad para participar <a class=\"read-more\" href=\"https:\/\/elmetropolitano.com.gt\/es\/arevalo-inaugura-el-comedor-social-numero-100-en-uspantan-quiche\/\">Leer m\u00e1s<\/a><\/p>\n","protected":false},"author":1,"featured_media":108929,"comment_status":"open","ping_status":"closed","sticky":false,"template":"","format":"standard","meta":{"footnotes":""},"categories":[4],"tags":[13],"class_list":["post-108928","post","type-post","status-publish","format-standard","has-post-thumbnail","hentry","category-departamentales","tag-departamentales"],"_links":{"self":[{"href":"https:\/\/elmetropolitano.com.gt\/es\/wp-json\/wp\/v2\/posts\/108928","targetHints":{"allow":["GET"]}}],"collection":[{"href":"https:\/\/elmetropolitano.com.gt\/es\/wp-json\/wp\/v2\/posts"}],"about":[{"href":"https:\/\/elmetropolitano.com.gt\/es\/wp-json\/wp\/v2\/types\/post"}],"author":[{"embeddable":true,"href":"https:\/\/elmetropolitano.com.gt\/es\/wp-json\/wp\/v2\/users\/1"}],"replies":[{"embeddable":true,"href":"https:\/\/elmetropolitano.com.gt\/es\/wp-json\/wp\/v2\/comments?post=108928"}],"version-history":[{"count":1,"href":"https:\/\/elmetropolitano.com.gt\/es\/wp-json\/wp\/v2\/posts\/108928\/revisions"}],"predecessor-version":[{"id":108938,"href":"https:\/\/elmetropolitano.com.gt\/es\/wp-json\/wp\/v2\/posts\/108928\/revisions\/108938"}],"wp:featuredmedia":[{"embeddable":true,"href":"https:\/\/elmetropolitano.com.gt\/es\/wp-json\/wp\/v2\/media\/108929"}],"wp:attachment":[{"href":"https:\/\/elmetropolitano.com.gt\/es\/wp-json\/wp\/v2\/media?parent=108928"}],"wp:term":[{"taxonomy":"category","embeddable":true,"href":"https:\/\/elmetropolitano.com.gt\/es\/wp-json\/wp\/v2\/categories?post=108928"},{"taxonomy":"post_tag","embeddable":true,"href":"https:\/\/elmetropolitano.com.gt\/es\/wp-json\/wp\/v2\/tags?post=108928"}],"curies":[{"name":"wp","href":"https:\/\/api.w.org\/{rel}","templated":true}]}}