{"id":108939,"date":"2025-08-09T11:18:27","date_gmt":"2025-08-09T17:18:27","guid":{"rendered":"https:\/\/elmetropolitano.com.gt\/es\/?p=108939"},"modified":"2025-08-09T11:18:28","modified_gmt":"2025-08-09T17:18:28","slug":"gobernadora-ilesa-tras-perchase-vial-en-ruta-a-la-comunidad-san-juan-cerritos","status":"publish","type":"post","link":"https:\/\/elmetropolitano.com.gt\/es\/gobernadora-ilesa-tras-perchase-vial-en-ruta-a-la-comunidad-san-juan-cerritos\/","title":{"rendered":"Gobernadora ilesa tras perchase vial en ruta a la comunidad San Juan Cerritos"},"content":{"rendered":"\n<p>Un veh\u00edculo asignado a la Gobernaci\u00f3n de Suchitep\u00e9quez donde. Viajaba la gobernadora Mariana Enr\u00edquez sufri\u00f3 un accidente de tr\u00e1nsito en la ruta hacia la comunidad de San Juan Cerritos<\/p>\n\n\n\n<p>Afortunadamente, no se registraron personas heridas, \u00fanicamente da\u00f1os materiales en el veh\u00edculo oficial.<\/p><div class=\"elmet-contenido\" id=\"elmet-3750461329\"><div class=\"elmet-adlabel\">Anuncios<\/div><div style=\"margin-top: 20px;margin-right: 20px;margin-bottom: 20px;margin-left: 20px;\" id=\"elmet-1842173984\"><a href=\"https:\/\/www.facebook.com\/arrincuanantigua\/\" aria-label=\"cintillo-arrin-cual\"><img loading=\"lazy\" decoding=\"async\" src=\"https:\/\/elmetropolitano.com.gt\/es\/wp-content\/uploads\/2021\/11\/cintillo-arrin-cual-1.jpg\" alt=\"\"  srcset=\"https:\/\/elmetropolitano.com.gt\/es\/wp-content\/uploads\/2021\/11\/cintillo-arrin-cual-1.jpg 750w, https:\/\/elmetropolitano.com.gt\/es\/wp-content\/uploads\/2021\/11\/cintillo-arrin-cual-1-300x36.jpg 300w, https:\/\/elmetropolitano.com.gt\/es\/wp-content\/uploads\/2021\/11\/cintillo-arrin-cual-1-600x72.jpg 600w\" sizes=\"(max-width: 750px) 100vw, 750px\" width=\"750\" height=\"90\"   \/><\/a><\/div><\/div>\n\n\n\n<p>El incidente ocurri\u00f3 cuando el automotor derrap\u00f3, lo que ocasion\u00f3 moment\u00e1neas complicaciones en la circulaci\u00f3n vial del sector.<\/p>\n\n\n\n<p>En un comunicado la gobernaci\u00f3n expresa que \u201cSe agradece la comprensi\u00f3n de la poblaci\u00f3n por los inconvenientes en el tr\u00e1nsito que este hecho pudo generar. Las autoridades correspondientes ya se encuentran trabajando para normalizar la circulaci\u00f3n lo antes posible\u201d<\/p>\n\n\n\n<p>\u201cReiteramos nuestro compromiso con la seguridad y bienestar de la poblaci\u00f3n, as\u00ed como nuestro agradecimiento a quienes brindaron su apoyo inmediato\u201d indica finalmente el comunicado<\/p>\n\n\n\n<p><a href=\"https:\/\/www.facebook.com\/hashtag\/accidentevial?__eep__=6&amp;__cft__[0]=AZW3ANpZzwGM2Ln1yYViOEdVBtR9arrJAM1UU2POzEmiwEhWrhIX-uo_nmVxGfeYmKA0IaK-XnRtHvI0YvrIvcEC4cUijcHrJj60yPLCjCd-u20OZNxGLnERrhqRC9fhCUxrjMcVGFW1cq8LruBasP-qRKpjec8xdS9_Pt68NQY4jc0KJYYwgBXGdgvF5TAWJVY&amp;__tn__=*NK-R\">#AccidenteVial<\/a><a href=\"https:\/\/www.facebook.com\/hashtag\/suchitep%C3%A9quez?__eep__=6&amp;__cft__[0]=AZW3ANpZzwGM2Ln1yYViOEdVBtR9arrJAM1UU2POzEmiwEhWrhIX-uo_nmVxGfeYmKA0IaK-XnRtHvI0YvrIvcEC4cUijcHrJj60yPLCjCd-u20OZNxGLnERrhqRC9fhCUxrjMcVGFW1cq8LruBasP-qRKpjec8xdS9_Pt68NQY4jc0KJYYwgBXGdgvF5TAWJVY&amp;__tn__=*NK-R\">#Suchitep\u00e9quez<\/a><a href=\"https:\/\/www.facebook.com\/hashtag\/emergencia?__eep__=6&amp;__cft__[0]=AZW3ANpZzwGM2Ln1yYViOEdVBtR9arrJAM1UU2POzEmiwEhWrhIX-uo_nmVxGfeYmKA0IaK-XnRtHvI0YvrIvcEC4cUijcHrJj60yPLCjCd-u20OZNxGLnERrhqRC9fhCUxrjMcVGFW1cq8LruBasP-qRKpjec8xdS9_Pt68NQY4jc0KJYYwgBXGdgvF5TAWJVY&amp;__tn__=*NK-R\">#Emergencia<\/a><a href=\"https:\/\/www.facebook.com\/hashtag\/tr%C3%A1nsitogt?__eep__=6&amp;__cft__[0]=AZW3ANpZzwGM2Ln1yYViOEdVBtR9arrJAM1UU2POzEmiwEhWrhIX-uo_nmVxGfeYmKA0IaK-XnRtHvI0YvrIvcEC4cUijcHrJj60yPLCjCd-u20OZNxGLnERrhqRC9fhCUxrjMcVGFW1cq8LruBasP-qRKpjec8xdS9_Pt68NQY4jc0KJYYwgBXGdgvF5TAWJVY&amp;__tn__=*NK-R\">#Tr\u00e1nsitoGT<\/a><\/p>\n\n\n\n<figure class=\"wp-block-gallery has-nested-images columns-default is-cropped wp-block-gallery-1 is-layout-flex wp-block-gallery-is-layout-flex\">\n<figure class=\"wp-block-image size-large\"><img loading=\"lazy\" decoding=\"async\" width=\"1024\" height=\"768\" data-id=\"108942\" src=\"https:\/\/elmetropolitano.com.gt\/es\/wp-content\/uploads\/2025\/08\/529304155_1294822352643845_2978915475232582592_n-1024x768.jpg\" alt=\"\" class=\"wp-image-108942\" srcset=\"https:\/\/elmetropolitano.com.gt\/es\/wp-content\/uploads\/2025\/08\/529304155_1294822352643845_2978915475232582592_n-1024x768.jpg 1024w, https:\/\/elmetropolitano.com.gt\/es\/wp-content\/uploads\/2025\/08\/529304155_1294822352643845_2978915475232582592_n-300x225.jpg 300w, https:\/\/elmetropolitano.com.gt\/es\/wp-content\/uploads\/2025\/08\/529304155_1294822352643845_2978915475232582592_n-768x576.jpg 768w, https:\/\/elmetropolitano.com.gt\/es\/wp-content\/uploads\/2025\/08\/529304155_1294822352643845_2978915475232582592_n.jpg 1080w\" sizes=\"auto, (max-width: 1024px) 100vw, 1024px\" \/><\/figure>\n\n\n\n<figure class=\"wp-block-image size-large\"><img loading=\"lazy\" decoding=\"async\" width=\"1024\" height=\"768\" data-id=\"108943\" src=\"https:\/\/elmetropolitano.com.gt\/es\/wp-content\/uploads\/2025\/08\/529331621_1294822362643844_7599332175598346472_n-1-1024x768.jpg\" alt=\"\" class=\"wp-image-108943\" srcset=\"https:\/\/elmetropolitano.com.gt\/es\/wp-content\/uploads\/2025\/08\/529331621_1294822362643844_7599332175598346472_n-1-1024x768.jpg 1024w, https:\/\/elmetropolitano.com.gt\/es\/wp-content\/uploads\/2025\/08\/529331621_1294822362643844_7599332175598346472_n-1-300x225.jpg 300w, https:\/\/elmetropolitano.com.gt\/es\/wp-content\/uploads\/2025\/08\/529331621_1294822362643844_7599332175598346472_n-1-768x576.jpg 768w, https:\/\/elmetropolitano.com.gt\/es\/wp-content\/uploads\/2025\/08\/529331621_1294822362643844_7599332175598346472_n-1-1536x1152.jpg 1536w, https:\/\/elmetropolitano.com.gt\/es\/wp-content\/uploads\/2025\/08\/529331621_1294822362643844_7599332175598346472_n-1.jpg 1800w\" sizes=\"auto, (max-width: 1024px) 100vw, 1024px\" \/><\/figure>\n\n\n\n<figure class=\"wp-block-image size-large\"><img loading=\"lazy\" decoding=\"async\" width=\"771\" height=\"1024\" data-id=\"108941\" src=\"https:\/\/elmetropolitano.com.gt\/es\/wp-content\/uploads\/2025\/08\/530376412_1294822375977176_2343955638248694313_n-771x1024.jpg\" alt=\"\" class=\"wp-image-108941\" srcset=\"https:\/\/elmetropolitano.com.gt\/es\/wp-content\/uploads\/2025\/08\/530376412_1294822375977176_2343955638248694313_n-771x1024.jpg 771w, https:\/\/elmetropolitano.com.gt\/es\/wp-content\/uploads\/2025\/08\/530376412_1294822375977176_2343955638248694313_n-226x300.jpg 226w, https:\/\/elmetropolitano.com.gt\/es\/wp-content\/uploads\/2025\/08\/530376412_1294822375977176_2343955638248694313_n-768x1020.jpg 768w, https:\/\/elmetropolitano.com.gt\/es\/wp-content\/uploads\/2025\/08\/530376412_1294822375977176_2343955638248694313_n.jpg 813w\" sizes=\"auto, (max-width: 771px) 100vw, 771px\" \/><\/figure>\n<\/figure>\n","protected":false},"excerpt":{"rendered":"<p>Un veh\u00edculo asignado a la Gobernaci\u00f3n de Suchitep\u00e9quez donde. Viajaba la gobernadora Mariana Enr\u00edquez sufri\u00f3 un accidente de tr\u00e1nsito en la ruta hacia la comunidad de San Juan Cerritos Afortunadamente, no se registraron personas heridas, \u00fanicamente da\u00f1os materiales en el veh\u00edculo oficial. El incidente ocurri\u00f3 cuando el automotor derrap\u00f3, lo que ocasion\u00f3 moment\u00e1neas complicaciones en <a class=\"read-more\" href=\"https:\/\/elmetropolitano.com.gt\/es\/gobernadora-ilesa-tras-perchase-vial-en-ruta-a-la-comunidad-san-juan-cerritos\/\">Leer m\u00e1s<\/a><\/p>\n","protected":false},"author":1,"featured_media":108940,"comment_status":"open","ping_status":"closed","sticky":false,"template":"","format":"standard","meta":{"footnotes":""},"categories":[4],"tags":[13],"class_list":["post-108939","post","type-post","status-publish","format-standard","has-post-thumbnail","hentry","category-departamentales","tag-departamentales"],"_links":{"self":[{"href":"https:\/\/elmetropolitano.com.gt\/es\/wp-json\/wp\/v2\/posts\/108939","targetHints":{"allow":["GET"]}}],"collection":[{"href":"https:\/\/elmetropolitano.com.gt\/es\/wp-json\/wp\/v2\/posts"}],"about":[{"href":"https:\/\/elmetropolitano.com.gt\/es\/wp-json\/wp\/v2\/types\/post"}],"author":[{"embeddable":true,"href":"https:\/\/elmetropolitano.com.gt\/es\/wp-json\/wp\/v2\/users\/1"}],"replies":[{"embeddable":true,"href":"https:\/\/elmetropolitano.com.gt\/es\/wp-json\/wp\/v2\/comments?post=108939"}],"version-history":[{"count":1,"href":"https:\/\/elmetropolitano.com.gt\/es\/wp-json\/wp\/v2\/posts\/108939\/revisions"}],"predecessor-version":[{"id":108944,"href":"https:\/\/elmetropolitano.com.gt\/es\/wp-json\/wp\/v2\/posts\/108939\/revisions\/108944"}],"wp:featuredmedia":[{"embeddable":true,"href":"https:\/\/elmetropolitano.com.gt\/es\/wp-json\/wp\/v2\/media\/108940"}],"wp:attachment":[{"href":"https:\/\/elmetropolitano.com.gt\/es\/wp-json\/wp\/v2\/media?parent=108939"}],"wp:term":[{"taxonomy":"category","embeddable":true,"href":"https:\/\/elmetropolitano.com.gt\/es\/wp-json\/wp\/v2\/categories?post=108939"},{"taxonomy":"post_tag","embeddable":true,"href":"https:\/\/elmetropolitano.com.gt\/es\/wp-json\/wp\/v2\/tags?post=108939"}],"curies":[{"name":"wp","href":"https:\/\/api.w.org\/{rel}","templated":true}]}}