{"id":108980,"date":"2025-08-09T11:31:45","date_gmt":"2025-08-09T17:31:45","guid":{"rendered":"https:\/\/elmetropolitano.com.gt\/es\/?p=108980"},"modified":"2025-08-09T11:31:45","modified_gmt":"2025-08-09T17:31:45","slug":"la-nueva-carretera-en-san-pedro-necta-conecta-comunidades-y-abre-oportunidades","status":"publish","type":"post","link":"https:\/\/elmetropolitano.com.gt\/es\/la-nueva-carretera-en-san-pedro-necta-conecta-comunidades-y-abre-oportunidades\/","title":{"rendered":"La nueva carretera en San Pedro Necta conecta comunidades y abre oportunidades"},"content":{"rendered":"\n<p><a><\/a>Ubicado en la regi\u00f3n monta\u00f1osa de Huehuetenango, San Pedro Necta es un municipio con vocaci\u00f3n agr\u00edcola, donde productos como el caf\u00e9, ma\u00edz, frijol y hortalizas son esenciales para la econom\u00eda local.<\/p>\n\n\n\n<p>Durante a\u00f1os, la falta de infraestructura vial ha limitado el acceso a servicios b\u00e1sicos, afectando la movilidad y las oportunidades de comercio para sus habitantes.<\/p><div class=\"elmet-contenido\" id=\"elmet-1011866136\"><div class=\"elmet-adlabel\">Anuncios<\/div><div style=\"margin-top: 20px;margin-right: 20px;margin-bottom: 20px;margin-left: 20px;\" id=\"elmet-345183001\"><a href=\"https:\/\/www.facebook.com\/arrincuanantigua\/\" aria-label=\"cintillo-arrin-cual\"><img loading=\"lazy\" decoding=\"async\" src=\"https:\/\/elmetropolitano.com.gt\/es\/wp-content\/uploads\/2021\/11\/cintillo-arrin-cual-1.jpg\" alt=\"\"  srcset=\"https:\/\/elmetropolitano.com.gt\/es\/wp-content\/uploads\/2021\/11\/cintillo-arrin-cual-1.jpg 750w, https:\/\/elmetropolitano.com.gt\/es\/wp-content\/uploads\/2021\/11\/cintillo-arrin-cual-1-300x36.jpg 300w, https:\/\/elmetropolitano.com.gt\/es\/wp-content\/uploads\/2021\/11\/cintillo-arrin-cual-1-600x72.jpg 600w\" sizes=\"(max-width: 750px) 100vw, 750px\" width=\"750\" height=\"90\"   \/><\/a><\/div><\/div>\n\n\n\n<p>Para transformar esta realidad, el Fondo Social de Solidaridad (FSS) ejecuta con \u00e9xito el proyecto de pavimentaci\u00f3n de 3.3 kil\u00f3metros de las principales calles urbanas, as\u00ed como los ingresos de las aldeas vecinas hacia la cabecera municipal, utilizando concreto hidr\u00e1ulico.<\/p>\n\n\n\n<p>Este proyecto incluye la construcci\u00f3n de alcantarillado, bordillos, se\u00f1alizaci\u00f3n vertical y horizontal, as\u00ed como medidas de mitigaci\u00f3n ambiental, garantizando la sostenibilidad y seguridad de la obra a largo plazo.<\/p>\n\n\n\n<p>Con esta intervenci\u00f3n, m\u00e1s de 41 mil vecinos de San Pedro Necta experimentar\u00e1n una notable mejora en su calidad de vida, con una infraestructura vial moderna que facilita el transporte de productos agr\u00edcolas, el acceso a servicios de salud y educaci\u00f3n, y una mayor conectividad comercial.<\/p>\n\n\n\n<p>\u201cAntes estaba feo, con hoyos, y los carros patinaban para el invierno. Hoy est\u00e1 bonita la carretera. Ahora podemos trabajar mejor y llegar m\u00e1s r\u00e1pido\u201d, expresa Artulio Esteban, vecino y transportista de la comunidad.<\/p>\n\n\n\n<p>Por su parte, Andy Villatoro, conductor de mototaxi, comparti\u00f3 su experiencia: \u201cPara invierno, puro hoyo, y como la calle era puro barro, costaba m\u00e1s. Antes los mototaxis se arruinaban del motor por el esfuerzo. Ahora, con la carretera nueva, ya no se descomponen tanto las unidades.\u201d<\/p>\n\n\n\n<p>Gracias a esta nueva infraestructura vial, los ni\u00f1os llegan con seguridad a la escuela, los agricultores transportan sus productos sin contratiempos y las familias acceden m\u00e1s f\u00e1cilmente a servicios de salud y comercio, abriendo nuevas oportunidades para el desarrollo econ\u00f3mico y social de San Pedro Necta.<\/p>\n\n\n\n<p>Este proyecto refleja el compromiso del Ministerio de Comunicaciones, Infraestructura y Vivienda (CIV) por mejorar la calidad de vida de las comunidades rurales y contribuir al desarrollo integral de los territorios m\u00e1s alejados del pa\u00eds, bajo la visi\u00f3n del, Plan Conecta que impulsa la mejora de la infraestructura en beneficio de todos los guatemaltecos.<\/p>\n\n\n\n<p><a href=\"https:\/\/www.facebook.com\/hashtag\/civ?__eep__=6&amp;__cft__[0]=AZU0Bvz_2h_pz96iH0_VRvgv8CBWBCKE_41GJfE2-PMB2BL0kRNsGqYyCWsORSTYxX8tLMS-7ZAtpW1_EJQhUEm09UtPzz3wqqJtmqoqF2wfjthbnwoYjb7n1oW1Ra8I4uzydD0jqEwCeapVuYd8h9FJnTpPaDINzu-Nur-l7Asg0EO8Ax_Yvny-dv09lrcQBBI&amp;__tn__=*NK-R\">#CIV<\/a><a href=\"https:\/\/www.facebook.com\/hashtag\/planconecta2025?__eep__=6&amp;__cft__[0]=AZU0Bvz_2h_pz96iH0_VRvgv8CBWBCKE_41GJfE2-PMB2BL0kRNsGqYyCWsORSTYxX8tLMS-7ZAtpW1_EJQhUEm09UtPzz3wqqJtmqoqF2wfjthbnwoYjb7n1oW1Ra8I4uzydD0jqEwCeapVuYd8h9FJnTpPaDINzu-Nur-l7Asg0EO8Ax_Yvny-dv09lrcQBBI&amp;__tn__=*NK-R\">#PlanConecta2025<\/a><a href=\"https:\/\/www.facebook.com\/hashtag\/huehuetenango?__eep__=6&amp;__cft__[0]=AZU0Bvz_2h_pz96iH0_VRvgv8CBWBCKE_41GJfE2-PMB2BL0kRNsGqYyCWsORSTYxX8tLMS-7ZAtpW1_EJQhUEm09UtPzz3wqqJtmqoqF2wfjthbnwoYjb7n1oW1Ra8I4uzydD0jqEwCeapVuYd8h9FJnTpPaDINzu-Nur-l7Asg0EO8Ax_Yvny-dv09lrcQBBI&amp;__tn__=*NK-R\">#Huehuetenango<\/a><a href=\"https:\/\/www.facebook.com\/hashtag\/metroredes?__eep__=6&amp;__cft__[0]=AZU0Bvz_2h_pz96iH0_VRvgv8CBWBCKE_41GJfE2-PMB2BL0kRNsGqYyCWsORSTYxX8tLMS-7ZAtpW1_EJQhUEm09UtPzz3wqqJtmqoqF2wfjthbnwoYjb7n1oW1Ra8I4uzydD0jqEwCeapVuYd8h9FJnTpPaDINzu-Nur-l7Asg0EO8Ax_Yvny-dv09lrcQBBI&amp;__tn__=*NK-R\">#metroredes<\/a><a href=\"https:\/\/www.facebook.com\/hashtag\/sanpedronecta?__eep__=6&amp;__cft__[0]=AZU0Bvz_2h_pz96iH0_VRvgv8CBWBCKE_41GJfE2-PMB2BL0kRNsGqYyCWsORSTYxX8tLMS-7ZAtpW1_EJQhUEm09UtPzz3wqqJtmqoqF2wfjthbnwoYjb7n1oW1Ra8I4uzydD0jqEwCeapVuYd8h9FJnTpPaDINzu-Nur-l7Asg0EO8Ax_Yvny-dv09lrcQBBI&amp;__tn__=*NK-R\">#SanPedroNecta<\/a><\/p>\n\n\n\n<figure class=\"wp-block-gallery has-nested-images columns-default is-cropped wp-block-gallery-1 is-layout-flex wp-block-gallery-is-layout-flex\">\n<figure class=\"wp-block-image size-large\"><img loading=\"lazy\" decoding=\"async\" width=\"800\" height=\"500\" data-id=\"108982\" src=\"https:\/\/elmetropolitano.com.gt\/es\/wp-content\/uploads\/2025\/08\/515504658_1295238432602237_8185576521965746018_n.jpg\" alt=\"\" class=\"wp-image-108982\" srcset=\"https:\/\/elmetropolitano.com.gt\/es\/wp-content\/uploads\/2025\/08\/515504658_1295238432602237_8185576521965746018_n.jpg 800w, https:\/\/elmetropolitano.com.gt\/es\/wp-content\/uploads\/2025\/08\/515504658_1295238432602237_8185576521965746018_n-300x188.jpg 300w, https:\/\/elmetropolitano.com.gt\/es\/wp-content\/uploads\/2025\/08\/515504658_1295238432602237_8185576521965746018_n-768x480.jpg 768w\" sizes=\"auto, (max-width: 800px) 100vw, 800px\" \/><\/figure>\n\n\n\n<figure class=\"wp-block-image size-large\"><img loading=\"lazy\" decoding=\"async\" width=\"1024\" height=\"1024\" data-id=\"108984\" src=\"https:\/\/elmetropolitano.com.gt\/es\/wp-content\/uploads\/2025\/08\/529119747_1295238722602208_1691012204260207750_n-1-1-1024x1024.jpg\" alt=\"\" class=\"wp-image-108984\" srcset=\"https:\/\/elmetropolitano.com.gt\/es\/wp-content\/uploads\/2025\/08\/529119747_1295238722602208_1691012204260207750_n-1-1-1024x1024.jpg 1024w, https:\/\/elmetropolitano.com.gt\/es\/wp-content\/uploads\/2025\/08\/529119747_1295238722602208_1691012204260207750_n-1-1-300x300.jpg 300w, https:\/\/elmetropolitano.com.gt\/es\/wp-content\/uploads\/2025\/08\/529119747_1295238722602208_1691012204260207750_n-1-1-150x150.jpg 150w, https:\/\/elmetropolitano.com.gt\/es\/wp-content\/uploads\/2025\/08\/529119747_1295238722602208_1691012204260207750_n-1-1-768x768.jpg 768w, https:\/\/elmetropolitano.com.gt\/es\/wp-content\/uploads\/2025\/08\/529119747_1295238722602208_1691012204260207750_n-1-1.jpg 1152w\" sizes=\"auto, (max-width: 1024px) 100vw, 1024px\" \/><\/figure>\n\n\n\n<figure class=\"wp-block-image size-large\"><img loading=\"lazy\" decoding=\"async\" width=\"1024\" height=\"1024\" data-id=\"108985\" src=\"https:\/\/elmetropolitano.com.gt\/es\/wp-content\/uploads\/2025\/08\/529734600_1295238755935538_7156567920309232612_n-1024x1024.jpg\" alt=\"\" class=\"wp-image-108985\" srcset=\"https:\/\/elmetropolitano.com.gt\/es\/wp-content\/uploads\/2025\/08\/529734600_1295238755935538_7156567920309232612_n-1024x1024.jpg 1024w, https:\/\/elmetropolitano.com.gt\/es\/wp-content\/uploads\/2025\/08\/529734600_1295238755935538_7156567920309232612_n-300x300.jpg 300w, https:\/\/elmetropolitano.com.gt\/es\/wp-content\/uploads\/2025\/08\/529734600_1295238755935538_7156567920309232612_n-150x150.jpg 150w, https:\/\/elmetropolitano.com.gt\/es\/wp-content\/uploads\/2025\/08\/529734600_1295238755935538_7156567920309232612_n-768x768.jpg 768w, https:\/\/elmetropolitano.com.gt\/es\/wp-content\/uploads\/2025\/08\/529734600_1295238755935538_7156567920309232612_n.jpg 1362w\" sizes=\"auto, (max-width: 1024px) 100vw, 1024px\" \/><\/figure>\n\n\n\n<figure class=\"wp-block-image size-large\"><img loading=\"lazy\" decoding=\"async\" width=\"1024\" height=\"1024\" data-id=\"108983\" src=\"https:\/\/elmetropolitano.com.gt\/es\/wp-content\/uploads\/2025\/08\/530244430_1295238709268876_5166306849554670963_n-1024x1024.jpg\" alt=\"\" class=\"wp-image-108983\" srcset=\"https:\/\/elmetropolitano.com.gt\/es\/wp-content\/uploads\/2025\/08\/530244430_1295238709268876_5166306849554670963_n-1024x1024.jpg 1024w, https:\/\/elmetropolitano.com.gt\/es\/wp-content\/uploads\/2025\/08\/530244430_1295238709268876_5166306849554670963_n-300x300.jpg 300w, https:\/\/elmetropolitano.com.gt\/es\/wp-content\/uploads\/2025\/08\/530244430_1295238709268876_5166306849554670963_n-150x150.jpg 150w, https:\/\/elmetropolitano.com.gt\/es\/wp-content\/uploads\/2025\/08\/530244430_1295238709268876_5166306849554670963_n-768x768.jpg 768w, https:\/\/elmetropolitano.com.gt\/es\/wp-content\/uploads\/2025\/08\/530244430_1295238709268876_5166306849554670963_n.jpg 1152w\" sizes=\"auto, (max-width: 1024px) 100vw, 1024px\" \/><\/figure>\n\n\n\n<figure class=\"wp-block-image size-large\"><img loading=\"lazy\" decoding=\"async\" width=\"1024\" height=\"1024\" data-id=\"108986\" src=\"https:\/\/elmetropolitano.com.gt\/es\/wp-content\/uploads\/2025\/08\/530390232_1295238745935539_4062881838327069902_n-1024x1024.jpg\" alt=\"\" class=\"wp-image-108986\" srcset=\"https:\/\/elmetropolitano.com.gt\/es\/wp-content\/uploads\/2025\/08\/530390232_1295238745935539_4062881838327069902_n-1024x1024.jpg 1024w, https:\/\/elmetropolitano.com.gt\/es\/wp-content\/uploads\/2025\/08\/530390232_1295238745935539_4062881838327069902_n-300x300.jpg 300w, https:\/\/elmetropolitano.com.gt\/es\/wp-content\/uploads\/2025\/08\/530390232_1295238745935539_4062881838327069902_n-150x150.jpg 150w, https:\/\/elmetropolitano.com.gt\/es\/wp-content\/uploads\/2025\/08\/530390232_1295238745935539_4062881838327069902_n-768x768.jpg 768w, https:\/\/elmetropolitano.com.gt\/es\/wp-content\/uploads\/2025\/08\/530390232_1295238745935539_4062881838327069902_n.jpg 1152w\" sizes=\"auto, (max-width: 1024px) 100vw, 1024px\" \/><\/figure>\n<\/figure>\n","protected":false},"excerpt":{"rendered":"<p>Ubicado en la regi\u00f3n monta\u00f1osa de Huehuetenango, San Pedro Necta es un municipio con vocaci\u00f3n agr\u00edcola, donde productos como el caf\u00e9, ma\u00edz, frijol y hortalizas son esenciales para la econom\u00eda local. Durante a\u00f1os, la falta de infraestructura vial ha limitado el acceso a servicios b\u00e1sicos, afectando la movilidad y las oportunidades de comercio para sus <a class=\"read-more\" href=\"https:\/\/elmetropolitano.com.gt\/es\/la-nueva-carretera-en-san-pedro-necta-conecta-comunidades-y-abre-oportunidades\/\">Leer m\u00e1s<\/a><\/p>\n","protected":false},"author":1,"featured_media":108981,"comment_status":"open","ping_status":"closed","sticky":false,"template":"","format":"standard","meta":{"footnotes":""},"categories":[4],"tags":[13],"class_list":["post-108980","post","type-post","status-publish","format-standard","has-post-thumbnail","hentry","category-departamentales","tag-departamentales"],"_links":{"self":[{"href":"https:\/\/elmetropolitano.com.gt\/es\/wp-json\/wp\/v2\/posts\/108980","targetHints":{"allow":["GET"]}}],"collection":[{"href":"https:\/\/elmetropolitano.com.gt\/es\/wp-json\/wp\/v2\/posts"}],"about":[{"href":"https:\/\/elmetropolitano.com.gt\/es\/wp-json\/wp\/v2\/types\/post"}],"author":[{"embeddable":true,"href":"https:\/\/elmetropolitano.com.gt\/es\/wp-json\/wp\/v2\/users\/1"}],"replies":[{"embeddable":true,"href":"https:\/\/elmetropolitano.com.gt\/es\/wp-json\/wp\/v2\/comments?post=108980"}],"version-history":[{"count":1,"href":"https:\/\/elmetropolitano.com.gt\/es\/wp-json\/wp\/v2\/posts\/108980\/revisions"}],"predecessor-version":[{"id":108987,"href":"https:\/\/elmetropolitano.com.gt\/es\/wp-json\/wp\/v2\/posts\/108980\/revisions\/108987"}],"wp:featuredmedia":[{"embeddable":true,"href":"https:\/\/elmetropolitano.com.gt\/es\/wp-json\/wp\/v2\/media\/108981"}],"wp:attachment":[{"href":"https:\/\/elmetropolitano.com.gt\/es\/wp-json\/wp\/v2\/media?parent=108980"}],"wp:term":[{"taxonomy":"category","embeddable":true,"href":"https:\/\/elmetropolitano.com.gt\/es\/wp-json\/wp\/v2\/categories?post=108980"},{"taxonomy":"post_tag","embeddable":true,"href":"https:\/\/elmetropolitano.com.gt\/es\/wp-json\/wp\/v2\/tags?post=108980"}],"curies":[{"name":"wp","href":"https:\/\/api.w.org\/{rel}","templated":true}]}}