{"id":109262,"date":"2025-08-13T10:02:16","date_gmt":"2025-08-13T16:02:16","guid":{"rendered":"https:\/\/elmetropolitano.com.gt\/es\/?p=109262"},"modified":"2025-08-13T10:02:17","modified_gmt":"2025-08-13T16:02:17","slug":"dialogo-permite-restablecer-clases-en-la-escuela-oficial-rural-mixta-de-santo-tomas-sayaxche-peten","status":"publish","type":"post","link":"https:\/\/elmetropolitano.com.gt\/es\/dialogo-permite-restablecer-clases-en-la-escuela-oficial-rural-mixta-de-santo-tomas-sayaxche-peten\/","title":{"rendered":"Di\u00e1logo permite restablecer clases en la Escuela Oficial Rural Mixta de Santo Tom\u00e1s, Sayaxch\u00e9, Pet\u00e9n"},"content":{"rendered":"\n<p><a><\/a>La Gobernaci\u00f3n Departamental de Pet\u00e9n reafirm\u00f3 el compromiso con el acompa\u00f1amiento a las comunidades educativas, priorizando siempre el di\u00e1logo y la construcci\u00f3n de acuerdos como herramientas fundamentales para garantizar el derecho a la educaci\u00f3n de la ni\u00f1ez en un ambiente de respeto, colaboraci\u00f3n y armon\u00eda social.<\/p>\n\n\n\n<p>En la Escuela Oficial Rural Mixta de la aldea Santo Tom\u00e1s, municipio de Sayaxch\u00e9, se llev\u00f3 a cabo una asamblea comunitaria que reuni\u00f3 a diversos actores clave en el fortalecimiento del sistema educativo. En la mesa de trabajo participaron representantes de la Direcci\u00f3n Departamental de Educaci\u00f3n (Dideduc), encabezados por asesores educativos; la Procuradur\u00eda de los Derechos Humanos (PDH); autoridades de la Polic\u00eda Nacional Civil (PNC); personal docente de la instituci\u00f3n, y madres y padres de familia de la comunidad.<\/p><div class=\"elmet-contenido\" id=\"elmet-2445866169\"><div class=\"elmet-adlabel\">Anuncios<\/div><div style=\"margin-top: 20px;margin-right: 20px;margin-bottom: 20px;margin-left: 20px;\" id=\"elmet-210212257\"><a href=\"https:\/\/www.facebook.com\/arrincuanantigua\/\" aria-label=\"cintillo-arrin-cual\"><img loading=\"lazy\" decoding=\"async\" src=\"https:\/\/elmetropolitano.com.gt\/es\/wp-content\/uploads\/2021\/11\/cintillo-arrin-cual-1.jpg\" alt=\"\"  srcset=\"https:\/\/elmetropolitano.com.gt\/es\/wp-content\/uploads\/2021\/11\/cintillo-arrin-cual-1.jpg 750w, https:\/\/elmetropolitano.com.gt\/es\/wp-content\/uploads\/2021\/11\/cintillo-arrin-cual-1-300x36.jpg 300w, https:\/\/elmetropolitano.com.gt\/es\/wp-content\/uploads\/2021\/11\/cintillo-arrin-cual-1-600x72.jpg 600w\" sizes=\"(max-width: 750px) 100vw, 750px\" width=\"750\" height=\"90\"   \/><\/a><\/div><\/div>\n\n\n\n<p>Durante el encuentro, se escucharon las distintas posturas y preocupaciones de la comunidad educativa, abordando de manera directa temas relacionados con la continuidad de las clases, el cumplimiento de las funciones docentes y el fortalecimiento de la comunicaci\u00f3n entre padres de familia y maestros. Este ejercicio de escucha activa y di\u00e1logo permiti\u00f3 encontrar puntos de consenso y avanzar hacia la soluci\u00f3n de las diferencias que hab\u00edan afectado el desarrollo del ciclo escolar.<\/p>\n\n\n\n<p>Acuerdos alcanzados<\/p>\n\n\n\n<p>Como resultado, se alcanzaron acuerdos importantes: la reanudaci\u00f3n inmediata de las actividades escolares, el compromiso de los maestros de cumplir sus funciones con responsabilidad y dedicaci\u00f3n, y la disposici\u00f3n de las autoridades educativas y departamentales para dar seguimiento a los procesos administrativos necesarios, asegurando que las decisiones adoptadas se mantengan en el tiempo.<\/p>\n\n\n\n<p>La firma del acta de acuerdos y la reapertura oficial de la escuela representan un paso significativo hacia la recuperaci\u00f3n de la armon\u00eda y la confianza entre maestros, estudiantes y padres de familia. Este logro es fruto del esfuerzo conjunto y la voluntad de todas las partes de priorizar el bienestar y la formaci\u00f3n integral de los estudiantes.<\/p>\n\n\n\n<p>Desde las autoridades departamentales y educativas se continuar\u00e1 trabajando de manera coordinada para garantizar que el ciclo escolar culmine con \u00e9xito, en un ambiente de respeto mutuo, responsabilidad y compromiso colectivo. Este caso reafirma que el di\u00e1logo, la participaci\u00f3n ciudadana y la cooperaci\u00f3n interinstitucional son la v\u00eda m\u00e1s efectiva para superar retos y fortalecer el tejido social en las comunidades.<\/p>\n\n\n\n<p>Texto: Erick Vel\u00e1squez<\/p>\n\n\n\n<p><a href=\"https:\/\/www.facebook.com\/hashtag\/educacionparatodos?__eep__=6&amp;__cft__[0]=AZW1-e0szm0O44VD4oMX25riZsAbz712JXmCLZEkExC2qFKlbk9bvhWahv6Fcb9-7dPo4GqDcm29YzCBRBy-9nk6H-FhQcOddeppFBMZAEgWMuSvL_3SGSz1-VD5KxuKdGlhtn6cKFUNUVZe5ykOttNGEVMq3ddTuh6MJZK4xudELsWXj5F8HYUncKmgNoH6MZ0&amp;__tn__=*NK-R\">#EducacionParaTodos<\/a><a href=\"https:\/\/www.facebook.com\/hashtag\/metroredes?__eep__=6&amp;__cft__[0]=AZW1-e0szm0O44VD4oMX25riZsAbz712JXmCLZEkExC2qFKlbk9bvhWahv6Fcb9-7dPo4GqDcm29YzCBRBy-9nk6H-FhQcOddeppFBMZAEgWMuSvL_3SGSz1-VD5KxuKdGlhtn6cKFUNUVZe5ykOttNGEVMq3ddTuh6MJZK4xudELsWXj5F8HYUncKmgNoH6MZ0&amp;__tn__=*NK-R\">#metroredes<\/a><\/p>\n\n\n\n<figure class=\"wp-block-gallery has-nested-images columns-default is-cropped wp-block-gallery-1 is-layout-flex wp-block-gallery-is-layout-flex\">\n<figure class=\"wp-block-image size-large\"><img loading=\"lazy\" decoding=\"async\" width=\"1024\" height=\"421\" data-id=\"109267\" src=\"https:\/\/elmetropolitano.com.gt\/es\/wp-content\/uploads\/2025\/08\/530052697_1298348298957917_6065177429833206325_n-1024x421.jpg\" alt=\"\" class=\"wp-image-109267\" srcset=\"https:\/\/elmetropolitano.com.gt\/es\/wp-content\/uploads\/2025\/08\/530052697_1298348298957917_6065177429833206325_n-1024x421.jpg 1024w, https:\/\/elmetropolitano.com.gt\/es\/wp-content\/uploads\/2025\/08\/530052697_1298348298957917_6065177429833206325_n-300x123.jpg 300w, https:\/\/elmetropolitano.com.gt\/es\/wp-content\/uploads\/2025\/08\/530052697_1298348298957917_6065177429833206325_n-768x316.jpg 768w, https:\/\/elmetropolitano.com.gt\/es\/wp-content\/uploads\/2025\/08\/530052697_1298348298957917_6065177429833206325_n-1536x632.jpg 1536w, https:\/\/elmetropolitano.com.gt\/es\/wp-content\/uploads\/2025\/08\/530052697_1298348298957917_6065177429833206325_n.jpg 1555w\" sizes=\"auto, (max-width: 1024px) 100vw, 1024px\" \/><\/figure>\n\n\n\n<figure class=\"wp-block-image size-large\"><img loading=\"lazy\" decoding=\"async\" width=\"1024\" height=\"423\" data-id=\"109266\" src=\"https:\/\/elmetropolitano.com.gt\/es\/wp-content\/uploads\/2025\/08\/530939089_1298348258957921_6902785494405941034_n-1024x423.jpg\" alt=\"\" class=\"wp-image-109266\" srcset=\"https:\/\/elmetropolitano.com.gt\/es\/wp-content\/uploads\/2025\/08\/530939089_1298348258957921_6902785494405941034_n-1024x423.jpg 1024w, https:\/\/elmetropolitano.com.gt\/es\/wp-content\/uploads\/2025\/08\/530939089_1298348258957921_6902785494405941034_n-300x124.jpg 300w, https:\/\/elmetropolitano.com.gt\/es\/wp-content\/uploads\/2025\/08\/530939089_1298348258957921_6902785494405941034_n-768x317.jpg 768w, https:\/\/elmetropolitano.com.gt\/es\/wp-content\/uploads\/2025\/08\/530939089_1298348258957921_6902785494405941034_n-1536x635.jpg 1536w, https:\/\/elmetropolitano.com.gt\/es\/wp-content\/uploads\/2025\/08\/530939089_1298348258957921_6902785494405941034_n.jpg 1549w\" sizes=\"auto, (max-width: 1024px) 100vw, 1024px\" \/><\/figure>\n\n\n\n<figure class=\"wp-block-image size-large\"><img loading=\"lazy\" decoding=\"async\" width=\"1024\" height=\"427\" data-id=\"109265\" src=\"https:\/\/elmetropolitano.com.gt\/es\/wp-content\/uploads\/2025\/08\/532154503_1298348238957923_5159549499374890242_n-1-1024x427.jpg\" alt=\"\" class=\"wp-image-109265\" srcset=\"https:\/\/elmetropolitano.com.gt\/es\/wp-content\/uploads\/2025\/08\/532154503_1298348238957923_5159549499374890242_n-1-1024x427.jpg 1024w, https:\/\/elmetropolitano.com.gt\/es\/wp-content\/uploads\/2025\/08\/532154503_1298348238957923_5159549499374890242_n-1-300x125.jpg 300w, https:\/\/elmetropolitano.com.gt\/es\/wp-content\/uploads\/2025\/08\/532154503_1298348238957923_5159549499374890242_n-1-768x320.jpg 768w, https:\/\/elmetropolitano.com.gt\/es\/wp-content\/uploads\/2025\/08\/532154503_1298348238957923_5159549499374890242_n-1.jpg 1140w\" sizes=\"auto, (max-width: 1024px) 100vw, 1024px\" \/><\/figure>\n\n\n\n<figure class=\"wp-block-image size-large\"><img loading=\"lazy\" decoding=\"async\" width=\"1024\" height=\"439\" data-id=\"109264\" src=\"https:\/\/elmetropolitano.com.gt\/es\/wp-content\/uploads\/2025\/08\/532356393_1298348302291250_3951335115506042387_n-1024x439.jpg\" alt=\"\" class=\"wp-image-109264\" srcset=\"https:\/\/elmetropolitano.com.gt\/es\/wp-content\/uploads\/2025\/08\/532356393_1298348302291250_3951335115506042387_n-1024x439.jpg 1024w, https:\/\/elmetropolitano.com.gt\/es\/wp-content\/uploads\/2025\/08\/532356393_1298348302291250_3951335115506042387_n-300x129.jpg 300w, https:\/\/elmetropolitano.com.gt\/es\/wp-content\/uploads\/2025\/08\/532356393_1298348302291250_3951335115506042387_n-768x329.jpg 768w, https:\/\/elmetropolitano.com.gt\/es\/wp-content\/uploads\/2025\/08\/532356393_1298348302291250_3951335115506042387_n.jpg 1494w\" sizes=\"auto, (max-width: 1024px) 100vw, 1024px\" \/><\/figure>\n<\/figure>\n","protected":false},"excerpt":{"rendered":"<p>La Gobernaci\u00f3n Departamental de Pet\u00e9n reafirm\u00f3 el compromiso con el acompa\u00f1amiento a las comunidades educativas, priorizando siempre el di\u00e1logo y la construcci\u00f3n de acuerdos como herramientas fundamentales para garantizar el derecho a la educaci\u00f3n de la ni\u00f1ez en un ambiente de respeto, colaboraci\u00f3n y armon\u00eda social. En la Escuela Oficial Rural Mixta de la aldea <a class=\"read-more\" href=\"https:\/\/elmetropolitano.com.gt\/es\/dialogo-permite-restablecer-clases-en-la-escuela-oficial-rural-mixta-de-santo-tomas-sayaxche-peten\/\">Leer m\u00e1s<\/a><\/p>\n","protected":false},"author":1,"featured_media":109263,"comment_status":"open","ping_status":"closed","sticky":false,"template":"","format":"standard","meta":{"footnotes":""},"categories":[4],"tags":[13],"class_list":["post-109262","post","type-post","status-publish","format-standard","has-post-thumbnail","hentry","category-departamentales","tag-departamentales"],"_links":{"self":[{"href":"https:\/\/elmetropolitano.com.gt\/es\/wp-json\/wp\/v2\/posts\/109262","targetHints":{"allow":["GET"]}}],"collection":[{"href":"https:\/\/elmetropolitano.com.gt\/es\/wp-json\/wp\/v2\/posts"}],"about":[{"href":"https:\/\/elmetropolitano.com.gt\/es\/wp-json\/wp\/v2\/types\/post"}],"author":[{"embeddable":true,"href":"https:\/\/elmetropolitano.com.gt\/es\/wp-json\/wp\/v2\/users\/1"}],"replies":[{"embeddable":true,"href":"https:\/\/elmetropolitano.com.gt\/es\/wp-json\/wp\/v2\/comments?post=109262"}],"version-history":[{"count":1,"href":"https:\/\/elmetropolitano.com.gt\/es\/wp-json\/wp\/v2\/posts\/109262\/revisions"}],"predecessor-version":[{"id":109268,"href":"https:\/\/elmetropolitano.com.gt\/es\/wp-json\/wp\/v2\/posts\/109262\/revisions\/109268"}],"wp:featuredmedia":[{"embeddable":true,"href":"https:\/\/elmetropolitano.com.gt\/es\/wp-json\/wp\/v2\/media\/109263"}],"wp:attachment":[{"href":"https:\/\/elmetropolitano.com.gt\/es\/wp-json\/wp\/v2\/media?parent=109262"}],"wp:term":[{"taxonomy":"category","embeddable":true,"href":"https:\/\/elmetropolitano.com.gt\/es\/wp-json\/wp\/v2\/categories?post=109262"},{"taxonomy":"post_tag","embeddable":true,"href":"https:\/\/elmetropolitano.com.gt\/es\/wp-json\/wp\/v2\/tags?post=109262"}],"curies":[{"name":"wp","href":"https:\/\/api.w.org\/{rel}","templated":true}]}}