{"id":109297,"date":"2025-08-13T10:21:48","date_gmt":"2025-08-13T16:21:48","guid":{"rendered":"https:\/\/elmetropolitano.com.gt\/es\/?p=109297"},"modified":"2025-08-13T10:21:49","modified_gmt":"2025-08-13T16:21:49","slug":"el-civ-escucha-proyectos-de-infraestructura-para-zaragoza-chimaltenango","status":"publish","type":"post","link":"https:\/\/elmetropolitano.com.gt\/es\/el-civ-escucha-proyectos-de-infraestructura-para-zaragoza-chimaltenango\/","title":{"rendered":"El CIV escucha proyectos de infraestructura para Zaragoza, Chimaltenango"},"content":{"rendered":"\n<p>El desarrollo comienza con el di\u00e1logo. Bajo esa premisa y como parte de la pol\u00edtica de puertas abiertas que impulsa el Gobierno de Guatemala, el ministro de Comunicaciones, Infraestructura y Vivienda, Miguel \u00c1ngel D\u00edaz Bobadilla, recibi\u00f3 al alcalde de Zaragoza para abordar proyectos de infraestructura.<\/p>\n\n\n\n<p>Durante la reuni\u00f3n se presentaron las solicitudes para el mantenimiento de rutas clave del municipio y la construcci\u00f3n de dos pasos a desnivel.<\/p><div class=\"elmet-contenido\" id=\"elmet-2230214727\"><div class=\"elmet-adlabel\">Anuncios<\/div><div style=\"margin-top: 20px;margin-right: 20px;margin-bottom: 20px;margin-left: 20px;\" id=\"elmet-2958021002\"><a href=\"https:\/\/www.facebook.com\/arrincuanantigua\/\" aria-label=\"cintillo-arrin-cual\"><img loading=\"lazy\" decoding=\"async\" src=\"https:\/\/elmetropolitano.com.gt\/es\/wp-content\/uploads\/2021\/11\/cintillo-arrin-cual-1.jpg\" alt=\"\"  srcset=\"https:\/\/elmetropolitano.com.gt\/es\/wp-content\/uploads\/2021\/11\/cintillo-arrin-cual-1.jpg 750w, https:\/\/elmetropolitano.com.gt\/es\/wp-content\/uploads\/2021\/11\/cintillo-arrin-cual-1-300x36.jpg 300w, https:\/\/elmetropolitano.com.gt\/es\/wp-content\/uploads\/2021\/11\/cintillo-arrin-cual-1-600x72.jpg 600w\" sizes=\"(max-width: 750px) 100vw, 750px\" width=\"750\" height=\"90\"   \/><\/a><\/div><\/div>\n\n\n\n<p>El ministro detall\u00f3 los procesos t\u00e9cnicos y administrativos requeridos para poner en marcha estos proyectos, indicando que el inicio de su ejecuci\u00f3n podr\u00eda darse en un plazo estimado de entre 18 y 24 meses.<\/p>\n\n\n\n<p>A\u00f1adi\u00f3 que este plazo podr\u00eda acortarse si el ayuntamiento adelanta los estudios de ingenier\u00eda, econ\u00f3micos y ambientales, indispensables para evaluar la factibilidad e impacto de las obras.<\/p>\n\n\n\n<p>Adem\u00e1s, el ministro, anunci\u00f3 que Covial realizar\u00e1 una reinspecci\u00f3n del tramo en cuesti\u00f3n para gestionar un posible recapeo de la v\u00eda, mientras que una comisi\u00f3n de Caminos ser\u00e1 enviada el pr\u00f3ximo martes al municipio para determinar la viabilidad de los otros proyectos propuestos.<\/p>\n\n\n\n<p>Finalmente, D\u00edaz Bodabilla inst\u00f3 a las autoridades municipales a mantener una supervisi\u00f3n constante de las obras en curso, asegurando que las empresas contratistas cumplan con los est\u00e1ndares y plazos establecidos.<\/p>\n\n\n\n<p>Con estos compromisos, Zaragoza busca avanzar en la mejora de su infraestructura vial, con el respaldo t\u00e9cnico y la coordinaci\u00f3n institucional del CIV.<\/p>\n\n\n\n<p><a href=\"https:\/\/www.facebook.com\/hashtag\/zaragoza?__eep__=6&amp;__cft__[0]=AZW0-qK7uaRdjfGymdLZHHEzm94DcmvQPKnqD_nOnJXr4sn9Ebodr7xt1mrJSg8Uxx9GXCRSLgjhZEQtNF3WrXVDXh7Quak2QoxUDlgHwXKvKWfWWGDc58z6cleDFGLJ-ZEpZbalwbO01_tuhzrwQ4lkQl7wzVMbc_IIjA4ySjnsopxv4WY9gyUNxdGeT5hfTUI&amp;__tn__=*NK-R\">#zaragoza<\/a><a href=\"https:\/\/www.facebook.com\/hashtag\/civ?__eep__=6&amp;__cft__[0]=AZW0-qK7uaRdjfGymdLZHHEzm94DcmvQPKnqD_nOnJXr4sn9Ebodr7xt1mrJSg8Uxx9GXCRSLgjhZEQtNF3WrXVDXh7Quak2QoxUDlgHwXKvKWfWWGDc58z6cleDFGLJ-ZEpZbalwbO01_tuhzrwQ4lkQl7wzVMbc_IIjA4ySjnsopxv4WY9gyUNxdGeT5hfTUI&amp;__tn__=*NK-R\">#Civ<\/a><a href=\"https:\/\/www.facebook.com\/hashtag\/chimaltenango?__eep__=6&amp;__cft__[0]=AZW0-qK7uaRdjfGymdLZHHEzm94DcmvQPKnqD_nOnJXr4sn9Ebodr7xt1mrJSg8Uxx9GXCRSLgjhZEQtNF3WrXVDXh7Quak2QoxUDlgHwXKvKWfWWGDc58z6cleDFGLJ-ZEpZbalwbO01_tuhzrwQ4lkQl7wzVMbc_IIjA4ySjnsopxv4WY9gyUNxdGeT5hfTUI&amp;__tn__=*NK-R\">#Chimaltenango<\/a><\/p>\n\n\n\n<figure class=\"wp-block-gallery has-nested-images columns-default is-cropped wp-block-gallery-1 is-layout-flex wp-block-gallery-is-layout-flex\">\n<figure class=\"wp-block-image size-large\"><img loading=\"lazy\" decoding=\"async\" width=\"593\" height=\"395\" data-id=\"109299\" src=\"https:\/\/elmetropolitano.com.gt\/es\/wp-content\/uploads\/2025\/08\/530077030_1298733488919398_6596520867085595014_n.jpg\" alt=\"\" class=\"wp-image-109299\" srcset=\"https:\/\/elmetropolitano.com.gt\/es\/wp-content\/uploads\/2025\/08\/530077030_1298733488919398_6596520867085595014_n.jpg 593w, https:\/\/elmetropolitano.com.gt\/es\/wp-content\/uploads\/2025\/08\/530077030_1298733488919398_6596520867085595014_n-300x200.jpg 300w\" sizes=\"auto, (max-width: 593px) 100vw, 593px\" \/><\/figure>\n\n\n\n<figure class=\"wp-block-image size-large\"><img loading=\"lazy\" decoding=\"async\" width=\"593\" height=\"395\" data-id=\"109301\" src=\"https:\/\/elmetropolitano.com.gt\/es\/wp-content\/uploads\/2025\/08\/530679396_1298733482252732_1344826107681782444_n.jpg\" alt=\"\" class=\"wp-image-109301\" srcset=\"https:\/\/elmetropolitano.com.gt\/es\/wp-content\/uploads\/2025\/08\/530679396_1298733482252732_1344826107681782444_n.jpg 593w, https:\/\/elmetropolitano.com.gt\/es\/wp-content\/uploads\/2025\/08\/530679396_1298733482252732_1344826107681782444_n-300x200.jpg 300w\" sizes=\"auto, (max-width: 593px) 100vw, 593px\" \/><\/figure>\n\n\n\n<figure class=\"wp-block-image size-large\"><img loading=\"lazy\" decoding=\"async\" width=\"593\" height=\"395\" data-id=\"109300\" src=\"https:\/\/elmetropolitano.com.gt\/es\/wp-content\/uploads\/2025\/08\/530822659_1298733442252736_2856513132674917527_n.jpg\" alt=\"\" class=\"wp-image-109300\" srcset=\"https:\/\/elmetropolitano.com.gt\/es\/wp-content\/uploads\/2025\/08\/530822659_1298733442252736_2856513132674917527_n.jpg 593w, https:\/\/elmetropolitano.com.gt\/es\/wp-content\/uploads\/2025\/08\/530822659_1298733442252736_2856513132674917527_n-300x200.jpg 300w\" sizes=\"auto, (max-width: 593px) 100vw, 593px\" \/><\/figure>\n<\/figure>\n","protected":false},"excerpt":{"rendered":"<p>El desarrollo comienza con el di\u00e1logo. Bajo esa premisa y como parte de la pol\u00edtica de puertas abiertas que impulsa el Gobierno de Guatemala, el ministro de Comunicaciones, Infraestructura y Vivienda, Miguel \u00c1ngel D\u00edaz Bobadilla, recibi\u00f3 al alcalde de Zaragoza para abordar proyectos de infraestructura. Durante la reuni\u00f3n se presentaron las solicitudes para el mantenimiento <a class=\"read-more\" href=\"https:\/\/elmetropolitano.com.gt\/es\/el-civ-escucha-proyectos-de-infraestructura-para-zaragoza-chimaltenango\/\">Leer m\u00e1s<\/a><\/p>\n","protected":false},"author":1,"featured_media":109298,"comment_status":"open","ping_status":"closed","sticky":false,"template":"","format":"standard","meta":{"footnotes":""},"categories":[4],"tags":[13],"class_list":["post-109297","post","type-post","status-publish","format-standard","has-post-thumbnail","hentry","category-departamentales","tag-departamentales"],"_links":{"self":[{"href":"https:\/\/elmetropolitano.com.gt\/es\/wp-json\/wp\/v2\/posts\/109297","targetHints":{"allow":["GET"]}}],"collection":[{"href":"https:\/\/elmetropolitano.com.gt\/es\/wp-json\/wp\/v2\/posts"}],"about":[{"href":"https:\/\/elmetropolitano.com.gt\/es\/wp-json\/wp\/v2\/types\/post"}],"author":[{"embeddable":true,"href":"https:\/\/elmetropolitano.com.gt\/es\/wp-json\/wp\/v2\/users\/1"}],"replies":[{"embeddable":true,"href":"https:\/\/elmetropolitano.com.gt\/es\/wp-json\/wp\/v2\/comments?post=109297"}],"version-history":[{"count":1,"href":"https:\/\/elmetropolitano.com.gt\/es\/wp-json\/wp\/v2\/posts\/109297\/revisions"}],"predecessor-version":[{"id":109302,"href":"https:\/\/elmetropolitano.com.gt\/es\/wp-json\/wp\/v2\/posts\/109297\/revisions\/109302"}],"wp:featuredmedia":[{"embeddable":true,"href":"https:\/\/elmetropolitano.com.gt\/es\/wp-json\/wp\/v2\/media\/109298"}],"wp:attachment":[{"href":"https:\/\/elmetropolitano.com.gt\/es\/wp-json\/wp\/v2\/media?parent=109297"}],"wp:term":[{"taxonomy":"category","embeddable":true,"href":"https:\/\/elmetropolitano.com.gt\/es\/wp-json\/wp\/v2\/categories?post=109297"},{"taxonomy":"post_tag","embeddable":true,"href":"https:\/\/elmetropolitano.com.gt\/es\/wp-json\/wp\/v2\/tags?post=109297"}],"curies":[{"name":"wp","href":"https:\/\/api.w.org\/{rel}","templated":true}]}}