{"id":109442,"date":"2025-08-14T20:39:17","date_gmt":"2025-08-15T02:39:17","guid":{"rendered":"https:\/\/elmetropolitano.com.gt\/es\/?p=109442"},"modified":"2025-08-14T20:39:18","modified_gmt":"2025-08-15T02:39:18","slug":"se-levanta-bloqueo-en-la-ruta-interamericana-ca-1-huehuetenango-y-se-planifica-reparacion","status":"publish","type":"post","link":"https:\/\/elmetropolitano.com.gt\/es\/se-levanta-bloqueo-en-la-ruta-interamericana-ca-1-huehuetenango-y-se-planifica-reparacion\/","title":{"rendered":"Se levanta bloqueo en la ruta interamericana CA-1 Huehuetenango y se planifica reparaci\u00f3n"},"content":{"rendered":"\n<p>A <a><\/a>trav\u00e9s del di\u00e1logo, el Ministerio de Comunicaciones, Infraestructura y Vivienda (CIV), en coordinaci\u00f3n con la Secretar\u00eda de Coordinaci\u00f3n Ejecutiva de la Presidencia, la Gobernaci\u00f3n Departamental y el Congreso de la Rep\u00fablica, alcanz\u00f3 acuerdos con la Asociaci\u00f3n de Transporte Pesado de Huehuetenango.<\/p>\n\n\n\n<p>Estos entendimientos permitieron liberar el paso en el kil\u00f3metro 241 de la ruta Interamericana CA-1, que se manten\u00eda bloqueada desde el pasado lunes.<\/p><div class=\"elmet-contenido\" id=\"elmet-2482221988\"><div class=\"elmet-adlabel\">Anuncios<\/div><div style=\"margin-top: 20px;margin-right: 20px;margin-bottom: 20px;margin-left: 20px;\" id=\"elmet-2099491293\"><a href=\"https:\/\/www.facebook.com\/arrincuanantigua\/\" aria-label=\"cintillo-arrin-cual\"><img loading=\"lazy\" decoding=\"async\" src=\"https:\/\/elmetropolitano.com.gt\/es\/wp-content\/uploads\/2021\/11\/cintillo-arrin-cual-1.jpg\" alt=\"\"  srcset=\"https:\/\/elmetropolitano.com.gt\/es\/wp-content\/uploads\/2021\/11\/cintillo-arrin-cual-1.jpg 750w, https:\/\/elmetropolitano.com.gt\/es\/wp-content\/uploads\/2021\/11\/cintillo-arrin-cual-1-300x36.jpg 300w, https:\/\/elmetropolitano.com.gt\/es\/wp-content\/uploads\/2021\/11\/cintillo-arrin-cual-1-600x72.jpg 600w\" sizes=\"(max-width: 750px) 100vw, 750px\" width=\"750\" height=\"90\"   \/><\/a><\/div><\/div>\n\n\n\n<p>Gracias a estas gestiones, la circulaci\u00f3n en la v\u00eda se restableci\u00f3 priorizando la seguridad y conectividad de los usuarios que diariamente transitan por este importante corredor.<\/p>\n\n\n\n<p>La pr\u00f3xima semana se llevar\u00e1 a cabo una reuni\u00f3n en el vicedespacho de Infraestructura, para analizar opciones t\u00e9cnicas definitivas que solucionen los da\u00f1os de la carretera, garantizando una reparaci\u00f3n duradera de la carretera.<\/p>\n\n\n\n<p>En la reuni\u00f3n participaron delegados de la Unidad Ejecutora de Conservaci\u00f3n Vial (Covial), autoridades locales como el diputado Rub\u00e9n Ram\u00edrez y la gobernadora Elsa Hern\u00e1ndez, quienes destacaron la importancia de coordinar esfuerzos entre el gobierno, transportistas y comunidad para mantener la conectividad y el desarrollo de Huehuetenango.<\/p>\n\n\n\n<p>Adem\u00e1s, se les dio a conocer que en las pr\u00f3ximas semanas dar\u00e1n inicio los proyectos de mantenimiento en la ruta Interamericana CA-01, que atienden las demandas de la poblaci\u00f3n local.<\/p>\n\n\n\n<p>Con estas acciones, el CIV reafirma su compromiso con la movilidad segura, la infraestructura eficiente y la atenci\u00f3n pronta a las necesidades de las comunidades<\/p>\n\n\n\n<p><a href=\"https:\/\/www.facebook.com\/hashtag\/civ?__eep__=6&amp;__cft__[0]=AZVoDrB91_g8uTe_kcauINyA8LBZpOEZ3xfpGf4xyc4lhJA4ZPLECHWBxgmIY2SRRmfOl8D6qFEIAoUqwGSCwfQRz3k2IeLFhKkeaMxltQpQf1DT_oXrNkA89wwVSFUfir46gWwNMrpuoir2yGwu1288v2NNCOfzFx443wehy1fo89uFxZGS43NrHBvivYQt_pQ&amp;__tn__=*NK-R\">#CIV<\/a><a href=\"https:\/\/www.facebook.com\/hashtag\/covial?__eep__=6&amp;__cft__[0]=AZVoDrB91_g8uTe_kcauINyA8LBZpOEZ3xfpGf4xyc4lhJA4ZPLECHWBxgmIY2SRRmfOl8D6qFEIAoUqwGSCwfQRz3k2IeLFhKkeaMxltQpQf1DT_oXrNkA89wwVSFUfir46gWwNMrpuoir2yGwu1288v2NNCOfzFx443wehy1fo89uFxZGS43NrHBvivYQt_pQ&amp;__tn__=*NK-R\">#Covial<\/a><a href=\"https:\/\/www.facebook.com\/hashtag\/huehuetenango?__eep__=6&amp;__cft__[0]=AZVoDrB91_g8uTe_kcauINyA8LBZpOEZ3xfpGf4xyc4lhJA4ZPLECHWBxgmIY2SRRmfOl8D6qFEIAoUqwGSCwfQRz3k2IeLFhKkeaMxltQpQf1DT_oXrNkA89wwVSFUfir46gWwNMrpuoir2yGwu1288v2NNCOfzFx443wehy1fo89uFxZGS43NrHBvivYQt_pQ&amp;__tn__=*NK-R\">#Huehuetenango<\/a><a href=\"https:\/\/www.facebook.com\/hashtag\/metroredes?__eep__=6&amp;__cft__[0]=AZVoDrB91_g8uTe_kcauINyA8LBZpOEZ3xfpGf4xyc4lhJA4ZPLECHWBxgmIY2SRRmfOl8D6qFEIAoUqwGSCwfQRz3k2IeLFhKkeaMxltQpQf1DT_oXrNkA89wwVSFUfir46gWwNMrpuoir2yGwu1288v2NNCOfzFx443wehy1fo89uFxZGS43NrHBvivYQt_pQ&amp;__tn__=*NK-R\">#metroredes<\/a><\/p>\n\n\n\n<figure class=\"wp-block-gallery has-nested-images columns-default is-cropped wp-block-gallery-1 is-layout-flex wp-block-gallery-is-layout-flex\">\n<figure class=\"wp-block-image size-large\"><img loading=\"lazy\" decoding=\"async\" width=\"1024\" height=\"683\" data-id=\"109445\" src=\"https:\/\/elmetropolitano.com.gt\/es\/wp-content\/uploads\/2025\/08\/532321450_1300147522111328_6386396674321750277_n-1024x683.jpg\" alt=\"\" class=\"wp-image-109445\" srcset=\"https:\/\/elmetropolitano.com.gt\/es\/wp-content\/uploads\/2025\/08\/532321450_1300147522111328_6386396674321750277_n-1024x683.jpg 1024w, https:\/\/elmetropolitano.com.gt\/es\/wp-content\/uploads\/2025\/08\/532321450_1300147522111328_6386396674321750277_n-300x200.jpg 300w, https:\/\/elmetropolitano.com.gt\/es\/wp-content\/uploads\/2025\/08\/532321450_1300147522111328_6386396674321750277_n-768x512.jpg 768w, https:\/\/elmetropolitano.com.gt\/es\/wp-content\/uploads\/2025\/08\/532321450_1300147522111328_6386396674321750277_n.jpg 1500w\" sizes=\"auto, (max-width: 1024px) 100vw, 1024px\" \/><\/figure>\n\n\n\n<figure class=\"wp-block-image size-large\"><img loading=\"lazy\" decoding=\"async\" width=\"1024\" height=\"768\" data-id=\"109444\" src=\"https:\/\/elmetropolitano.com.gt\/es\/wp-content\/uploads\/2025\/08\/532515636_1300147488777998_3773026378462902591_n-1024x768.jpg\" alt=\"\" class=\"wp-image-109444\" srcset=\"https:\/\/elmetropolitano.com.gt\/es\/wp-content\/uploads\/2025\/08\/532515636_1300147488777998_3773026378462902591_n-1024x768.jpg 1024w, https:\/\/elmetropolitano.com.gt\/es\/wp-content\/uploads\/2025\/08\/532515636_1300147488777998_3773026378462902591_n-300x225.jpg 300w, https:\/\/elmetropolitano.com.gt\/es\/wp-content\/uploads\/2025\/08\/532515636_1300147488777998_3773026378462902591_n-768x576.jpg 768w, https:\/\/elmetropolitano.com.gt\/es\/wp-content\/uploads\/2025\/08\/532515636_1300147488777998_3773026378462902591_n.jpg 1080w\" sizes=\"auto, (max-width: 1024px) 100vw, 1024px\" \/><\/figure>\n\n\n\n<figure class=\"wp-block-image size-large\"><img loading=\"lazy\" decoding=\"async\" width=\"1024\" height=\"768\" data-id=\"109446\" src=\"https:\/\/elmetropolitano.com.gt\/es\/wp-content\/uploads\/2025\/08\/532543729_1300147502111330_1205316100308303537_n-1024x768.jpg\" alt=\"\" class=\"wp-image-109446\" srcset=\"https:\/\/elmetropolitano.com.gt\/es\/wp-content\/uploads\/2025\/08\/532543729_1300147502111330_1205316100308303537_n-1024x768.jpg 1024w, https:\/\/elmetropolitano.com.gt\/es\/wp-content\/uploads\/2025\/08\/532543729_1300147502111330_1205316100308303537_n-300x225.jpg 300w, https:\/\/elmetropolitano.com.gt\/es\/wp-content\/uploads\/2025\/08\/532543729_1300147502111330_1205316100308303537_n-768x576.jpg 768w, https:\/\/elmetropolitano.com.gt\/es\/wp-content\/uploads\/2025\/08\/532543729_1300147502111330_1205316100308303537_n.jpg 1280w\" sizes=\"auto, (max-width: 1024px) 100vw, 1024px\" \/><\/figure>\n\n\n\n<figure class=\"wp-block-image size-large\"><img loading=\"lazy\" decoding=\"async\" width=\"1024\" height=\"683\" data-id=\"109447\" src=\"https:\/\/elmetropolitano.com.gt\/es\/wp-content\/uploads\/2025\/08\/533070196_1300147415444672_6203057227293367192_n-1-1024x683.jpg\" alt=\"\" class=\"wp-image-109447\" srcset=\"https:\/\/elmetropolitano.com.gt\/es\/wp-content\/uploads\/2025\/08\/533070196_1300147415444672_6203057227293367192_n-1-1024x683.jpg 1024w, https:\/\/elmetropolitano.com.gt\/es\/wp-content\/uploads\/2025\/08\/533070196_1300147415444672_6203057227293367192_n-1-300x200.jpg 300w, https:\/\/elmetropolitano.com.gt\/es\/wp-content\/uploads\/2025\/08\/533070196_1300147415444672_6203057227293367192_n-1-768x512.jpg 768w, https:\/\/elmetropolitano.com.gt\/es\/wp-content\/uploads\/2025\/08\/533070196_1300147415444672_6203057227293367192_n-1.jpg 1500w\" sizes=\"auto, (max-width: 1024px) 100vw, 1024px\" \/><\/figure>\n\n\n\n<figure class=\"wp-block-image size-large\"><img loading=\"lazy\" decoding=\"async\" width=\"1024\" height=\"683\" data-id=\"109448\" src=\"https:\/\/elmetropolitano.com.gt\/es\/wp-content\/uploads\/2025\/08\/533570854_1300147422111338_4330838577111519448_n-1024x683.jpg\" alt=\"\" class=\"wp-image-109448\" srcset=\"https:\/\/elmetropolitano.com.gt\/es\/wp-content\/uploads\/2025\/08\/533570854_1300147422111338_4330838577111519448_n-1024x683.jpg 1024w, https:\/\/elmetropolitano.com.gt\/es\/wp-content\/uploads\/2025\/08\/533570854_1300147422111338_4330838577111519448_n-300x200.jpg 300w, https:\/\/elmetropolitano.com.gt\/es\/wp-content\/uploads\/2025\/08\/533570854_1300147422111338_4330838577111519448_n-768x512.jpg 768w, https:\/\/elmetropolitano.com.gt\/es\/wp-content\/uploads\/2025\/08\/533570854_1300147422111338_4330838577111519448_n.jpg 1500w\" sizes=\"auto, (max-width: 1024px) 100vw, 1024px\" \/><\/figure>\n<\/figure>\n","protected":false},"excerpt":{"rendered":"<p>A trav\u00e9s del di\u00e1logo, el Ministerio de Comunicaciones, Infraestructura y Vivienda (CIV), en coordinaci\u00f3n con la Secretar\u00eda de Coordinaci\u00f3n Ejecutiva de la Presidencia, la Gobernaci\u00f3n Departamental y el Congreso de la Rep\u00fablica, alcanz\u00f3 acuerdos con la Asociaci\u00f3n de Transporte Pesado de Huehuetenango. Estos entendimientos permitieron liberar el paso en el kil\u00f3metro 241 de la ruta <a class=\"read-more\" href=\"https:\/\/elmetropolitano.com.gt\/es\/se-levanta-bloqueo-en-la-ruta-interamericana-ca-1-huehuetenango-y-se-planifica-reparacion\/\">Leer m\u00e1s<\/a><\/p>\n","protected":false},"author":1,"featured_media":109443,"comment_status":"open","ping_status":"closed","sticky":false,"template":"","format":"standard","meta":{"footnotes":""},"categories":[4],"tags":[13],"class_list":["post-109442","post","type-post","status-publish","format-standard","has-post-thumbnail","hentry","category-departamentales","tag-departamentales"],"_links":{"self":[{"href":"https:\/\/elmetropolitano.com.gt\/es\/wp-json\/wp\/v2\/posts\/109442","targetHints":{"allow":["GET"]}}],"collection":[{"href":"https:\/\/elmetropolitano.com.gt\/es\/wp-json\/wp\/v2\/posts"}],"about":[{"href":"https:\/\/elmetropolitano.com.gt\/es\/wp-json\/wp\/v2\/types\/post"}],"author":[{"embeddable":true,"href":"https:\/\/elmetropolitano.com.gt\/es\/wp-json\/wp\/v2\/users\/1"}],"replies":[{"embeddable":true,"href":"https:\/\/elmetropolitano.com.gt\/es\/wp-json\/wp\/v2\/comments?post=109442"}],"version-history":[{"count":1,"href":"https:\/\/elmetropolitano.com.gt\/es\/wp-json\/wp\/v2\/posts\/109442\/revisions"}],"predecessor-version":[{"id":109449,"href":"https:\/\/elmetropolitano.com.gt\/es\/wp-json\/wp\/v2\/posts\/109442\/revisions\/109449"}],"wp:featuredmedia":[{"embeddable":true,"href":"https:\/\/elmetropolitano.com.gt\/es\/wp-json\/wp\/v2\/media\/109443"}],"wp:attachment":[{"href":"https:\/\/elmetropolitano.com.gt\/es\/wp-json\/wp\/v2\/media?parent=109442"}],"wp:term":[{"taxonomy":"category","embeddable":true,"href":"https:\/\/elmetropolitano.com.gt\/es\/wp-json\/wp\/v2\/categories?post=109442"},{"taxonomy":"post_tag","embeddable":true,"href":"https:\/\/elmetropolitano.com.gt\/es\/wp-json\/wp\/v2\/tags?post=109442"}],"curies":[{"name":"wp","href":"https:\/\/api.w.org\/{rel}","templated":true}]}}