{"id":109655,"date":"2025-08-18T11:24:09","date_gmt":"2025-08-18T17:24:09","guid":{"rendered":"https:\/\/elmetropolitano.com.gt\/es\/?p=109655"},"modified":"2025-08-18T11:24:10","modified_gmt":"2025-08-18T17:24:10","slug":"precaucion-por-trabajos-viales-en-la-zona-1-de-escuintla","status":"publish","type":"post","link":"https:\/\/elmetropolitano.com.gt\/es\/precaucion-por-trabajos-viales-en-la-zona-1-de-escuintla\/","title":{"rendered":"PRECAUCI\u00d3N por trabajos viales en la zona 1 de Escuintla"},"content":{"rendered":"\n<p><a><\/a>La Direcci\u00f3n Municipal de Planificaci\u00f3n del gobierno municipal de Escuibtla que dirige Abraham Rivera del Partido victoria inici\u00f3 este lunes los trabajos de mejoramiento de calle, en la 3\u00aa calle entre 1\u00aa y 2\u00aa avenida, zona 1 de Escuintla.<\/p>\n\n\n\n<p>El paso vehicular permanecer\u00e1 restringido en el \u00e1rea por lo que la Polic\u00eda Municipal de Tr\u00e1nsito PMT recomienda a los conductores tomar las debidas precauciones<\/p><div class=\"elmet-contenido\" id=\"elmet-2537766369\"><div class=\"elmet-adlabel\">Anuncios<\/div><div style=\"margin-top: 20px;margin-right: 20px;margin-bottom: 20px;margin-left: 20px;\" id=\"elmet-291996984\"><a href=\"https:\/\/www.facebook.com\/arrincuanantigua\/\" aria-label=\"cintillo-arrin-cual\"><img loading=\"lazy\" decoding=\"async\" src=\"https:\/\/elmetropolitano.com.gt\/es\/wp-content\/uploads\/2021\/11\/cintillo-arrin-cual-1.jpg\" alt=\"\"  srcset=\"https:\/\/elmetropolitano.com.gt\/es\/wp-content\/uploads\/2021\/11\/cintillo-arrin-cual-1.jpg 750w, https:\/\/elmetropolitano.com.gt\/es\/wp-content\/uploads\/2021\/11\/cintillo-arrin-cual-1-300x36.jpg 300w, https:\/\/elmetropolitano.com.gt\/es\/wp-content\/uploads\/2021\/11\/cintillo-arrin-cual-1-600x72.jpg 600w\" sizes=\"(max-width: 750px) 100vw, 750px\" width=\"750\" height=\"90\"   \/><\/a><\/div><\/div>\n\n\n\n<p>Agentes de la PMT se encuentran en el \u00e1rea apoyando en la regulaci\u00f3n del tr\u00e1fico vehicular.<\/p>\n\n\n\n<p><a href=\"https:\/\/www.facebook.com\/hashtag\/muniescuintla?__eep__=6&amp;__cft__[0]=AZX-gUNNGlBagZgbqx_20sv88IBrUCRotB73PUplgaLt737YeiBpey8qXxLlRBOB3KwxIOLTl8ep0YAq9yVxaw0dl0bH8ReO3VCAvI436skWm1HKkmW5Au_j7nl7spJpWpu4ISdIWiWViuyCSrcKF6IllLSQWlTb8oR5I6Rxp8dA8wj2wslsW5-icbzeOAwSKD0&amp;__tn__=*NK-R\">#MuniEscuintla<\/a><a href=\"https:\/\/www.facebook.com\/hashtag\/pmtescuintla?__eep__=6&amp;__cft__[0]=AZX-gUNNGlBagZgbqx_20sv88IBrUCRotB73PUplgaLt737YeiBpey8qXxLlRBOB3KwxIOLTl8ep0YAq9yVxaw0dl0bH8ReO3VCAvI436skWm1HKkmW5Au_j7nl7spJpWpu4ISdIWiWViuyCSrcKF6IllLSQWlTb8oR5I6Rxp8dA8wj2wslsW5-icbzeOAwSKD0&amp;__tn__=*NK-R\">#pmtescuintla<\/a><a href=\"https:\/\/www.facebook.com\/hashtag\/metroredes?__eep__=6&amp;__cft__[0]=AZX-gUNNGlBagZgbqx_20sv88IBrUCRotB73PUplgaLt737YeiBpey8qXxLlRBOB3KwxIOLTl8ep0YAq9yVxaw0dl0bH8ReO3VCAvI436skWm1HKkmW5Au_j7nl7spJpWpu4ISdIWiWViuyCSrcKF6IllLSQWlTb8oR5I6Rxp8dA8wj2wslsW5-icbzeOAwSKD0&amp;__tn__=*NK-R\">#metroredes<\/a>  <a href=\"https:\/\/www.facebook.com\/hashtag\/trabajoyservicio?__eep__=6&amp;__cft__[0]=AZX-gUNNGlBagZgbqx_20sv88IBrUCRotB73PUplgaLt737YeiBpey8qXxLlRBOB3KwxIOLTl8ep0YAq9yVxaw0dl0bH8ReO3VCAvI436skWm1HKkmW5Au_j7nl7spJpWpu4ISdIWiWViuyCSrcKF6IllLSQWlTb8oR5I6Rxp8dA8wj2wslsW5-icbzeOAwSKD0&amp;__tn__=*NK-R\">#TrabajoYServicio<\/a><a href=\"https:\/\/www.facebook.com\/hashtag\/elescuintleconews?__eep__=6&amp;__cft__[0]=AZX-gUNNGlBagZgbqx_20sv88IBrUCRotB73PUplgaLt737YeiBpey8qXxLlRBOB3KwxIOLTl8ep0YAq9yVxaw0dl0bH8ReO3VCAvI436skWm1HKkmW5Au_j7nl7spJpWpu4ISdIWiWViuyCSrcKF6IllLSQWlTb8oR5I6Rxp8dA8wj2wslsW5-icbzeOAwSKD0&amp;__tn__=*NK-R\">#elescuintleconews<\/a><\/p>\n\n\n\n<p><a href=\"https:\/\/l.facebook.com\/l.php?u=http%3A%2F%2FWww.elescuintleco.com%2F%3Ffbclid%3DIwZXh0bgNhZW0CMTAAYnJpZBExb0wyOEd4c045UExPdEdPSQEezkMto4Mjl71sjm4E9r1ddHDQQEuSsCUvLjrxIzuJG8XBZOxuRPARdS-U69s_aem_jYJ7T9aP1WBnUP37M9tDEw&amp;h=AT1_yCtLUutff2niscLVpWcusgDjdC6I0cxOXqdw8-dsoxhjZ3hzIh76Lt_yZhovjxMjqRHoF4-klUk6LlDEQsWV7uP9ZyIIdnQJcBB9LSJlPNOQ9Yy_1swigaFVh3W2Zz8yZtIYTLPcb0cv&amp;__tn__=-UK-R&amp;c[0]=AT0GJpQyA5mRORW8mmah_UiO1PX4DJUR3NqT-3HYJQw7jvlZUbuUX8UJGsmnczO1TYqXE1qHhRjXJorkItsiMI4UnIYtJa5DUoAhr0LIYQKREjHK1BDdFgO2PSakrZPsmoKAWlTauZncPnu2X2-moVrefjhldPd49gRVHtAs8oNeMNMxtp9MOs2H2t_ZaIENZ26FMiHRMy-rpRxQN1-ZJ3i1Gg\" rel=\"noreferrer noopener\" target=\"_blank\">Www.elescuintleco.com<\/a><\/p>\n\n\n\n<figure class=\"wp-block-gallery has-nested-images columns-default is-cropped wp-block-gallery-1 is-layout-flex wp-block-gallery-is-layout-flex\">\n<figure class=\"wp-block-image size-large\"><img loading=\"lazy\" decoding=\"async\" width=\"1024\" height=\"771\" data-id=\"109657\" src=\"https:\/\/elmetropolitano.com.gt\/es\/wp-content\/uploads\/2025\/08\/533864670_1303353285124085_1757592215146276353_n-1024x771.jpg\" alt=\"\" class=\"wp-image-109657\" srcset=\"https:\/\/elmetropolitano.com.gt\/es\/wp-content\/uploads\/2025\/08\/533864670_1303353285124085_1757592215146276353_n-1024x771.jpg 1024w, https:\/\/elmetropolitano.com.gt\/es\/wp-content\/uploads\/2025\/08\/533864670_1303353285124085_1757592215146276353_n-300x226.jpg 300w, https:\/\/elmetropolitano.com.gt\/es\/wp-content\/uploads\/2025\/08\/533864670_1303353285124085_1757592215146276353_n-768x578.jpg 768w, https:\/\/elmetropolitano.com.gt\/es\/wp-content\/uploads\/2025\/08\/533864670_1303353285124085_1757592215146276353_n.jpg 1500w\" sizes=\"auto, (max-width: 1024px) 100vw, 1024px\" \/><\/figure>\n\n\n\n<figure class=\"wp-block-image size-large\"><img loading=\"lazy\" decoding=\"async\" width=\"1024\" height=\"771\" data-id=\"109658\" src=\"https:\/\/elmetropolitano.com.gt\/es\/wp-content\/uploads\/2025\/08\/534201160_1303353311790749_5134756338603772302_n-1024x771.jpg\" alt=\"\" class=\"wp-image-109658\" srcset=\"https:\/\/elmetropolitano.com.gt\/es\/wp-content\/uploads\/2025\/08\/534201160_1303353311790749_5134756338603772302_n-1024x771.jpg 1024w, https:\/\/elmetropolitano.com.gt\/es\/wp-content\/uploads\/2025\/08\/534201160_1303353311790749_5134756338603772302_n-300x226.jpg 300w, https:\/\/elmetropolitano.com.gt\/es\/wp-content\/uploads\/2025\/08\/534201160_1303353311790749_5134756338603772302_n-768x578.jpg 768w, https:\/\/elmetropolitano.com.gt\/es\/wp-content\/uploads\/2025\/08\/534201160_1303353311790749_5134756338603772302_n.jpg 1500w\" sizes=\"auto, (max-width: 1024px) 100vw, 1024px\" \/><\/figure>\n\n\n\n<figure class=\"wp-block-image size-large\"><img loading=\"lazy\" decoding=\"async\" width=\"1024\" height=\"771\" data-id=\"109659\" src=\"https:\/\/elmetropolitano.com.gt\/es\/wp-content\/uploads\/2025\/08\/534409656_1303353291790751_2177437024597193464_n-1-1024x771.jpg\" alt=\"\" class=\"wp-image-109659\" srcset=\"https:\/\/elmetropolitano.com.gt\/es\/wp-content\/uploads\/2025\/08\/534409656_1303353291790751_2177437024597193464_n-1-1024x771.jpg 1024w, https:\/\/elmetropolitano.com.gt\/es\/wp-content\/uploads\/2025\/08\/534409656_1303353291790751_2177437024597193464_n-1-300x226.jpg 300w, https:\/\/elmetropolitano.com.gt\/es\/wp-content\/uploads\/2025\/08\/534409656_1303353291790751_2177437024597193464_n-1-768x578.jpg 768w, https:\/\/elmetropolitano.com.gt\/es\/wp-content\/uploads\/2025\/08\/534409656_1303353291790751_2177437024597193464_n-1-1536x1156.jpg 1536w, https:\/\/elmetropolitano.com.gt\/es\/wp-content\/uploads\/2025\/08\/534409656_1303353291790751_2177437024597193464_n-1.jpg 1800w\" sizes=\"auto, (max-width: 1024px) 100vw, 1024px\" \/><\/figure>\n<\/figure>\n","protected":false},"excerpt":{"rendered":"<p>La Direcci\u00f3n Municipal de Planificaci\u00f3n del gobierno municipal de Escuibtla que dirige Abraham Rivera del Partido victoria inici\u00f3 este lunes los trabajos de mejoramiento de calle, en la 3\u00aa calle entre 1\u00aa y 2\u00aa avenida, zona 1 de Escuintla. El paso vehicular permanecer\u00e1 restringido en el \u00e1rea por lo que la Polic\u00eda Municipal de Tr\u00e1nsito <a class=\"read-more\" href=\"https:\/\/elmetropolitano.com.gt\/es\/precaucion-por-trabajos-viales-en-la-zona-1-de-escuintla\/\">Leer m\u00e1s<\/a><\/p>\n","protected":false},"author":1,"featured_media":109656,"comment_status":"open","ping_status":"closed","sticky":false,"template":"","format":"standard","meta":{"footnotes":""},"categories":[4],"tags":[13],"class_list":["post-109655","post","type-post","status-publish","format-standard","has-post-thumbnail","hentry","category-departamentales","tag-departamentales"],"_links":{"self":[{"href":"https:\/\/elmetropolitano.com.gt\/es\/wp-json\/wp\/v2\/posts\/109655","targetHints":{"allow":["GET"]}}],"collection":[{"href":"https:\/\/elmetropolitano.com.gt\/es\/wp-json\/wp\/v2\/posts"}],"about":[{"href":"https:\/\/elmetropolitano.com.gt\/es\/wp-json\/wp\/v2\/types\/post"}],"author":[{"embeddable":true,"href":"https:\/\/elmetropolitano.com.gt\/es\/wp-json\/wp\/v2\/users\/1"}],"replies":[{"embeddable":true,"href":"https:\/\/elmetropolitano.com.gt\/es\/wp-json\/wp\/v2\/comments?post=109655"}],"version-history":[{"count":1,"href":"https:\/\/elmetropolitano.com.gt\/es\/wp-json\/wp\/v2\/posts\/109655\/revisions"}],"predecessor-version":[{"id":109660,"href":"https:\/\/elmetropolitano.com.gt\/es\/wp-json\/wp\/v2\/posts\/109655\/revisions\/109660"}],"wp:featuredmedia":[{"embeddable":true,"href":"https:\/\/elmetropolitano.com.gt\/es\/wp-json\/wp\/v2\/media\/109656"}],"wp:attachment":[{"href":"https:\/\/elmetropolitano.com.gt\/es\/wp-json\/wp\/v2\/media?parent=109655"}],"wp:term":[{"taxonomy":"category","embeddable":true,"href":"https:\/\/elmetropolitano.com.gt\/es\/wp-json\/wp\/v2\/categories?post=109655"},{"taxonomy":"post_tag","embeddable":true,"href":"https:\/\/elmetropolitano.com.gt\/es\/wp-json\/wp\/v2\/tags?post=109655"}],"curies":[{"name":"wp","href":"https:\/\/api.w.org\/{rel}","templated":true}]}}