{"id":109667,"date":"2025-08-18T12:04:14","date_gmt":"2025-08-18T18:04:14","guid":{"rendered":"https:\/\/elmetropolitano.com.gt\/es\/?p=109667"},"modified":"2025-08-18T12:04:15","modified_gmt":"2025-08-18T18:04:15","slug":"fortalecen-lazos-con-autoridades-indigenas-para-impulsar-el-desarrollo-de-chiquimula","status":"publish","type":"post","link":"https:\/\/elmetropolitano.com.gt\/es\/fortalecen-lazos-con-autoridades-indigenas-para-impulsar-el-desarrollo-de-chiquimula\/","title":{"rendered":"Fortalecen lazos con autoridades ind\u00edgenas para impulsar el desarrollo de Chiquimula"},"content":{"rendered":"\n<p>El gobernador departamental de Chiquimula, Luis Comp\u00e1, encabez\u00f3 una importante reuni\u00f3n con autoridades ind\u00edgenas Ch\u2019ort\u00ed\u2019 del departamento, reafirmando su firme compromiso de buscar y acercar a la poblaci\u00f3n el desarrollo y el bien com\u00fan.<\/p>\n\n\n\n<p>Esta actividad se desarroll\u00f3 en el sal\u00f3n de gobernaci\u00f3n, espacio de di\u00e1logo abierto y respetuoso que permiti\u00f3 a las autoridades gubernamentales y comunitarias intercambiar puntos de vista sobre las principales necesidades que enfrenta la poblaci\u00f3n en las \u00e1reas rurales.<\/p><div class=\"elmet-contenido\" id=\"elmet-3250363430\"><div class=\"elmet-adlabel\">Anuncios<\/div><div style=\"margin-top: 20px;margin-right: 20px;margin-bottom: 20px;margin-left: 20px;\" id=\"elmet-3791077736\"><a href=\"https:\/\/www.facebook.com\/arrincuanantigua\/\" aria-label=\"cintillo-arrin-cual\"><img loading=\"lazy\" decoding=\"async\" src=\"https:\/\/elmetropolitano.com.gt\/es\/wp-content\/uploads\/2021\/11\/cintillo-arrin-cual-1.jpg\" alt=\"\"  srcset=\"https:\/\/elmetropolitano.com.gt\/es\/wp-content\/uploads\/2021\/11\/cintillo-arrin-cual-1.jpg 750w, https:\/\/elmetropolitano.com.gt\/es\/wp-content\/uploads\/2021\/11\/cintillo-arrin-cual-1-300x36.jpg 300w, https:\/\/elmetropolitano.com.gt\/es\/wp-content\/uploads\/2021\/11\/cintillo-arrin-cual-1-600x72.jpg 600w\" sizes=\"(max-width: 750px) 100vw, 750px\" width=\"750\" height=\"90\"   \/><\/a><\/div><\/div>\n\n\n\n<p>El encuentro cont\u00f3 con la participaci\u00f3n del Viceministro de Desarrollo Econ\u00f3mico Rural, Jos\u00e9 Antonio L\u00f3pez, del Ministerio de Agricultura, Ganader\u00eda y Alimentaci\u00f3n (MAGA), quien present\u00f3 de manera detallada las acciones y programas que impulsa esta cartera, orientados a fomentar el desarrollo rural sostenible, fortalecer la producci\u00f3n agr\u00edcola, diversificar cultivos y mejorar las oportunidades econ\u00f3micas para las familias campesinas.<\/p>\n\n\n\n<p>Proyectos y programas para el desarrollo rural<\/p>\n\n\n\n<p>El Viceministro de Desarrollo Econ\u00f3mico Rural present\u00f3 los diferentes proyectos que el MAGA ejecuta en la regi\u00f3n. Lo anterior, incluyendo iniciativas de asistencia t\u00e9cnica, entrega de insumos agr\u00edcolas. Tambi\u00e9n capacitaci\u00f3n en producci\u00f3n sostenible y apoyo a la comercializaci\u00f3n de productos.<\/p>\n\n\n\n<p>La reuni\u00f3n cont\u00f3 tambi\u00e9n con la asistencia de l\u00edderes comunitarios y miembros de los Consejos Comunitarios de Desarrollo (Cocodedes), quienes expusieron las problem\u00e1ticas que enfrentan en sus comunidades, entre ellas el acceso limitado a recursos productivos, la necesidad de mejorar la infraestructura, la atenci\u00f3n a las familias en situaci\u00f3n de vulnerabilidad y el impulso a proyectos que generen empleo y bienestar social.<\/p>\n\n\n\n<p>Como resultado de este encuentro, se acord\u00f3 la creaci\u00f3n, en el corto plazo, de una mesa de trabajo permanente entre autoridades gubernamentales, Cocodes y l\u00edderes comunitarios. Este espacio permitir\u00e1 coordinar esfuerzos, dar seguimiento a proyectos y establecer prioridades para garantizar que las inversiones y programas beneficien de forma directa a la poblaci\u00f3n.<\/p>\n\n\n\n<p>Compromiso permanente con las comunidades<\/p>\n\n\n\n<p>El gobernador reafirm\u00f3 que mantendr\u00e1 un di\u00e1logo constante con las autoridades ind\u00edgenas Ch\u2019ort\u00ed\u2019 y con todos los sectores del departamento. Asegurando que el gobierno departamental ser\u00e1 un puente para acercar los programas y proyectos que las instituciones del Estado ofrecen a la ciudadan\u00eda. Nuestro compromiso es claro: llevar oportunidades, mejorar la calidad de vida y garantizar que el desarrollo llegue a cada familia chiquimulteca, enfatiz\u00f3.<\/p>\n\n\n\n<p>De esta manera, la Gobernaci\u00f3n Departamental de Chiquimula y el MAGA ratifican su voluntad de trabajar de la mano con las comunidades. Esto consolidando alianzas estrat\u00e9gicas que permitan alcanzar el bienestar colectivo y reafirmando que, con unidad y compromiso, el progreso es posible para todos.<\/p>\n\n\n\n<p>#chiquimula&nbsp; #metroredes&nbsp; <a href=\"http:\/\/www.elmetropolitano.com.gt\">www.elmetropolitano.com.gt<\/a>&nbsp; <a href=\"http:\/\/www.metroredes.com\">www.metroredes.com<\/a><\/p>\n\n\n\n<figure class=\"wp-block-gallery has-nested-images columns-default is-cropped wp-block-gallery-1 is-layout-flex wp-block-gallery-is-layout-flex\">\n<figure class=\"wp-block-image size-large\"><img loading=\"lazy\" decoding=\"async\" width=\"1024\" height=\"683\" data-id=\"109671\" src=\"https:\/\/elmetropolitano.com.gt\/es\/wp-content\/uploads\/2025\/08\/IMG_0026-scaled-2-1024x683.jpg\" alt=\"\" class=\"wp-image-109671\" srcset=\"https:\/\/elmetropolitano.com.gt\/es\/wp-content\/uploads\/2025\/08\/IMG_0026-scaled-2-1024x683.jpg 1024w, https:\/\/elmetropolitano.com.gt\/es\/wp-content\/uploads\/2025\/08\/IMG_0026-scaled-2-300x200.jpg 300w, https:\/\/elmetropolitano.com.gt\/es\/wp-content\/uploads\/2025\/08\/IMG_0026-scaled-2-768x512.jpg 768w, https:\/\/elmetropolitano.com.gt\/es\/wp-content\/uploads\/2025\/08\/IMG_0026-scaled-2-1536x1024.jpg 1536w, https:\/\/elmetropolitano.com.gt\/es\/wp-content\/uploads\/2025\/08\/IMG_0026-scaled-2-2048x1366.jpg 2048w\" sizes=\"auto, (max-width: 1024px) 100vw, 1024px\" \/><\/figure>\n\n\n\n<figure class=\"wp-block-image size-large\"><img loading=\"lazy\" decoding=\"async\" width=\"1024\" height=\"683\" data-id=\"109672\" src=\"https:\/\/elmetropolitano.com.gt\/es\/wp-content\/uploads\/2025\/08\/IMG_0051-scaled-1-1024x683.jpg\" alt=\"\" class=\"wp-image-109672\" srcset=\"https:\/\/elmetropolitano.com.gt\/es\/wp-content\/uploads\/2025\/08\/IMG_0051-scaled-1-1024x683.jpg 1024w, https:\/\/elmetropolitano.com.gt\/es\/wp-content\/uploads\/2025\/08\/IMG_0051-scaled-1-300x200.jpg 300w, https:\/\/elmetropolitano.com.gt\/es\/wp-content\/uploads\/2025\/08\/IMG_0051-scaled-1-768x512.jpg 768w, https:\/\/elmetropolitano.com.gt\/es\/wp-content\/uploads\/2025\/08\/IMG_0051-scaled-1-1536x1024.jpg 1536w, https:\/\/elmetropolitano.com.gt\/es\/wp-content\/uploads\/2025\/08\/IMG_0051-scaled-1-2048x1366.jpg 2048w\" sizes=\"auto, (max-width: 1024px) 100vw, 1024px\" \/><\/figure>\n\n\n\n<figure class=\"wp-block-image size-large\"><img loading=\"lazy\" decoding=\"async\" width=\"1024\" height=\"683\" data-id=\"109677\" src=\"https:\/\/elmetropolitano.com.gt\/es\/wp-content\/uploads\/2025\/08\/IMG_0061-2-scaled-1-1024x683.jpg\" alt=\"\" class=\"wp-image-109677\" srcset=\"https:\/\/elmetropolitano.com.gt\/es\/wp-content\/uploads\/2025\/08\/IMG_0061-2-scaled-1-1024x683.jpg 1024w, https:\/\/elmetropolitano.com.gt\/es\/wp-content\/uploads\/2025\/08\/IMG_0061-2-scaled-1-300x200.jpg 300w, https:\/\/elmetropolitano.com.gt\/es\/wp-content\/uploads\/2025\/08\/IMG_0061-2-scaled-1-768x512.jpg 768w, https:\/\/elmetropolitano.com.gt\/es\/wp-content\/uploads\/2025\/08\/IMG_0061-2-scaled-1-1536x1024.jpg 1536w, https:\/\/elmetropolitano.com.gt\/es\/wp-content\/uploads\/2025\/08\/IMG_0061-2-scaled-1-2048x1366.jpg 2048w\" sizes=\"auto, (max-width: 1024px) 100vw, 1024px\" \/><\/figure>\n\n\n\n<figure class=\"wp-block-image size-large\"><img loading=\"lazy\" decoding=\"async\" width=\"1024\" height=\"512\" data-id=\"109669\" src=\"https:\/\/elmetropolitano.com.gt\/es\/wp-content\/uploads\/2025\/08\/IMG_0082-1-1140x570-1-1024x512.jpg\" alt=\"\" class=\"wp-image-109669\" srcset=\"https:\/\/elmetropolitano.com.gt\/es\/wp-content\/uploads\/2025\/08\/IMG_0082-1-1140x570-1-1024x512.jpg 1024w, https:\/\/elmetropolitano.com.gt\/es\/wp-content\/uploads\/2025\/08\/IMG_0082-1-1140x570-1-300x150.jpg 300w, https:\/\/elmetropolitano.com.gt\/es\/wp-content\/uploads\/2025\/08\/IMG_0082-1-1140x570-1-768x384.jpg 768w, https:\/\/elmetropolitano.com.gt\/es\/wp-content\/uploads\/2025\/08\/IMG_0082-1-1140x570-1.jpg 1140w\" sizes=\"auto, (max-width: 1024px) 100vw, 1024px\" \/><\/figure>\n\n\n\n<figure class=\"wp-block-image size-large\"><img loading=\"lazy\" decoding=\"async\" width=\"1024\" height=\"683\" data-id=\"109674\" src=\"https:\/\/elmetropolitano.com.gt\/es\/wp-content\/uploads\/2025\/08\/IMG_0092-1-scaled-1-1024x683.jpg\" alt=\"\" class=\"wp-image-109674\" srcset=\"https:\/\/elmetropolitano.com.gt\/es\/wp-content\/uploads\/2025\/08\/IMG_0092-1-scaled-1-1024x683.jpg 1024w, https:\/\/elmetropolitano.com.gt\/es\/wp-content\/uploads\/2025\/08\/IMG_0092-1-scaled-1-300x200.jpg 300w, https:\/\/elmetropolitano.com.gt\/es\/wp-content\/uploads\/2025\/08\/IMG_0092-1-scaled-1-768x512.jpg 768w, https:\/\/elmetropolitano.com.gt\/es\/wp-content\/uploads\/2025\/08\/IMG_0092-1-scaled-1-1536x1024.jpg 1536w, https:\/\/elmetropolitano.com.gt\/es\/wp-content\/uploads\/2025\/08\/IMG_0092-1-scaled-1-2048x1366.jpg 2048w\" sizes=\"auto, (max-width: 1024px) 100vw, 1024px\" \/><\/figure>\n\n\n\n<figure class=\"wp-block-image size-large\"><img loading=\"lazy\" decoding=\"async\" width=\"1024\" height=\"683\" data-id=\"109670\" src=\"https:\/\/elmetropolitano.com.gt\/es\/wp-content\/uploads\/2025\/08\/IMG_0097-2-scaled-1-1024x683.jpg\" alt=\"\" class=\"wp-image-109670\" srcset=\"https:\/\/elmetropolitano.com.gt\/es\/wp-content\/uploads\/2025\/08\/IMG_0097-2-scaled-1-1024x683.jpg 1024w, https:\/\/elmetropolitano.com.gt\/es\/wp-content\/uploads\/2025\/08\/IMG_0097-2-scaled-1-300x200.jpg 300w, https:\/\/elmetropolitano.com.gt\/es\/wp-content\/uploads\/2025\/08\/IMG_0097-2-scaled-1-768x512.jpg 768w, https:\/\/elmetropolitano.com.gt\/es\/wp-content\/uploads\/2025\/08\/IMG_0097-2-scaled-1-1536x1024.jpg 1536w, https:\/\/elmetropolitano.com.gt\/es\/wp-content\/uploads\/2025\/08\/IMG_0097-2-scaled-1-2048x1366.jpg 2048w\" sizes=\"auto, (max-width: 1024px) 100vw, 1024px\" \/><\/figure>\n\n\n\n<figure class=\"wp-block-image size-large\"><img loading=\"lazy\" decoding=\"async\" width=\"1024\" height=\"683\" data-id=\"109675\" src=\"https:\/\/elmetropolitano.com.gt\/es\/wp-content\/uploads\/2025\/08\/IMG_0100-scaled-1-1024x683.jpg\" alt=\"\" class=\"wp-image-109675\" srcset=\"https:\/\/elmetropolitano.com.gt\/es\/wp-content\/uploads\/2025\/08\/IMG_0100-scaled-1-1024x683.jpg 1024w, https:\/\/elmetropolitano.com.gt\/es\/wp-content\/uploads\/2025\/08\/IMG_0100-scaled-1-300x200.jpg 300w, https:\/\/elmetropolitano.com.gt\/es\/wp-content\/uploads\/2025\/08\/IMG_0100-scaled-1-768x512.jpg 768w, https:\/\/elmetropolitano.com.gt\/es\/wp-content\/uploads\/2025\/08\/IMG_0100-scaled-1-1536x1024.jpg 1536w, https:\/\/elmetropolitano.com.gt\/es\/wp-content\/uploads\/2025\/08\/IMG_0100-scaled-1-2048x1366.jpg 2048w\" sizes=\"auto, (max-width: 1024px) 100vw, 1024px\" \/><\/figure>\n\n\n\n<figure class=\"wp-block-image size-large\"><img loading=\"lazy\" decoding=\"async\" width=\"1024\" height=\"683\" data-id=\"109676\" src=\"https:\/\/elmetropolitano.com.gt\/es\/wp-content\/uploads\/2025\/08\/IMG_0119-2-scaled-1-1024x683.jpg\" alt=\"\" class=\"wp-image-109676\" srcset=\"https:\/\/elmetropolitano.com.gt\/es\/wp-content\/uploads\/2025\/08\/IMG_0119-2-scaled-1-1024x683.jpg 1024w, https:\/\/elmetropolitano.com.gt\/es\/wp-content\/uploads\/2025\/08\/IMG_0119-2-scaled-1-300x200.jpg 300w, https:\/\/elmetropolitano.com.gt\/es\/wp-content\/uploads\/2025\/08\/IMG_0119-2-scaled-1-768x512.jpg 768w, https:\/\/elmetropolitano.com.gt\/es\/wp-content\/uploads\/2025\/08\/IMG_0119-2-scaled-1-1536x1024.jpg 1536w, https:\/\/elmetropolitano.com.gt\/es\/wp-content\/uploads\/2025\/08\/IMG_0119-2-scaled-1-2048x1366.jpg 2048w\" sizes=\"auto, (max-width: 1024px) 100vw, 1024px\" \/><\/figure>\n\n\n\n<figure class=\"wp-block-image size-large\"><img loading=\"lazy\" decoding=\"async\" width=\"1024\" height=\"683\" data-id=\"109673\" src=\"https:\/\/elmetropolitano.com.gt\/es\/wp-content\/uploads\/2025\/08\/IMG_0136-1-scaled-1-1024x683.jpg\" alt=\"\" class=\"wp-image-109673\" srcset=\"https:\/\/elmetropolitano.com.gt\/es\/wp-content\/uploads\/2025\/08\/IMG_0136-1-scaled-1-1024x683.jpg 1024w, https:\/\/elmetropolitano.com.gt\/es\/wp-content\/uploads\/2025\/08\/IMG_0136-1-scaled-1-300x200.jpg 300w, https:\/\/elmetropolitano.com.gt\/es\/wp-content\/uploads\/2025\/08\/IMG_0136-1-scaled-1-768x512.jpg 768w, https:\/\/elmetropolitano.com.gt\/es\/wp-content\/uploads\/2025\/08\/IMG_0136-1-scaled-1-1536x1024.jpg 1536w, https:\/\/elmetropolitano.com.gt\/es\/wp-content\/uploads\/2025\/08\/IMG_0136-1-scaled-1-2048x1366.jpg 2048w\" sizes=\"auto, (max-width: 1024px) 100vw, 1024px\" \/><\/figure>\n<\/figure>\n","protected":false},"excerpt":{"rendered":"<p>El gobernador departamental de Chiquimula, Luis Comp\u00e1, encabez\u00f3 una importante reuni\u00f3n con autoridades ind\u00edgenas Ch\u2019ort\u00ed\u2019 del departamento, reafirmando su firme compromiso de buscar y acercar a la poblaci\u00f3n el desarrollo y el bien com\u00fan. Esta actividad se desarroll\u00f3 en el sal\u00f3n de gobernaci\u00f3n, espacio de di\u00e1logo abierto y respetuoso que permiti\u00f3 a las autoridades gubernamentales <a class=\"read-more\" href=\"https:\/\/elmetropolitano.com.gt\/es\/fortalecen-lazos-con-autoridades-indigenas-para-impulsar-el-desarrollo-de-chiquimula\/\">Leer m\u00e1s<\/a><\/p>\n","protected":false},"author":1,"featured_media":109668,"comment_status":"open","ping_status":"closed","sticky":false,"template":"","format":"standard","meta":{"footnotes":""},"categories":[4],"tags":[13],"class_list":["post-109667","post","type-post","status-publish","format-standard","has-post-thumbnail","hentry","category-departamentales","tag-departamentales"],"_links":{"self":[{"href":"https:\/\/elmetropolitano.com.gt\/es\/wp-json\/wp\/v2\/posts\/109667","targetHints":{"allow":["GET"]}}],"collection":[{"href":"https:\/\/elmetropolitano.com.gt\/es\/wp-json\/wp\/v2\/posts"}],"about":[{"href":"https:\/\/elmetropolitano.com.gt\/es\/wp-json\/wp\/v2\/types\/post"}],"author":[{"embeddable":true,"href":"https:\/\/elmetropolitano.com.gt\/es\/wp-json\/wp\/v2\/users\/1"}],"replies":[{"embeddable":true,"href":"https:\/\/elmetropolitano.com.gt\/es\/wp-json\/wp\/v2\/comments?post=109667"}],"version-history":[{"count":1,"href":"https:\/\/elmetropolitano.com.gt\/es\/wp-json\/wp\/v2\/posts\/109667\/revisions"}],"predecessor-version":[{"id":109678,"href":"https:\/\/elmetropolitano.com.gt\/es\/wp-json\/wp\/v2\/posts\/109667\/revisions\/109678"}],"wp:featuredmedia":[{"embeddable":true,"href":"https:\/\/elmetropolitano.com.gt\/es\/wp-json\/wp\/v2\/media\/109668"}],"wp:attachment":[{"href":"https:\/\/elmetropolitano.com.gt\/es\/wp-json\/wp\/v2\/media?parent=109667"}],"wp:term":[{"taxonomy":"category","embeddable":true,"href":"https:\/\/elmetropolitano.com.gt\/es\/wp-json\/wp\/v2\/categories?post=109667"},{"taxonomy":"post_tag","embeddable":true,"href":"https:\/\/elmetropolitano.com.gt\/es\/wp-json\/wp\/v2\/tags?post=109667"}],"curies":[{"name":"wp","href":"https:\/\/api.w.org\/{rel}","templated":true}]}}