{"id":109727,"date":"2025-08-19T09:53:59","date_gmt":"2025-08-19T15:53:59","guid":{"rendered":"https:\/\/elmetropolitano.com.gt\/es\/?p=109727"},"modified":"2025-08-19T09:54:00","modified_gmt":"2025-08-19T15:54:00","slug":"carretera-de-san-jose-nacahuil-sera-reactivada-antes-de-finalizar-el-ano","status":"publish","type":"post","link":"https:\/\/elmetropolitano.com.gt\/es\/carretera-de-san-jose-nacahuil-sera-reactivada-antes-de-finalizar-el-ano\/","title":{"rendered":"Carretera de San Jos\u00e9 Nacahuil ser\u00e1 reactivada antes de finalizar el a\u00f1o"},"content":{"rendered":"\n<p><a><\/a>Tras m\u00e1s de 35 a\u00f1os de abandono, la Aldea San Jos\u00e9 Nacahuil, en San Pedro Ayampuc, avanza hacia la recuperaci\u00f3n de su carretera gracias a la gesti\u00f3n y acompa\u00f1amiento de la Diputada Shirley Rivera, representante por el distrito de Guatemala.<\/p>\n\n\n\n<p>En el a\u00f1o 2022, luego de intensas gestiones de intermediaci\u00f3n de la congresista con las autoridades correspondientes, se aprob\u00f3 el proyecto y se iniciaron los trabajos. Sin embargo, con el cambio de Gobierno la obra qued\u00f3 suspendida.<\/p><div class=\"elmet-contenido\" id=\"elmet-923502450\"><div class=\"elmet-adlabel\">Anuncios<\/div><div style=\"margin-top: 20px;margin-right: 20px;margin-bottom: 20px;margin-left: 20px;\" id=\"elmet-1244347519\"><a href=\"https:\/\/www.facebook.com\/arrincuanantigua\/\" aria-label=\"cintillo-arrin-cual\"><img loading=\"lazy\" decoding=\"async\" src=\"https:\/\/elmetropolitano.com.gt\/es\/wp-content\/uploads\/2021\/11\/cintillo-arrin-cual-1.jpg\" alt=\"\"  srcset=\"https:\/\/elmetropolitano.com.gt\/es\/wp-content\/uploads\/2021\/11\/cintillo-arrin-cual-1.jpg 750w, https:\/\/elmetropolitano.com.gt\/es\/wp-content\/uploads\/2021\/11\/cintillo-arrin-cual-1-300x36.jpg 300w, https:\/\/elmetropolitano.com.gt\/es\/wp-content\/uploads\/2021\/11\/cintillo-arrin-cual-1-600x72.jpg 600w\" sizes=\"(max-width: 750px) 100vw, 750px\" width=\"750\" height=\"90\"   \/><\/a><\/div><\/div>\n\n\n\n<p>Este d\u00eda, en una reuni\u00f3n con l\u00edderes comunitarios, el director de Caminos Dolman God\u00ednez asegur\u00f3 que a m\u00e1s tardar en noviembre se reactivar\u00e1n los trabajos, explicando las razones t\u00e9cnicas que ocasionaron el atraso.<\/p>\n\n\n\n<p>\u201cEstamos muy agradecidos con la Diputada Shirley Rivera, pues ha sido la \u00fanica que nos escuch\u00f3 en el gobierno pasado. Desde el inicio nos ha acompa\u00f1ado en todas las gestiones, y hoy nuevamente est\u00e1 aqu\u00ed respald\u00e1ndonos\u201d, expres\u00f3 uno de los l\u00edderes comunitarios.<\/p>\n\n\n\n<p>La Diputada Rivera reafirm\u00f3 su compromiso de velar porque la obra avance sin m\u00e1s interrupciones:<\/p>\n\n\n\n<p>\u201cEste camino no es solo asfalto, es una puerta de desarrollo para las familias de Nacahuil. No descansaremos hasta verlo concluido\u201d dijo finalmente la diputada Rivera Secretaria General del Partido Nuevis Tiempos.<\/p>\n\n\n\n<p><a href=\"https:\/\/www.facebook.com\/hashtag\/sanjosenacahuil?__eep__=6&amp;__cft__[0]=AZXbuImpaVuqQwPiTmoiKrAZ0-ow5qXpE8LeJlH4DB0kbDw28QPMaFcFSREnVBWgAAovRQqP18mp0vFs5AvmsGo6sIvFXqjLMmUBJGUNzKkLTs88xmIRh96Tp-XDsnr_vpMVyRPcnk0RPRW9tTpFnR1ikL7aS7EwMIUdk0S-HdPNLZgA7WlY4Fpv-Mgrwi7gYuk&amp;__tn__=*NK-R\">#sanjosenacahuil<\/a><a href=\"https:\/\/www.facebook.com\/hashtag\/metroredes?__eep__=6&amp;__cft__[0]=AZXbuImpaVuqQwPiTmoiKrAZ0-ow5qXpE8LeJlH4DB0kbDw28QPMaFcFSREnVBWgAAovRQqP18mp0vFs5AvmsGo6sIvFXqjLMmUBJGUNzKkLTs88xmIRh96Tp-XDsnr_vpMVyRPcnk0RPRW9tTpFnR1ikL7aS7EwMIUdk0S-HdPNLZgA7WlY4Fpv-Mgrwi7gYuk&amp;__tn__=*NK-R\">#metroredes<\/a><a href=\"https:\/\/www.facebook.com\/hashtag\/civ?__eep__=6&amp;__cft__[0]=AZXbuImpaVuqQwPiTmoiKrAZ0-ow5qXpE8LeJlH4DB0kbDw28QPMaFcFSREnVBWgAAovRQqP18mp0vFs5AvmsGo6sIvFXqjLMmUBJGUNzKkLTs88xmIRh96Tp-XDsnr_vpMVyRPcnk0RPRW9tTpFnR1ikL7aS7EwMIUdk0S-HdPNLZgA7WlY4Fpv-Mgrwi7gYuk&amp;__tn__=*NK-R\">#Civ<\/a><a href=\"https:\/\/www.facebook.com\/hashtag\/congresodelarepublica?__eep__=6&amp;__cft__[0]=AZXbuImpaVuqQwPiTmoiKrAZ0-ow5qXpE8LeJlH4DB0kbDw28QPMaFcFSREnVBWgAAovRQqP18mp0vFs5AvmsGo6sIvFXqjLMmUBJGUNzKkLTs88xmIRh96Tp-XDsnr_vpMVyRPcnk0RPRW9tTpFnR1ikL7aS7EwMIUdk0S-HdPNLZgA7WlY4Fpv-Mgrwi7gYuk&amp;__tn__=*NK-R\">#CongresoDeLaRepublica<\/a><a href=\"https:\/\/www.facebook.com\/hashtag\/sanpedroayampuc?__eep__=6&amp;__cft__[0]=AZXbuImpaVuqQwPiTmoiKrAZ0-ow5qXpE8LeJlH4DB0kbDw28QPMaFcFSREnVBWgAAovRQqP18mp0vFs5AvmsGo6sIvFXqjLMmUBJGUNzKkLTs88xmIRh96Tp-XDsnr_vpMVyRPcnk0RPRW9tTpFnR1ikL7aS7EwMIUdk0S-HdPNLZgA7WlY4Fpv-Mgrwi7gYuk&amp;__tn__=*NK-R\">#SanPedroAyampuc<\/a><a href=\"https:\/\/www.facebook.com\/hashtag\/partidonuevostiempos?__eep__=6&amp;__cft__[0]=AZXbuImpaVuqQwPiTmoiKrAZ0-ow5qXpE8LeJlH4DB0kbDw28QPMaFcFSREnVBWgAAovRQqP18mp0vFs5AvmsGo6sIvFXqjLMmUBJGUNzKkLTs88xmIRh96Tp-XDsnr_vpMVyRPcnk0RPRW9tTpFnR1ikL7aS7EwMIUdk0S-HdPNLZgA7WlY4Fpv-Mgrwi7gYuk&amp;__tn__=*NK-R\">#PartidoNuevosTiempos<\/a><\/p>\n\n\n\n<figure class=\"wp-block-gallery has-nested-images columns-default is-cropped wp-block-gallery-1 is-layout-flex wp-block-gallery-is-layout-flex\">\n<figure class=\"wp-block-image size-large\"><img loading=\"lazy\" decoding=\"async\" width=\"600\" height=\"800\" data-id=\"109729\" src=\"https:\/\/elmetropolitano.com.gt\/es\/wp-content\/uploads\/2025\/08\/535126920_1303797538412993_321410296197304377_n.jpg\" alt=\"\" class=\"wp-image-109729\" srcset=\"https:\/\/elmetropolitano.com.gt\/es\/wp-content\/uploads\/2025\/08\/535126920_1303797538412993_321410296197304377_n.jpg 600w, https:\/\/elmetropolitano.com.gt\/es\/wp-content\/uploads\/2025\/08\/535126920_1303797538412993_321410296197304377_n-225x300.jpg 225w\" sizes=\"auto, (max-width: 600px) 100vw, 600px\" \/><\/figure>\n\n\n\n<figure class=\"wp-block-image size-large\"><img loading=\"lazy\" decoding=\"async\" width=\"768\" height=\"1024\" data-id=\"109730\" src=\"https:\/\/elmetropolitano.com.gt\/es\/wp-content\/uploads\/2025\/08\/535504748_1303798945079519_7342080803376927688_n-1.jpg\" alt=\"\" class=\"wp-image-109730\" srcset=\"https:\/\/elmetropolitano.com.gt\/es\/wp-content\/uploads\/2025\/08\/535504748_1303798945079519_7342080803376927688_n-1.jpg 768w, https:\/\/elmetropolitano.com.gt\/es\/wp-content\/uploads\/2025\/08\/535504748_1303798945079519_7342080803376927688_n-1-225x300.jpg 225w\" sizes=\"auto, (max-width: 768px) 100vw, 768px\" \/><\/figure>\n<\/figure>\n","protected":false},"excerpt":{"rendered":"<p>Tras m\u00e1s de 35 a\u00f1os de abandono, la Aldea San Jos\u00e9 Nacahuil, en San Pedro Ayampuc, avanza hacia la recuperaci\u00f3n de su carretera gracias a la gesti\u00f3n y acompa\u00f1amiento de la Diputada Shirley Rivera, representante por el distrito de Guatemala. En el a\u00f1o 2022, luego de intensas gestiones de intermediaci\u00f3n de la congresista con las <a class=\"read-more\" href=\"https:\/\/elmetropolitano.com.gt\/es\/carretera-de-san-jose-nacahuil-sera-reactivada-antes-de-finalizar-el-ano\/\">Leer m\u00e1s<\/a><\/p>\n","protected":false},"author":1,"featured_media":109728,"comment_status":"open","ping_status":"closed","sticky":false,"template":"","format":"standard","meta":{"footnotes":""},"categories":[2],"tags":[12],"class_list":["post-109727","post","type-post","status-publish","format-standard","has-post-thumbnail","hentry","category-nacionales","tag-nacionales"],"_links":{"self":[{"href":"https:\/\/elmetropolitano.com.gt\/es\/wp-json\/wp\/v2\/posts\/109727","targetHints":{"allow":["GET"]}}],"collection":[{"href":"https:\/\/elmetropolitano.com.gt\/es\/wp-json\/wp\/v2\/posts"}],"about":[{"href":"https:\/\/elmetropolitano.com.gt\/es\/wp-json\/wp\/v2\/types\/post"}],"author":[{"embeddable":true,"href":"https:\/\/elmetropolitano.com.gt\/es\/wp-json\/wp\/v2\/users\/1"}],"replies":[{"embeddable":true,"href":"https:\/\/elmetropolitano.com.gt\/es\/wp-json\/wp\/v2\/comments?post=109727"}],"version-history":[{"count":1,"href":"https:\/\/elmetropolitano.com.gt\/es\/wp-json\/wp\/v2\/posts\/109727\/revisions"}],"predecessor-version":[{"id":109731,"href":"https:\/\/elmetropolitano.com.gt\/es\/wp-json\/wp\/v2\/posts\/109727\/revisions\/109731"}],"wp:featuredmedia":[{"embeddable":true,"href":"https:\/\/elmetropolitano.com.gt\/es\/wp-json\/wp\/v2\/media\/109728"}],"wp:attachment":[{"href":"https:\/\/elmetropolitano.com.gt\/es\/wp-json\/wp\/v2\/media?parent=109727"}],"wp:term":[{"taxonomy":"category","embeddable":true,"href":"https:\/\/elmetropolitano.com.gt\/es\/wp-json\/wp\/v2\/categories?post=109727"},{"taxonomy":"post_tag","embeddable":true,"href":"https:\/\/elmetropolitano.com.gt\/es\/wp-json\/wp\/v2\/tags?post=109727"}],"curies":[{"name":"wp","href":"https:\/\/api.w.org\/{rel}","templated":true}]}}