{"id":109732,"date":"2025-08-19T09:55:52","date_gmt":"2025-08-19T15:55:52","guid":{"rendered":"https:\/\/elmetropolitano.com.gt\/es\/?p=109732"},"modified":"2025-08-19T09:55:53","modified_gmt":"2025-08-19T15:55:53","slug":"escuela-las-victorias-recibe-atencion-inmediata-tras-gestiones-de-la-diputada-shirley-rivera","status":"publish","type":"post","link":"https:\/\/elmetropolitano.com.gt\/es\/escuela-las-victorias-recibe-atencion-inmediata-tras-gestiones-de-la-diputada-shirley-rivera\/","title":{"rendered":"Escuela Las Victorias recibe atenci\u00f3n inmediata tras gestiones de la Diputada Shirley Rivera"},"content":{"rendered":"\n<p><a><\/a>La Escuela Oficial Rural Mixta Las Victorias, zona 10 de Mixco result\u00f3 afectada por los fuertes temblores ocurridos en los \u00faltimos d\u00edas, lo que gener\u00f3 preocupaci\u00f3n en los padres y madres de familia.<\/p>\n\n\n\n<p>Ante la urgencia, acudieron a la Diputada Shirley Rivera, quien realiz\u00f3 las gestiones necesarias para que la situaci\u00f3n fuera atendida de inmediato.<\/p><div class=\"elmet-contenido\" id=\"elmet-3123407940\"><div class=\"elmet-adlabel\">Anuncios<\/div><div style=\"margin-top: 20px;margin-right: 20px;margin-bottom: 20px;margin-left: 20px;\" id=\"elmet-2294159906\"><a href=\"https:\/\/www.facebook.com\/arrincuanantigua\/\" aria-label=\"cintillo-arrin-cual\"><img loading=\"lazy\" decoding=\"async\" src=\"https:\/\/elmetropolitano.com.gt\/es\/wp-content\/uploads\/2021\/11\/cintillo-arrin-cual-1.jpg\" alt=\"\"  srcset=\"https:\/\/elmetropolitano.com.gt\/es\/wp-content\/uploads\/2021\/11\/cintillo-arrin-cual-1.jpg 750w, https:\/\/elmetropolitano.com.gt\/es\/wp-content\/uploads\/2021\/11\/cintillo-arrin-cual-1-300x36.jpg 300w, https:\/\/elmetropolitano.com.gt\/es\/wp-content\/uploads\/2021\/11\/cintillo-arrin-cual-1-600x72.jpg 600w\" sizes=\"(max-width: 750px) 100vw, 750px\" width=\"750\" height=\"90\"   \/><\/a><\/div><\/div>\n\n\n\n<p>Gracias a su intermediaci\u00f3n, el Ministerio de Educaci\u00f3n y la CONRED respondieron de forma r\u00e1pida, dando prioridad a esta escuela y garantizando la seguridad de la comunidad educativa.<\/p>\n\n\n\n<p>\u201cSe han acercado a m\u00ed padres y madres de familia de varias escuelas, y esta vez me correspondi\u00f3 venir ac\u00e1. Reconozco y agradezco la pronta respuesta del Ministerio de Educaci\u00f3n y de CONRED, quienes siempre atienden nuestro llamado. Gracias a Dios, hemos logrado que se d\u00e9 prioridad a esta escuelita\u201d, expres\u00f3 la Diputada Rivera Secretaria General del Partido Nuevos Tiempos<\/p>\n\n\n\n<p>En los \u00faltimos meses ha sido notoria la intervenci\u00f3n de la congresista en la atenci\u00f3n de diferentes centros educativos del departamento de Guatemala, reafirmando su compromiso de velar por la seguridad y el bienestar de los estudiantes.<\/p>\n\n\n\n<p><a href=\"https:\/\/www.facebook.com\/hashtag\/lacomunidadmixco?__eep__=6&amp;__cft__[0]=AZXJ6EIpo4-hzCq3xEtCMlQc7bDNFVlw1KSSXAzhPnbAjVTWFAxom8zN96RRvbdYDGBu67iy2O3JtkQMCVimy74g2A1wXclMMWvz8i1e5Rizz7aCgxUPtopOVPUGC-XJlNgCcFPW-WPcqiX063nnwCM3KyhGYgCDsWnaBTA1WTO7wUod93qhZDeKCan0g86_X9s&amp;__tn__=*NK-R\">#LaComunidadMixco<\/a><a href=\"https:\/\/www.facebook.com\/hashtag\/metroredes?__eep__=6&amp;__cft__[0]=AZXJ6EIpo4-hzCq3xEtCMlQc7bDNFVlw1KSSXAzhPnbAjVTWFAxom8zN96RRvbdYDGBu67iy2O3JtkQMCVimy74g2A1wXclMMWvz8i1e5Rizz7aCgxUPtopOVPUGC-XJlNgCcFPW-WPcqiX063nnwCM3KyhGYgCDsWnaBTA1WTO7wUod93qhZDeKCan0g86_X9s&amp;__tn__=*NK-R\">#metroredes<\/a><a href=\"https:\/\/www.facebook.com\/hashtag\/infraestructuraescolar?__eep__=6&amp;__cft__[0]=AZXJ6EIpo4-hzCq3xEtCMlQc7bDNFVlw1KSSXAzhPnbAjVTWFAxom8zN96RRvbdYDGBu67iy2O3JtkQMCVimy74g2A1wXclMMWvz8i1e5Rizz7aCgxUPtopOVPUGC-XJlNgCcFPW-WPcqiX063nnwCM3KyhGYgCDsWnaBTA1WTO7wUod93qhZDeKCan0g86_X9s&amp;__tn__=*NK-R\">#InfraestructuraEscolar<\/a><a href=\"https:\/\/www.facebook.com\/hashtag\/congresodelarepublica?__eep__=6&amp;__cft__[0]=AZXJ6EIpo4-hzCq3xEtCMlQc7bDNFVlw1KSSXAzhPnbAjVTWFAxom8zN96RRvbdYDGBu67iy2O3JtkQMCVimy74g2A1wXclMMWvz8i1e5Rizz7aCgxUPtopOVPUGC-XJlNgCcFPW-WPcqiX063nnwCM3KyhGYgCDsWnaBTA1WTO7wUod93qhZDeKCan0g86_X9s&amp;__tn__=*NK-R\">#CongresoDeLaRepublica<\/a><a href=\"https:\/\/www.facebook.com\/hashtag\/partidonuevostiempos?__eep__=6&amp;__cft__[0]=AZXJ6EIpo4-hzCq3xEtCMlQc7bDNFVlw1KSSXAzhPnbAjVTWFAxom8zN96RRvbdYDGBu67iy2O3JtkQMCVimy74g2A1wXclMMWvz8i1e5Rizz7aCgxUPtopOVPUGC-XJlNgCcFPW-WPcqiX063nnwCM3KyhGYgCDsWnaBTA1WTO7wUod93qhZDeKCan0g86_X9s&amp;__tn__=*NK-R\">#partidonuevostiempos<\/a><\/p>\n\n\n\n<figure class=\"wp-block-gallery has-nested-images columns-default is-cropped wp-block-gallery-1 is-layout-flex wp-block-gallery-is-layout-flex\">\n<figure class=\"wp-block-image size-large\"><img loading=\"lazy\" decoding=\"async\" width=\"600\" height=\"800\" data-id=\"109734\" src=\"https:\/\/elmetropolitano.com.gt\/es\/wp-content\/uploads\/2025\/08\/535126920_1303797538412993_321410296197304377_n-1.jpg\" alt=\"\" class=\"wp-image-109734\" srcset=\"https:\/\/elmetropolitano.com.gt\/es\/wp-content\/uploads\/2025\/08\/535126920_1303797538412993_321410296197304377_n-1.jpg 600w, https:\/\/elmetropolitano.com.gt\/es\/wp-content\/uploads\/2025\/08\/535126920_1303797538412993_321410296197304377_n-1-225x300.jpg 225w\" sizes=\"auto, (max-width: 600px) 100vw, 600px\" \/><\/figure>\n\n\n\n<figure class=\"wp-block-image size-large\"><img loading=\"lazy\" decoding=\"async\" width=\"768\" height=\"1024\" data-id=\"109735\" src=\"https:\/\/elmetropolitano.com.gt\/es\/wp-content\/uploads\/2025\/08\/535504748_1303798945079519_7342080803376927688_n-3.jpg\" alt=\"\" class=\"wp-image-109735\" srcset=\"https:\/\/elmetropolitano.com.gt\/es\/wp-content\/uploads\/2025\/08\/535504748_1303798945079519_7342080803376927688_n-3.jpg 768w, https:\/\/elmetropolitano.com.gt\/es\/wp-content\/uploads\/2025\/08\/535504748_1303798945079519_7342080803376927688_n-3-225x300.jpg 225w\" sizes=\"auto, (max-width: 768px) 100vw, 768px\" \/><\/figure>\n<\/figure>\n","protected":false},"excerpt":{"rendered":"<p>La Escuela Oficial Rural Mixta Las Victorias, zona 10 de Mixco result\u00f3 afectada por los fuertes temblores ocurridos en los \u00faltimos d\u00edas, lo que gener\u00f3 preocupaci\u00f3n en los padres y madres de familia. Ante la urgencia, acudieron a la Diputada Shirley Rivera, quien realiz\u00f3 las gestiones necesarias para que la situaci\u00f3n fuera atendida de inmediato. <a class=\"read-more\" href=\"https:\/\/elmetropolitano.com.gt\/es\/escuela-las-victorias-recibe-atencion-inmediata-tras-gestiones-de-la-diputada-shirley-rivera\/\">Leer m\u00e1s<\/a><\/p>\n","protected":false},"author":1,"featured_media":109733,"comment_status":"open","ping_status":"closed","sticky":false,"template":"","format":"standard","meta":{"footnotes":""},"categories":[2],"tags":[12],"class_list":["post-109732","post","type-post","status-publish","format-standard","has-post-thumbnail","hentry","category-nacionales","tag-nacionales"],"_links":{"self":[{"href":"https:\/\/elmetropolitano.com.gt\/es\/wp-json\/wp\/v2\/posts\/109732","targetHints":{"allow":["GET"]}}],"collection":[{"href":"https:\/\/elmetropolitano.com.gt\/es\/wp-json\/wp\/v2\/posts"}],"about":[{"href":"https:\/\/elmetropolitano.com.gt\/es\/wp-json\/wp\/v2\/types\/post"}],"author":[{"embeddable":true,"href":"https:\/\/elmetropolitano.com.gt\/es\/wp-json\/wp\/v2\/users\/1"}],"replies":[{"embeddable":true,"href":"https:\/\/elmetropolitano.com.gt\/es\/wp-json\/wp\/v2\/comments?post=109732"}],"version-history":[{"count":1,"href":"https:\/\/elmetropolitano.com.gt\/es\/wp-json\/wp\/v2\/posts\/109732\/revisions"}],"predecessor-version":[{"id":109736,"href":"https:\/\/elmetropolitano.com.gt\/es\/wp-json\/wp\/v2\/posts\/109732\/revisions\/109736"}],"wp:featuredmedia":[{"embeddable":true,"href":"https:\/\/elmetropolitano.com.gt\/es\/wp-json\/wp\/v2\/media\/109733"}],"wp:attachment":[{"href":"https:\/\/elmetropolitano.com.gt\/es\/wp-json\/wp\/v2\/media?parent=109732"}],"wp:term":[{"taxonomy":"category","embeddable":true,"href":"https:\/\/elmetropolitano.com.gt\/es\/wp-json\/wp\/v2\/categories?post=109732"},{"taxonomy":"post_tag","embeddable":true,"href":"https:\/\/elmetropolitano.com.gt\/es\/wp-json\/wp\/v2\/tags?post=109732"}],"curies":[{"name":"wp","href":"https:\/\/api.w.org\/{rel}","templated":true}]}}