{"id":109737,"date":"2025-08-19T09:57:34","date_gmt":"2025-08-19T15:57:34","guid":{"rendered":"https:\/\/elmetropolitano.com.gt\/es\/?p=109737"},"modified":"2025-08-19T09:57:35","modified_gmt":"2025-08-19T15:57:35","slug":"nueva-carretera-en-escuintla-conecta-comunidades-y-genera-oportunidades","status":"publish","type":"post","link":"https:\/\/elmetropolitano.com.gt\/es\/nueva-carretera-en-escuintla-conecta-comunidades-y-genera-oportunidades\/","title":{"rendered":"Nueva carretera en Escuintla conecta comunidades y genera oportunidades"},"content":{"rendered":"\n<p><a><\/a>En Escuintla, la construcci\u00f3n de 24.6 kil\u00f3metros de carretera de concreto asf\u00e1ltico avanza para unir la intersecci\u00f3n de la RD-ESC-02 con la RD-ESC-25, atravesando los municipios de La Democracia y Puerto de San Jos\u00e9.<\/p>\n\n\n\n<p>Esta v\u00eda beneficiar\u00e1 directamente a m\u00e1s de 91 mil vecinos, con cunetas a ambos lados, se\u00f1alizaci\u00f3n y medidas ambientales que protegen el entorno.<\/p><div class=\"elmet-contenido\" id=\"elmet-897171695\"><div class=\"elmet-adlabel\">Anuncios<\/div><div style=\"margin-top: 20px;margin-right: 20px;margin-bottom: 20px;margin-left: 20px;\" id=\"elmet-1718198111\"><a href=\"https:\/\/www.facebook.com\/arrincuanantigua\/\" aria-label=\"cintillo-arrin-cual\"><img loading=\"lazy\" decoding=\"async\" src=\"https:\/\/elmetropolitano.com.gt\/es\/wp-content\/uploads\/2021\/11\/cintillo-arrin-cual-1.jpg\" alt=\"\"  srcset=\"https:\/\/elmetropolitano.com.gt\/es\/wp-content\/uploads\/2021\/11\/cintillo-arrin-cual-1.jpg 750w, https:\/\/elmetropolitano.com.gt\/es\/wp-content\/uploads\/2021\/11\/cintillo-arrin-cual-1-300x36.jpg 300w, https:\/\/elmetropolitano.com.gt\/es\/wp-content\/uploads\/2021\/11\/cintillo-arrin-cual-1-600x72.jpg 600w\" sizes=\"(max-width: 750px) 100vw, 750px\" width=\"750\" height=\"90\"   \/><\/a><\/div><\/div>\n\n\n\n<p>Gracias al Fondo Social de Solidaridad (FSS), las comunidades cuentan con apoyo t\u00e9cnico y recursos para que proyectos como este se hagan realidad.<\/p>\n\n\n\n<p>La carretera permitir\u00e1 a los agricultores transportar m\u00e1s f\u00e1cilmente sus cosechas de ma\u00edz, frijol, caf\u00e9, hule, mango y ca\u00f1a de az\u00facar. Adem\u00e1s, fomentar\u00e1 el turismo hacia las playas de la costa sur y acercar\u00e1 servicios b\u00e1sicos a las comunidades.<\/p>\n\n\n\n<p>Actualmente, se realizan trabajos de reacondicionamiento de la subrasante y conformaci\u00f3n de la base granular.<\/p>\n\n\n\n<p>Los vecinos celebran los avances. \u201cPor a\u00f1os los caminos en mal estado nos atrasaban. Ahora nuestro trabajo tendr\u00e1 m\u00e1s valor y llegaremos m\u00e1s r\u00e1pido a donde necesitamos\u201d, expres\u00f3 Manuel P\u00e9rez, agricultor de La Democracia.<\/p>\n\n\n\n<p>Esta obra demuestra que la infraestructura vial no solo une caminos, tambi\u00e9n une personas, oportunidades y desarrollo.<\/p>\n\n\n\n<p>Esto es gracias al gobierno de Bernardo Ar\u00e9valo por medio del Ministerio de Comunicaciones, Infraestructura y Vivienda (CIV) que est\u00e1 impulsando con esta obra el crecimiento econ\u00f3mico y social de la regi\u00f3n.<\/p>\n\n\n\n<p><a href=\"https:\/\/www.facebook.com\/hashtag\/civ?__eep__=6&amp;__cft__[0]=AZV4cjl8mtLHdgqwsuVMKBf0wWUW_c7qBCz_OQFfacswhrVcLV-V9oD17Mld41KWu8gGC4nktrfi1siXL5h5XXGQJzg1DHLgvnIHjnBiS9CKLaG3QnvMSEZKfV298877gU625sv8jBNHYTfXc5rnUS_bAbjKQjtBTV_1tmHUdTL9omJs4ccXVptdBBgJa8Q9ZDU&amp;__tn__=*NK-R\">#CIV<\/a><a href=\"https:\/\/www.facebook.com\/hashtag\/lademocracia?__eep__=6&amp;__cft__[0]=AZV4cjl8mtLHdgqwsuVMKBf0wWUW_c7qBCz_OQFfacswhrVcLV-V9oD17Mld41KWu8gGC4nktrfi1siXL5h5XXGQJzg1DHLgvnIHjnBiS9CKLaG3QnvMSEZKfV298877gU625sv8jBNHYTfXc5rnUS_bAbjKQjtBTV_1tmHUdTL9omJs4ccXVptdBBgJa8Q9ZDU&amp;__tn__=*NK-R\">#LaDemocracia<\/a><a href=\"https:\/\/www.facebook.com\/hashtag\/puertosanjose?__eep__=6&amp;__cft__[0]=AZV4cjl8mtLHdgqwsuVMKBf0wWUW_c7qBCz_OQFfacswhrVcLV-V9oD17Mld41KWu8gGC4nktrfi1siXL5h5XXGQJzg1DHLgvnIHjnBiS9CKLaG3QnvMSEZKfV298877gU625sv8jBNHYTfXc5rnUS_bAbjKQjtBTV_1tmHUdTL9omJs4ccXVptdBBgJa8Q9ZDU&amp;__tn__=*NK-R\">#PuertoSanJose<\/a><a href=\"https:\/\/www.facebook.com\/hashtag\/elescuintleconews?__eep__=6&amp;__cft__[0]=AZV4cjl8mtLHdgqwsuVMKBf0wWUW_c7qBCz_OQFfacswhrVcLV-V9oD17Mld41KWu8gGC4nktrfi1siXL5h5XXGQJzg1DHLgvnIHjnBiS9CKLaG3QnvMSEZKfV298877gU625sv8jBNHYTfXc5rnUS_bAbjKQjtBTV_1tmHUdTL9omJs4ccXVptdBBgJa8Q9ZDU&amp;__tn__=*NK-R\">#elescuintleconews<\/a><a href=\"https:\/\/www.facebook.com\/hashtag\/metroredes?__eep__=6&amp;__cft__[0]=AZV4cjl8mtLHdgqwsuVMKBf0wWUW_c7qBCz_OQFfacswhrVcLV-V9oD17Mld41KWu8gGC4nktrfi1siXL5h5XXGQJzg1DHLgvnIHjnBiS9CKLaG3QnvMSEZKfV298877gU625sv8jBNHYTfXc5rnUS_bAbjKQjtBTV_1tmHUdTL9omJs4ccXVptdBBgJa8Q9ZDU&amp;__tn__=*NK-R\">#metroredes<\/a><\/p>\n\n\n\n<p><a href=\"https:\/\/l.facebook.com\/l.php?u=http%3A%2F%2FWww.elescuintleco.com%2F%3Ffbclid%3DIwZXh0bgNhZW0CMTAAYnJpZBExakdiOWwyUWtBdnJEWUZDZwEesb7FHzOYGSu0lE31qYiL1V0OqiPl9Zu1K5A_Y-qS3ZhGumNRusBJ2cOd5ak_aem_OlamLEiGDb3nejuWRr-uWA&amp;h=AT0sU0GzmYQlnT7nCzKimOkEtFxS5JVBTgTr-JEf5nk5pNs7tZmuXJmJb1h1NmLd1dzjaSiepBJlEclopGIpo-hcIta5A0o3ZRt5INVBsRU8Q61wQKqxCB0gmnQ3GSRhCR4OaK-XX9EoF8s0AWBtlHfiV3cpL3Fm&amp;__tn__=-UK-R&amp;c[0]=AT148yzcKh-ubb0qAyIS4cWt76kGhcvEfoqKv_IkS3wm6yzIyvBfALRreHGofKkYS1C-aQaaVdOe_yOVGgCMoWcSWWPXcQSgpAgLwceCC51ZFW4TtZyGeJ1aCp5mTld0YzguKu7QZAKgnWMyXIQkIgOVsMs73GZZpD4Szgg9py0Oa8CBqMG5pjl29BJpM8ECdYttAi5TGfA1zLi2WinZDuZvgw\" target=\"_blank\" rel=\"noreferrer noopener\">Www.elescuintleco.com<\/a> <a href=\"https:\/\/l.facebook.com\/l.php?u=http%3A%2F%2FWww.elmetropolitano.com.gt%2F%3Ffbclid%3DIwZXh0bgNhZW0CMTAAYnJpZBExakdiOWwyUWtBdnJEWUZDZwEeKhn2WqnLxqH80xPdH56ub0rQv7Bab0sp3s10s4a4olNV71VgiKqNzbntp8s_aem_h_s9_XnqHDmfXfCQTmZD7g&amp;h=AT1WDorU1T4NUUhZ0PQMyIRIzx2N7h2AApNSUUq2fLeACz_8e7FStAUf_7dd3PS6wmEKAi1AKOsERLSX23xSHyKkkI394_zgV_oEQOP2pMXqdfLJJKfz28-pJLv1fcvuuT-7DjO5h_-iyt7EXk9USCBm4m1E3gDP&amp;__tn__=-UK-R&amp;c[0]=AT148yzcKh-ubb0qAyIS4cWt76kGhcvEfoqKv_IkS3wm6yzIyvBfALRreHGofKkYS1C-aQaaVdOe_yOVGgCMoWcSWWPXcQSgpAgLwceCC51ZFW4TtZyGeJ1aCp5mTld0YzguKu7QZAKgnWMyXIQkIgOVsMs73GZZpD4Szgg9py0Oa8CBqMG5pjl29BJpM8ECdYttAi5TGfA1zLi2WinZDuZvgw\" target=\"_blank\" rel=\"noreferrer noopener\">Www.elmetropolitano.com.gt<\/a><\/p>\n\n\n\n<figure class=\"wp-block-gallery has-nested-images columns-default is-cropped wp-block-gallery-1 is-layout-flex wp-block-gallery-is-layout-flex\">\n<figure class=\"wp-block-image size-large\"><img loading=\"lazy\" decoding=\"async\" width=\"1024\" height=\"681\" data-id=\"109740\" src=\"https:\/\/elmetropolitano.com.gt\/es\/wp-content\/uploads\/2025\/08\/534659264_1303917845067629_7442751255162836351_n-1024x681.jpg\" alt=\"\" class=\"wp-image-109740\" srcset=\"https:\/\/elmetropolitano.com.gt\/es\/wp-content\/uploads\/2025\/08\/534659264_1303917845067629_7442751255162836351_n-1024x681.jpg 1024w, https:\/\/elmetropolitano.com.gt\/es\/wp-content\/uploads\/2025\/08\/534659264_1303917845067629_7442751255162836351_n-300x200.jpg 300w, https:\/\/elmetropolitano.com.gt\/es\/wp-content\/uploads\/2025\/08\/534659264_1303917845067629_7442751255162836351_n-768x511.jpg 768w, https:\/\/elmetropolitano.com.gt\/es\/wp-content\/uploads\/2025\/08\/534659264_1303917845067629_7442751255162836351_n-1536x1021.jpg 1536w, https:\/\/elmetropolitano.com.gt\/es\/wp-content\/uploads\/2025\/08\/534659264_1303917845067629_7442751255162836351_n.jpg 1800w\" sizes=\"auto, (max-width: 1024px) 100vw, 1024px\" \/><\/figure>\n\n\n\n<figure class=\"wp-block-image size-large\"><img loading=\"lazy\" decoding=\"async\" width=\"1024\" height=\"576\" data-id=\"109739\" src=\"https:\/\/elmetropolitano.com.gt\/es\/wp-content\/uploads\/2025\/08\/534824478_1303917831734297_4784700626265662840_n-1-1024x576.jpg\" alt=\"\" class=\"wp-image-109739\" srcset=\"https:\/\/elmetropolitano.com.gt\/es\/wp-content\/uploads\/2025\/08\/534824478_1303917831734297_4784700626265662840_n-1-1024x576.jpg 1024w, https:\/\/elmetropolitano.com.gt\/es\/wp-content\/uploads\/2025\/08\/534824478_1303917831734297_4784700626265662840_n-1-300x169.jpg 300w, https:\/\/elmetropolitano.com.gt\/es\/wp-content\/uploads\/2025\/08\/534824478_1303917831734297_4784700626265662840_n-1-768x432.jpg 768w, https:\/\/elmetropolitano.com.gt\/es\/wp-content\/uploads\/2025\/08\/534824478_1303917831734297_4784700626265662840_n-1-1536x864.jpg 1536w, https:\/\/elmetropolitano.com.gt\/es\/wp-content\/uploads\/2025\/08\/534824478_1303917831734297_4784700626265662840_n-1.jpg 1800w\" sizes=\"auto, (max-width: 1024px) 100vw, 1024px\" \/><\/figure>\n\n\n\n<figure class=\"wp-block-image size-large\"><img loading=\"lazy\" decoding=\"async\" width=\"1024\" height=\"576\" data-id=\"109741\" src=\"https:\/\/elmetropolitano.com.gt\/es\/wp-content\/uploads\/2025\/08\/534844943_1303917878400959_500080493362523912_n-1024x576.jpg\" alt=\"\" class=\"wp-image-109741\" srcset=\"https:\/\/elmetropolitano.com.gt\/es\/wp-content\/uploads\/2025\/08\/534844943_1303917878400959_500080493362523912_n-1024x576.jpg 1024w, https:\/\/elmetropolitano.com.gt\/es\/wp-content\/uploads\/2025\/08\/534844943_1303917878400959_500080493362523912_n-300x169.jpg 300w, https:\/\/elmetropolitano.com.gt\/es\/wp-content\/uploads\/2025\/08\/534844943_1303917878400959_500080493362523912_n-768x432.jpg 768w, https:\/\/elmetropolitano.com.gt\/es\/wp-content\/uploads\/2025\/08\/534844943_1303917878400959_500080493362523912_n-1536x864.jpg 1536w, https:\/\/elmetropolitano.com.gt\/es\/wp-content\/uploads\/2025\/08\/534844943_1303917878400959_500080493362523912_n.jpg 1800w\" sizes=\"auto, (max-width: 1024px) 100vw, 1024px\" \/><\/figure>\n<\/figure>\n","protected":false},"excerpt":{"rendered":"<p>En Escuintla, la construcci\u00f3n de 24.6 kil\u00f3metros de carretera de concreto asf\u00e1ltico avanza para unir la intersecci\u00f3n de la RD-ESC-02 con la RD-ESC-25, atravesando los municipios de La Democracia y Puerto de San Jos\u00e9. Esta v\u00eda beneficiar\u00e1 directamente a m\u00e1s de 91 mil vecinos, con cunetas a ambos lados, se\u00f1alizaci\u00f3n y medidas ambientales que protegen <a class=\"read-more\" href=\"https:\/\/elmetropolitano.com.gt\/es\/nueva-carretera-en-escuintla-conecta-comunidades-y-genera-oportunidades\/\">Leer m\u00e1s<\/a><\/p>\n","protected":false},"author":1,"featured_media":109738,"comment_status":"open","ping_status":"closed","sticky":false,"template":"","format":"standard","meta":{"footnotes":""},"categories":[4],"tags":[13],"class_list":["post-109737","post","type-post","status-publish","format-standard","has-post-thumbnail","hentry","category-departamentales","tag-departamentales"],"_links":{"self":[{"href":"https:\/\/elmetropolitano.com.gt\/es\/wp-json\/wp\/v2\/posts\/109737","targetHints":{"allow":["GET"]}}],"collection":[{"href":"https:\/\/elmetropolitano.com.gt\/es\/wp-json\/wp\/v2\/posts"}],"about":[{"href":"https:\/\/elmetropolitano.com.gt\/es\/wp-json\/wp\/v2\/types\/post"}],"author":[{"embeddable":true,"href":"https:\/\/elmetropolitano.com.gt\/es\/wp-json\/wp\/v2\/users\/1"}],"replies":[{"embeddable":true,"href":"https:\/\/elmetropolitano.com.gt\/es\/wp-json\/wp\/v2\/comments?post=109737"}],"version-history":[{"count":1,"href":"https:\/\/elmetropolitano.com.gt\/es\/wp-json\/wp\/v2\/posts\/109737\/revisions"}],"predecessor-version":[{"id":109742,"href":"https:\/\/elmetropolitano.com.gt\/es\/wp-json\/wp\/v2\/posts\/109737\/revisions\/109742"}],"wp:featuredmedia":[{"embeddable":true,"href":"https:\/\/elmetropolitano.com.gt\/es\/wp-json\/wp\/v2\/media\/109738"}],"wp:attachment":[{"href":"https:\/\/elmetropolitano.com.gt\/es\/wp-json\/wp\/v2\/media?parent=109737"}],"wp:term":[{"taxonomy":"category","embeddable":true,"href":"https:\/\/elmetropolitano.com.gt\/es\/wp-json\/wp\/v2\/categories?post=109737"},{"taxonomy":"post_tag","embeddable":true,"href":"https:\/\/elmetropolitano.com.gt\/es\/wp-json\/wp\/v2\/tags?post=109737"}],"curies":[{"name":"wp","href":"https:\/\/api.w.org\/{rel}","templated":true}]}}