{"id":109753,"date":"2025-08-19T10:07:57","date_gmt":"2025-08-19T16:07:57","guid":{"rendered":"https:\/\/elmetropolitano.com.gt\/es\/?p=109753"},"modified":"2025-08-19T10:07:57","modified_gmt":"2025-08-19T16:07:57","slug":"accidente-vehicular-en-la-ruta-a-las-verapaces-deja-varios-heridos","status":"publish","type":"post","link":"https:\/\/elmetropolitano.com.gt\/es\/accidente-vehicular-en-la-ruta-a-las-verapaces-deja-varios-heridos\/","title":{"rendered":"Accidente vehicular en la ruta a las Verapaces deja varios heridos"},"content":{"rendered":"\n<p><a><\/a>Bomberos Municipales Departamentales de El Rancho acudieron al kil\u00f3metro 95 de la ruta a las Verapaces para atender un accidente de tr\u00e1nsito. Al llegar al lugar, se les inform\u00f3 que las personas heridas ya hab\u00edan sido trasladadas al Hospital de Guastatoya en un veh\u00edculo particular.<\/p>\n\n\n\n<p>Las v\u00edctimas fueron identificadas como Yenifer Paola Meza Garc\u00eda, de 27 a\u00f1os, quien conduc\u00eda el veh\u00edculo con placas C246BYM, y sus acompa\u00f1antes Katerin Meza, de 14 a\u00f1os, y Brandon Beltet\u00f3n, de 16.<\/p><div class=\"elmet-contenido\" id=\"elmet-1453963685\"><div class=\"elmet-adlabel\">Anuncios<\/div><div style=\"margin-top: 20px;margin-right: 20px;margin-bottom: 20px;margin-left: 20px;\" id=\"elmet-3754849874\"><a href=\"https:\/\/www.facebook.com\/arrincuanantigua\/\" aria-label=\"cintillo-arrin-cual\"><img loading=\"lazy\" decoding=\"async\" src=\"https:\/\/elmetropolitano.com.gt\/es\/wp-content\/uploads\/2021\/11\/cintillo-arrin-cual-1.jpg\" alt=\"\"  srcset=\"https:\/\/elmetropolitano.com.gt\/es\/wp-content\/uploads\/2021\/11\/cintillo-arrin-cual-1.jpg 750w, https:\/\/elmetropolitano.com.gt\/es\/wp-content\/uploads\/2021\/11\/cintillo-arrin-cual-1-300x36.jpg 300w, https:\/\/elmetropolitano.com.gt\/es\/wp-content\/uploads\/2021\/11\/cintillo-arrin-cual-1-600x72.jpg 600w\" sizes=\"(max-width: 750px) 100vw, 750px\" width=\"750\" height=\"90\"   \/><\/a><\/div><\/div>\n\n\n\n<p>Los socorristas tambi\u00e9n brindaron atenci\u00f3n a Jos\u00e9 Antonio Salazar Najarro, de 47 a\u00f1os, conductor de un veh\u00edculo de transporte pesado con placas C883BVL, quien sufri\u00f3 una crisis nerviosa y fue trasladado al mismo hospital.<\/p>\n\n\n\n<p><a href=\"https:\/\/www.facebook.com\/hashtag\/percansevial?__eep__=6&amp;__cft__[0]=AZU6PuCvgVoKdbi1ety6n66SUqrWr5NGMxhouO84W5Ln6kbLvy3ShUrWVdjfG-uUm9htmTPzftJFB0lB5OvM4MMMhM_sCsgeNtXfLJDt3fWBxyj2Ff54kLvWP5AgZZmYLPG-lO17VndxN924mlJDoPgNEh7rEG8zGUTtcqJ-Qo9hoipxkdl6mmID4Tn89OlsPYv_2S5pq_11hhLHYNPg-R4CGn6zlrIr7-kLSG1XiTF4TA&amp;__tn__=*NK-y-R\">#PercanseVial<\/a><a href=\"https:\/\/www.facebook.com\/hashtag\/bomberosmunicipalesdepartamentales?__eep__=6&amp;__cft__[0]=AZU6PuCvgVoKdbi1ety6n66SUqrWr5NGMxhouO84W5Ln6kbLvy3ShUrWVdjfG-uUm9htmTPzftJFB0lB5OvM4MMMhM_sCsgeNtXfLJDt3fWBxyj2Ff54kLvWP5AgZZmYLPG-lO17VndxN924mlJDoPgNEh7rEG8zGUTtcqJ-Qo9hoipxkdl6mmID4Tn89OlsPYv_2S5pq_11hhLHYNPg-R4CGn6zlrIr7-kLSG1XiTF4TA&amp;__tn__=*NK-y-R\">#BomberosMunicipalesDepartamentales<\/a><\/p>\n\n\n\n<figure class=\"wp-block-gallery has-nested-images columns-default is-cropped wp-block-gallery-1 is-layout-flex wp-block-gallery-is-layout-flex\">\n<figure class=\"wp-block-image size-large\"><img loading=\"lazy\" decoding=\"async\" width=\"1024\" height=\"771\" data-id=\"109757\" src=\"https:\/\/elmetropolitano.com.gt\/es\/wp-content\/uploads\/2025\/08\/534558903_1326951232770327_6855572026181440979_n-1-1024x771.jpg\" alt=\"\" class=\"wp-image-109757\" srcset=\"https:\/\/elmetropolitano.com.gt\/es\/wp-content\/uploads\/2025\/08\/534558903_1326951232770327_6855572026181440979_n-1-1024x771.jpg 1024w, https:\/\/elmetropolitano.com.gt\/es\/wp-content\/uploads\/2025\/08\/534558903_1326951232770327_6855572026181440979_n-1-300x226.jpg 300w, https:\/\/elmetropolitano.com.gt\/es\/wp-content\/uploads\/2025\/08\/534558903_1326951232770327_6855572026181440979_n-1-768x578.jpg 768w, https:\/\/elmetropolitano.com.gt\/es\/wp-content\/uploads\/2025\/08\/534558903_1326951232770327_6855572026181440979_n-1.jpg 1500w\" sizes=\"auto, (max-width: 1024px) 100vw, 1024px\" \/><\/figure>\n\n\n\n<figure class=\"wp-block-image size-large\"><img loading=\"lazy\" decoding=\"async\" width=\"1024\" height=\"771\" data-id=\"109756\" src=\"https:\/\/elmetropolitano.com.gt\/es\/wp-content\/uploads\/2025\/08\/534782398_1326951196103664_3278358012239548651_n-1024x771.jpg\" alt=\"\" class=\"wp-image-109756\" srcset=\"https:\/\/elmetropolitano.com.gt\/es\/wp-content\/uploads\/2025\/08\/534782398_1326951196103664_3278358012239548651_n-1024x771.jpg 1024w, https:\/\/elmetropolitano.com.gt\/es\/wp-content\/uploads\/2025\/08\/534782398_1326951196103664_3278358012239548651_n-300x226.jpg 300w, https:\/\/elmetropolitano.com.gt\/es\/wp-content\/uploads\/2025\/08\/534782398_1326951196103664_3278358012239548651_n-768x578.jpg 768w, https:\/\/elmetropolitano.com.gt\/es\/wp-content\/uploads\/2025\/08\/534782398_1326951196103664_3278358012239548651_n.jpg 1500w\" sizes=\"auto, (max-width: 1024px) 100vw, 1024px\" \/><\/figure>\n\n\n\n<figure class=\"wp-block-image size-large\"><img loading=\"lazy\" decoding=\"async\" width=\"1024\" height=\"771\" data-id=\"109755\" src=\"https:\/\/elmetropolitano.com.gt\/es\/wp-content\/uploads\/2025\/08\/534905024_1326951189436998_5205910898407161242_n-1024x771.jpg\" alt=\"\" class=\"wp-image-109755\" srcset=\"https:\/\/elmetropolitano.com.gt\/es\/wp-content\/uploads\/2025\/08\/534905024_1326951189436998_5205910898407161242_n-1024x771.jpg 1024w, https:\/\/elmetropolitano.com.gt\/es\/wp-content\/uploads\/2025\/08\/534905024_1326951189436998_5205910898407161242_n-300x226.jpg 300w, https:\/\/elmetropolitano.com.gt\/es\/wp-content\/uploads\/2025\/08\/534905024_1326951189436998_5205910898407161242_n-768x578.jpg 768w, https:\/\/elmetropolitano.com.gt\/es\/wp-content\/uploads\/2025\/08\/534905024_1326951189436998_5205910898407161242_n.jpg 1500w\" sizes=\"auto, (max-width: 1024px) 100vw, 1024px\" \/><\/figure>\n\n\n\n<figure class=\"wp-block-image size-large\"><img loading=\"lazy\" decoding=\"async\" width=\"1024\" height=\"771\" data-id=\"109758\" src=\"https:\/\/elmetropolitano.com.gt\/es\/wp-content\/uploads\/2025\/08\/536156787_1326951226103661_8832701882769437866_n-1024x771.jpg\" alt=\"\" class=\"wp-image-109758\" srcset=\"https:\/\/elmetropolitano.com.gt\/es\/wp-content\/uploads\/2025\/08\/536156787_1326951226103661_8832701882769437866_n-1024x771.jpg 1024w, https:\/\/elmetropolitano.com.gt\/es\/wp-content\/uploads\/2025\/08\/536156787_1326951226103661_8832701882769437866_n-300x226.jpg 300w, https:\/\/elmetropolitano.com.gt\/es\/wp-content\/uploads\/2025\/08\/536156787_1326951226103661_8832701882769437866_n-768x578.jpg 768w, https:\/\/elmetropolitano.com.gt\/es\/wp-content\/uploads\/2025\/08\/536156787_1326951226103661_8832701882769437866_n.jpg 1500w\" sizes=\"auto, (max-width: 1024px) 100vw, 1024px\" \/><\/figure>\n<\/figure>\n","protected":false},"excerpt":{"rendered":"<p>Bomberos Municipales Departamentales de El Rancho acudieron al kil\u00f3metro 95 de la ruta a las Verapaces para atender un accidente de tr\u00e1nsito. Al llegar al lugar, se les inform\u00f3 que las personas heridas ya hab\u00edan sido trasladadas al Hospital de Guastatoya en un veh\u00edculo particular. Las v\u00edctimas fueron identificadas como Yenifer Paola Meza Garc\u00eda, de <a class=\"read-more\" href=\"https:\/\/elmetropolitano.com.gt\/es\/accidente-vehicular-en-la-ruta-a-las-verapaces-deja-varios-heridos\/\">Leer m\u00e1s<\/a><\/p>\n","protected":false},"author":1,"featured_media":109754,"comment_status":"open","ping_status":"closed","sticky":false,"template":"","format":"standard","meta":{"footnotes":""},"categories":[4],"tags":[13],"class_list":["post-109753","post","type-post","status-publish","format-standard","has-post-thumbnail","hentry","category-departamentales","tag-departamentales"],"_links":{"self":[{"href":"https:\/\/elmetropolitano.com.gt\/es\/wp-json\/wp\/v2\/posts\/109753","targetHints":{"allow":["GET"]}}],"collection":[{"href":"https:\/\/elmetropolitano.com.gt\/es\/wp-json\/wp\/v2\/posts"}],"about":[{"href":"https:\/\/elmetropolitano.com.gt\/es\/wp-json\/wp\/v2\/types\/post"}],"author":[{"embeddable":true,"href":"https:\/\/elmetropolitano.com.gt\/es\/wp-json\/wp\/v2\/users\/1"}],"replies":[{"embeddable":true,"href":"https:\/\/elmetropolitano.com.gt\/es\/wp-json\/wp\/v2\/comments?post=109753"}],"version-history":[{"count":1,"href":"https:\/\/elmetropolitano.com.gt\/es\/wp-json\/wp\/v2\/posts\/109753\/revisions"}],"predecessor-version":[{"id":109759,"href":"https:\/\/elmetropolitano.com.gt\/es\/wp-json\/wp\/v2\/posts\/109753\/revisions\/109759"}],"wp:featuredmedia":[{"embeddable":true,"href":"https:\/\/elmetropolitano.com.gt\/es\/wp-json\/wp\/v2\/media\/109754"}],"wp:attachment":[{"href":"https:\/\/elmetropolitano.com.gt\/es\/wp-json\/wp\/v2\/media?parent=109753"}],"wp:term":[{"taxonomy":"category","embeddable":true,"href":"https:\/\/elmetropolitano.com.gt\/es\/wp-json\/wp\/v2\/categories?post=109753"},{"taxonomy":"post_tag","embeddable":true,"href":"https:\/\/elmetropolitano.com.gt\/es\/wp-json\/wp\/v2\/tags?post=109753"}],"curies":[{"name":"wp","href":"https:\/\/api.w.org\/{rel}","templated":true}]}}