{"id":109760,"date":"2025-08-19T10:09:47","date_gmt":"2025-08-19T16:09:47","guid":{"rendered":"https:\/\/elmetropolitano.com.gt\/es\/?p=109760"},"modified":"2025-08-19T10:09:48","modified_gmt":"2025-08-19T16:09:48","slug":"camara-del-agro-expresa-que-puerto-santo-tomas-no-puede-detenerse-ante-medidas-ilegales-de-trabajadores","status":"publish","type":"post","link":"https:\/\/elmetropolitano.com.gt\/es\/camara-del-agro-expresa-que-puerto-santo-tomas-no-puede-detenerse-ante-medidas-ilegales-de-trabajadores\/","title":{"rendered":"C\u00e1mara del Agro expresa que Puerto Santo Tom\u00e1s no puede detenerse ante medidas ilegales de trabajadores"},"content":{"rendered":"\n<p>La C\u00e1mara del Agro manifiesto la ma\u00f1ana de este martes su \u201cprofunda preocupaci\u00f3n\u201d por la interrupci\u00f3n de operaciones en el Puerto Santo Tom\u00e1s de Castilla, EMPORNAC de Izabal por medio de un comunicado de prensa indicando que esta es una infraestructura estrat\u00e9gica que moviliza cerca del 40% de la carga del pa\u00eds.<\/p>\n\n\n\n<p>Este lunes por la noche un grupo de trabajadores operativo de la Empornac suspendieron sus labores por que demandan un aumento salarial y con esta acci\u00f3n han perjudicado la econom\u00eda del Pa\u00eds .<\/p><div class=\"elmet-contenido\" id=\"elmet-4136885994\"><div class=\"elmet-adlabel\">Anuncios<\/div><div style=\"margin-top: 20px;margin-right: 20px;margin-bottom: 20px;margin-left: 20px;\" id=\"elmet-4194796775\"><a href=\"https:\/\/www.facebook.com\/arrincuanantigua\/\" aria-label=\"cintillo-arrin-cual\"><img loading=\"lazy\" decoding=\"async\" src=\"https:\/\/elmetropolitano.com.gt\/es\/wp-content\/uploads\/2021\/11\/cintillo-arrin-cual-1.jpg\" alt=\"\"  srcset=\"https:\/\/elmetropolitano.com.gt\/es\/wp-content\/uploads\/2021\/11\/cintillo-arrin-cual-1.jpg 750w, https:\/\/elmetropolitano.com.gt\/es\/wp-content\/uploads\/2021\/11\/cintillo-arrin-cual-1-300x36.jpg 300w, https:\/\/elmetropolitano.com.gt\/es\/wp-content\/uploads\/2021\/11\/cintillo-arrin-cual-1-600x72.jpg 600w\" sizes=\"(max-width: 750px) 100vw, 750px\" width=\"750\" height=\"90\"   \/><\/a><\/div><\/div>\n\n\n\n<p>\u201cLos puertos son servicios esenciales para el comercio y la econom\u00eda. Su paralizaci\u00f3n afecta gravemente a la econom\u00eda nacional y al abastecimiento esencial, encarece la log\u00edstica, da\u00f1a la confianza de los socios comerciales y pone en riesgo ingresos y<\/p>\n\n\n\n<p>empleos de los guatemaltecos\u201d expresa la c\u00e1mara del agro en un comunicado de prensa.<\/p>\n\n\n\n<p>\u201cExigimos a las autoridades correspondientes restablecer de inmediato las operaciones y garantizar la continuidad de este servicio esencial para el pa\u00eds\u201d enfatiza<\/p>\n\n\n\n<p><a href=\"https:\/\/www.facebook.com\/hashtag\/empornac?__eep__=6&amp;__cft__[0]=AZX1dGjO9Gzb-TIMwNLvpli6YNyMoQqhrNsQ3tQA-pfrlZ5nTZS-9XiitYUw0aqVvMFgj_BZs2qWh8_0zgu14hIk8e_-GLLWGTSG6q7e41FntHWdqu9YvMeW4lYxlM6uPPEjALqqemutl-z0O_oYxRiNGSixfxtrq7_f2xZRRbynjwnphhLlTFQ4K9NH3e0aDMs&amp;__tn__=*NK-R\">#EMPORNAC<\/a><a href=\"https:\/\/www.facebook.com\/hashtag\/camaradelagro?__eep__=6&amp;__cft__[0]=AZX1dGjO9Gzb-TIMwNLvpli6YNyMoQqhrNsQ3tQA-pfrlZ5nTZS-9XiitYUw0aqVvMFgj_BZs2qWh8_0zgu14hIk8e_-GLLWGTSG6q7e41FntHWdqu9YvMeW4lYxlM6uPPEjALqqemutl-z0O_oYxRiNGSixfxtrq7_f2xZRRbynjwnphhLlTFQ4K9NH3e0aDMs&amp;__tn__=*NK-R\">#camaradelagro<\/a><a href=\"https:\/\/www.facebook.com\/hashtag\/izabal?__eep__=6&amp;__cft__[0]=AZX1dGjO9Gzb-TIMwNLvpli6YNyMoQqhrNsQ3tQA-pfrlZ5nTZS-9XiitYUw0aqVvMFgj_BZs2qWh8_0zgu14hIk8e_-GLLWGTSG6q7e41FntHWdqu9YvMeW4lYxlM6uPPEjALqqemutl-z0O_oYxRiNGSixfxtrq7_f2xZRRbynjwnphhLlTFQ4K9NH3e0aDMs&amp;__tn__=*NK-R\">#Izabal<\/a><a href=\"https:\/\/www.facebook.com\/hashtag\/metroredes?__eep__=6&amp;__cft__[0]=AZX1dGjO9Gzb-TIMwNLvpli6YNyMoQqhrNsQ3tQA-pfrlZ5nTZS-9XiitYUw0aqVvMFgj_BZs2qWh8_0zgu14hIk8e_-GLLWGTSG6q7e41FntHWdqu9YvMeW4lYxlM6uPPEjALqqemutl-z0O_oYxRiNGSixfxtrq7_f2xZRRbynjwnphhLlTFQ4K9NH3e0aDMs&amp;__tn__=*NK-R\">#metroredes<\/a><a href=\"https:\/\/www.facebook.com\/hashtag\/laprensadeizabal?__eep__=6&amp;__cft__[0]=AZX1dGjO9Gzb-TIMwNLvpli6YNyMoQqhrNsQ3tQA-pfrlZ5nTZS-9XiitYUw0aqVvMFgj_BZs2qWh8_0zgu14hIk8e_-GLLWGTSG6q7e41FntHWdqu9YvMeW4lYxlM6uPPEjALqqemutl-z0O_oYxRiNGSixfxtrq7_f2xZRRbynjwnphhLlTFQ4K9NH3e0aDMs&amp;__tn__=*NK-R\">#laprensadeizabal<\/a><\/p>\n\n\n\n<figure class=\"wp-block-gallery has-nested-images columns-default is-cropped wp-block-gallery-1 is-layout-flex wp-block-gallery-is-layout-flex\">\n<figure class=\"wp-block-image size-large\"><img loading=\"lazy\" decoding=\"async\" width=\"1024\" height=\"768\" data-id=\"109762\" src=\"https:\/\/elmetropolitano.com.gt\/es\/wp-content\/uploads\/2025\/08\/533633074_1304208381705242_1469145967130117663_n-1-1024x768.jpg\" alt=\"\" class=\"wp-image-109762\" srcset=\"https:\/\/elmetropolitano.com.gt\/es\/wp-content\/uploads\/2025\/08\/533633074_1304208381705242_1469145967130117663_n-1-1024x768.jpg 1024w, https:\/\/elmetropolitano.com.gt\/es\/wp-content\/uploads\/2025\/08\/533633074_1304208381705242_1469145967130117663_n-1-300x225.jpg 300w, https:\/\/elmetropolitano.com.gt\/es\/wp-content\/uploads\/2025\/08\/533633074_1304208381705242_1469145967130117663_n-1-768x576.jpg 768w, https:\/\/elmetropolitano.com.gt\/es\/wp-content\/uploads\/2025\/08\/533633074_1304208381705242_1469145967130117663_n-1.jpg 1280w\" sizes=\"auto, (max-width: 1024px) 100vw, 1024px\" \/><\/figure>\n\n\n\n<figure class=\"wp-block-image size-large\"><img loading=\"lazy\" decoding=\"async\" width=\"904\" height=\"1024\" data-id=\"109763\" src=\"https:\/\/elmetropolitano.com.gt\/es\/wp-content\/uploads\/2025\/08\/534768951_1304208385038575_7302333096646915606_n.jpg\" alt=\"\" class=\"wp-image-109763\" srcset=\"https:\/\/elmetropolitano.com.gt\/es\/wp-content\/uploads\/2025\/08\/534768951_1304208385038575_7302333096646915606_n.jpg 904w, https:\/\/elmetropolitano.com.gt\/es\/wp-content\/uploads\/2025\/08\/534768951_1304208385038575_7302333096646915606_n-265x300.jpg 265w, https:\/\/elmetropolitano.com.gt\/es\/wp-content\/uploads\/2025\/08\/534768951_1304208385038575_7302333096646915606_n-768x870.jpg 768w\" sizes=\"auto, (max-width: 904px) 100vw, 904px\" \/><\/figure>\n<\/figure>\n","protected":false},"excerpt":{"rendered":"<p>La C\u00e1mara del Agro manifiesto la ma\u00f1ana de este martes su \u201cprofunda preocupaci\u00f3n\u201d por la interrupci\u00f3n de operaciones en el Puerto Santo Tom\u00e1s de Castilla, EMPORNAC de Izabal por medio de un comunicado de prensa indicando que esta es una infraestructura estrat\u00e9gica que moviliza cerca del 40% de la carga del pa\u00eds. Este lunes por <a class=\"read-more\" href=\"https:\/\/elmetropolitano.com.gt\/es\/camara-del-agro-expresa-que-puerto-santo-tomas-no-puede-detenerse-ante-medidas-ilegales-de-trabajadores\/\">Leer m\u00e1s<\/a><\/p>\n","protected":false},"author":1,"featured_media":109761,"comment_status":"open","ping_status":"closed","sticky":false,"template":"","format":"standard","meta":{"footnotes":""},"categories":[4],"tags":[13],"class_list":["post-109760","post","type-post","status-publish","format-standard","has-post-thumbnail","hentry","category-departamentales","tag-departamentales"],"_links":{"self":[{"href":"https:\/\/elmetropolitano.com.gt\/es\/wp-json\/wp\/v2\/posts\/109760","targetHints":{"allow":["GET"]}}],"collection":[{"href":"https:\/\/elmetropolitano.com.gt\/es\/wp-json\/wp\/v2\/posts"}],"about":[{"href":"https:\/\/elmetropolitano.com.gt\/es\/wp-json\/wp\/v2\/types\/post"}],"author":[{"embeddable":true,"href":"https:\/\/elmetropolitano.com.gt\/es\/wp-json\/wp\/v2\/users\/1"}],"replies":[{"embeddable":true,"href":"https:\/\/elmetropolitano.com.gt\/es\/wp-json\/wp\/v2\/comments?post=109760"}],"version-history":[{"count":1,"href":"https:\/\/elmetropolitano.com.gt\/es\/wp-json\/wp\/v2\/posts\/109760\/revisions"}],"predecessor-version":[{"id":109764,"href":"https:\/\/elmetropolitano.com.gt\/es\/wp-json\/wp\/v2\/posts\/109760\/revisions\/109764"}],"wp:featuredmedia":[{"embeddable":true,"href":"https:\/\/elmetropolitano.com.gt\/es\/wp-json\/wp\/v2\/media\/109761"}],"wp:attachment":[{"href":"https:\/\/elmetropolitano.com.gt\/es\/wp-json\/wp\/v2\/media?parent=109760"}],"wp:term":[{"taxonomy":"category","embeddable":true,"href":"https:\/\/elmetropolitano.com.gt\/es\/wp-json\/wp\/v2\/categories?post=109760"},{"taxonomy":"post_tag","embeddable":true,"href":"https:\/\/elmetropolitano.com.gt\/es\/wp-json\/wp\/v2\/tags?post=109760"}],"curies":[{"name":"wp","href":"https:\/\/api.w.org\/{rel}","templated":true}]}}